{"id":4915,"date":"2021-06-05T13:37:29","date_gmt":"2021-06-05T16:37:29","guid":{"rendered":"https:\/\/radiorevelacionfm.cl\/?p=4915"},"modified":"2021-06-05T13:44:52","modified_gmt":"2021-06-05T16:44:52","slug":"en-el-dia-mundial-del-medio-ambiente-pdi-realiza-llamado-a-denunciar-delitos-de-contaminacion","status":"publish","type":"post","link":"https:\/\/radiorevelacionfm.cl\/?p=4915","title":{"rendered":"En el D\u00eda mundial del medio ambiente PDI realiza llamado a denunciar delitos de contaminaci\u00f3n"},"content":{"rendered":"<div class=\"flex_column av_one_full  flex_column_div av-zero-column-padding first  avia-builder-el-0  el_before_av_one_full  avia-builder-el-first  \" style='border-radius:0px; '><div  class='avia-image-container  av-styling-    avia-builder-el-1  avia-builder-el-no-sibling  avia-align-center '  itemprop=\"image\" itemscope=\"itemscope\" itemtype=\"https:\/\/schema.org\/ImageObject\"  ><div class='avia-image-container-inner'><div class='avia-image-overlay-wrap'><img decoding=\"async\" class='wp-image-4934 avia-img-lazy-loading-not-4934 avia_image' src=\"https:\/\/radiorevelacionfm.cl\/wp-content\/uploads\/2021\/06\/bidema-servicio-especial-tortel-1_optimized.jpeg\" alt='' title='bidema-servicio-especial---tortel-(1)_optimized' height=\"600\" width=\"929\"  itemprop=\"thumbnailUrl\" srcset=\"https:\/\/radiorevelacionfm.cl\/wp-content\/uploads\/2021\/06\/bidema-servicio-especial-tortel-1_optimized.jpeg 929w, https:\/\/radiorevelacionfm.cl\/wp-content\/uploads\/2021\/06\/bidema-servicio-especial-tortel-1_optimized-300x194.jpeg 300w, https:\/\/radiorevelacionfm.cl\/wp-content\/uploads\/2021\/06\/bidema-servicio-especial-tortel-1_optimized-768x496.jpeg 768w, https:\/\/radiorevelacionfm.cl\/wp-content\/uploads\/2021\/06\/bidema-servicio-especial-tortel-1_optimized-705x455.jpeg 705w, https:\/\/radiorevelacionfm.cl\/wp-content\/uploads\/2021\/06\/bidema-servicio-especial-tortel-1_optimized-600x388.jpeg 600w\" sizes=\"(max-width: 929px) 100vw, 929px\" \/><\/div><\/div><\/div><\/div><div class=\"flex_column av_one_full  flex_column_div av-zero-column-padding first  avia-builder-el-2  el_after_av_one_full  el_before_av_one_full  column-top-margin\" style='border-radius:0px; '><section class=\"av_textblock_section \"  itemscope=\"itemscope\" itemtype=\"https:\/\/schema.org\/BlogPosting\" itemprop=\"blogPost\" ><div class='avia_textblock  '   itemprop=\"text\" ><p style=\"text-align: center;\"><strong><span style=\"font-size: 18pt;\">En el D\u00eda mundial del medio ambiente PDI realiza llamado a denunciar delitos de contaminaci\u00f3n<\/span><\/strong><\/p>\n<div id=\"gtx-trans\" style=\"position: absolute; left: -50px; top: 4.31534px;\">\n<div class=\"gtx-trans-icon\"><\/div>\n<\/div>\n<\/div><\/section><\/div><\/p>\n<div class=\"flex_column av_one_full  flex_column_div av-zero-column-padding first  avia-builder-el-4  el_after_av_one_full  el_before_av_hr  column-top-margin\" style='border-radius:0px; '><section class=\"av_textblock_section \"  itemscope=\"itemscope\" itemtype=\"https:\/\/schema.org\/BlogPosting\" itemprop=\"blogPost\" ><div class='avia_textblock  '   itemprop=\"text\" ><p style=\"text-align: justify;\">En el contexto del D\u00eda Mundial del Medio Ambiente que se conmemora cada 5 de junio para sensibilizar a la poblaci\u00f3n mundial acerca de la importancia de cuidar nuestros ecosistemas y fomentar el respeto al medio ambiente, y en el marco del 88\u00b0 Aniversario de la Polic\u00eda de Investigaciones de Chile, la Brigada Investigadora de Delitos del Medio Ambiente y Patrimonio Cultural Ays\u00e9n realiza un balance sobre su gesti\u00f3n y llama a denunciar todo tipo de contaminaci\u00f3n ambiental.<\/p>\n<p style=\"text-align: justify;\">Cabe se\u00f1alar que la PDI integr\u00f3 en el a\u00f1o 2002 las especialidades de medio ambiente y patrimonio cultural para dar respuesta a la diversidad de delitos en esta \u00e1rea, no obstante, en 2007 se cre\u00f3 la Brigada Investigadora de Delitos del Medio Ambiente y Patrimonio Cultural Ays\u00e9n, unidad encargada de investigar delitos contra la biodiversidad y el patrimonio cultural en las jurisdicciones de las regiones de Ays\u00e9n del General Carlos Ib\u00e1\u00f1ez del Campo y Magallanes y de la Ant\u00e1rtica Chilena.<\/p>\n<p style=\"text-align: justify;\">El jefe de la BIDEMA Ays\u00e9n, comisario Claudio Reyes, indic\u00f3 que la unidad especializada \u201ccontempla la investigaci\u00f3n de todos los hechos que involucren al medio ambiente, sancionados por el C\u00f3digo Penal, la Ley de Pesca y Acuicultura, la Ley de Bosques y de Recuperaci\u00f3n del Bosque Nativo, la Ley de Caza y su Reglamento y la Ley de Monumentos Nacionales que son los cuerpos legales que sustentan todas las investigaciones que realiza la BIDEMA\u201d.<\/p>\n<p style=\"text-align: justify;\">En cuanto a los hechos de contaminaci\u00f3n, \u201cla BIDEMA Ays\u00e9n ha recibido decretos sobre los delitos de arrojar basura o desechos en playas, parques nacionales u otros, contaminaci\u00f3n ambiental e infracci\u00f3n por contaminaci\u00f3n contemplado en la Ley de Pesca\u201d, agreg\u00f3 el comisario Reyes. Este \u00faltimo delito se\u00f1ala que se sanciona al que introdujere o mandare introducir en el mar, r\u00edos, lagos o cualquier otro cuerpo de agua, agentes contaminantes qu\u00edmicos, biol\u00f3gicos o f\u00edsicos que causen da\u00f1o a los recursos hidrobiol\u00f3gicos, sin que previamente hayan sido neutralizados para evitar tales da\u00f1os. Si se procediere con dolo, adem\u00e1s de la multa, se aplicar\u00e1 presidio menor en su grado m\u00ednimo. En ese sentido, cuando existe contaminaci\u00f3n de las aguas, representando un riesgo a la salud de la poblaci\u00f3n o el medio ambiente, interviene el trabajo especializado de la BIDEMA.<\/p>\n<p style=\"text-align: justify;\">Sobre el delito de infracci\u00f3n por contaminaci\u00f3n contemplado en la Ley de Pesca y Acuicultura, la BIDEMA Ays\u00e9n recibi\u00f3 13 decretos durante el a\u00f1o 2019, 10 decretos durante el a\u00f1o 2020, y en lo que va de corrido del 2021 ha recibido 5 decretos, entre denuncias, instrucciones particulares y \u00f3rdenes de investigar sobre estos hechos.<\/p>\n<p style=\"text-align: justify;\">Al respecto, el jefe de la unidad especializada, comisario Claudio Reyes, record\u00f3 que \u201ca principios de este a\u00f1o una denuncia ciudadana nos alert\u00f3 sobre una posible contaminaci\u00f3n en playa Medialuna de Puerto Cisnes\u201d, enfatizando en la importancia que la ciudadan\u00eda sea parte del trabajo investigativo, \u201cgracias a los antecedentes y a todo lo que nos aport\u00f3 la ciudadan\u00eda pudimos realizar las indagatorias y trabajo en el sitio de suceso\u201d, se\u00f1al\u00f3.<\/p>\n<p style=\"text-align: justify;\">Del mismo modo, el jefe de la unidad especializada inform\u00f3 que \u201cactualmente nuestra brigada se encuentra inserta en distintas mesas de trabajo interinstitucionales para realizar fiscalizaciones conjuntas entre distintos organismos para enfrentar focos de riesgo\u201d, la participaci\u00f3n de la BIDEMA consiste en verificar posibles focos de contaminaci\u00f3n para evitar riesgos de desastres medioambientales.<\/p>\n<p style=\"text-align: justify;\">El comisario Claudio Reyes record\u00f3 que \u201clos delitos medioambientales corresponden a aquellos hechos que intencionalmente, en forma accidental o negligente, producen como consecuencia la destrucci\u00f3n o deterioro de ciertos sistemas naturales, especies animales o vegetales que est\u00e1n protegidas\u201d, considerando delitos como la tala ilegal de \u00e1rboles, el maltrato animal, contaminaci\u00f3n de agua y aire por desechos, part\u00edculas o derrames, incendios forestales, caza y comercializaci\u00f3n de especies prohibidas, contrabando de especies ex\u00f3ticas, contra la ley de bosque nativo, entre otros delitos. \u201cEn este tipo de hechos la brigada mantiene diferentes investigaciones en curso\u201d, puntualiz\u00f3 el jefe de la unidad.<\/p>\n<p style=\"text-align: justify;\">Finalmente, el comisario Reyes enfatiz\u00f3 que \u201cante el conocimiento de alg\u00fan antecedente sobre delitos medioambientales que pongan en riesgo la biodiversidad, la salud p\u00fablica y los ecosistemas, las personas deben acercarse a la PDI a trav\u00e9s del nivel de emergencia 134 o del correo electr\u00f3nico (<a href=\"mailto:bidema.pay@investigaciones.cl\">bidema.pay@investigaciones.cl<\/a>) para hacer las denuncias y obtener resultados favorables en este tipo de hechos\u201d, lo que permitir\u00e1 informar al Ministerio P\u00fablico para iniciar investigaciones y esclarecer los acontecimientos.<\/p>\n<\/div><\/section><\/div>\n<div  style='height:50px' class='hr hr-invisible   avia-builder-el-6  el_after_av_one_full  el_before_av_social_share '><span class='hr-inner ' ><span class='hr-inner-style'><\/span><\/span><\/div>\n<div  class='av-social-sharing-box  avia-builder-el-7  el_after_av_hr  el_before_av_hr  '><div class='av-share-box'><h5 class='av-share-link-description av-no-toc '>Compartir esta noticia<\/h5><ul class='av-share-box-list noLightbox'><li class='av-share-link av-social-link-facebook' ><a target=\"_blank\" aria-label=\"Compartir en Facebook\" href='https:\/\/www.facebook.com\/sharer.php?u=https:\/\/radiorevelacionfm.cl\/?p=4915&#038;t=En%20el%20D%C3%ADa%20mundial%20del%20medio%20ambiente%20PDI%20realiza%20llamado%20a%20denunciar%20delitos%20de%20contaminaci%C3%B3n' aria-hidden='false' data-av_icon='\ue8f3' data-av_iconfont='entypo-fontello' title='' data-avia-related-tooltip='Compartir en Facebook' rel=\"noopener\"><span class='avia_hidden_link_text'>Compartir en Facebook<\/span><\/a><\/li><li class='av-share-link av-social-link-twitter' ><a target=\"_blank\" aria-label=\"Compartir en Twitter\" href='https:\/\/twitter.com\/share?text=En%20el%20D%C3%ADa%20mundial%20del%20medio%20ambiente%20PDI%20realiza%20llamado%20a%20denunciar%20delitos%20de%20contaminaci%C3%B3n&#038;url=https:\/\/radiorevelacionfm.cl\/?p=4915' aria-hidden='false' data-av_icon='\ue8f1' data-av_iconfont='entypo-fontello' title='' data-avia-related-tooltip='Compartir en Twitter' rel=\"noopener\"><span class='avia_hidden_link_text'>Compartir en Twitter<\/span><\/a><\/li><li class='av-share-link av-social-link-whatsapp' ><a target=\"_blank\" aria-label=\"Compartir en Whatsapp\" href='https:\/\/api.whatsapp.com\/send?text=https:\/\/radiorevelacionfm.cl\/?p=4915' aria-hidden='false' data-av_icon='\uf232' data-av_iconfont='entypo-fontello' title='' data-avia-related-tooltip='Compartir en Whatsapp' rel=\"noopener\"><span class='avia_hidden_link_text'>Compartir en Whatsapp<\/span><\/a><\/li><li class='av-share-link av-social-link-linkedin' ><a target=\"_blank\" aria-label=\"Compartir en LinkedIn\" href='https:\/\/linkedin.com\/shareArticle?mini=true&#038;title=En%20el%20D%C3%ADa%20mundial%20del%20medio%20ambiente%20PDI%20realiza%20llamado%20a%20denunciar%20delitos%20de%20contaminaci%C3%B3n&#038;url=https:\/\/radiorevelacionfm.cl\/?p=4915' aria-hidden='false' data-av_icon='\ue8fc' data-av_iconfont='entypo-fontello' title='' data-avia-related-tooltip='Compartir en LinkedIn' rel=\"noopener\"><span class='avia_hidden_link_text'>Compartir en LinkedIn<\/span><\/a><\/li><li class='av-share-link av-social-link-mail' ><a  aria-label=\"Compartir por correo\" href='mailto:?subject=En%20el%20D%C3%ADa%20mundial%20del%20medio%20ambiente%20PDI%20realiza%20llamado%20a%20denunciar%20delitos%20de%20contaminaci%C3%B3n&#038;body=https:\/\/radiorevelacionfm.cl\/?p=4915' aria-hidden='false' data-av_icon='\ue805' data-av_iconfont='entypo-fontello' title='' data-avia-related-tooltip='Compartir por correo'><span class='avia_hidden_link_text'>Compartir por correo<\/span><\/a><\/li><\/ul><\/div><\/div>\n<div  style='height:50px' class='hr hr-invisible   avia-builder-el-8  el_after_av_social_share  el_before_av_comments_list '><span class='hr-inner ' ><span class='hr-inner-style'><\/span><\/span><\/div>\n<div  class='av-buildercomment  av-blog-meta-html-info-disabled av-blog-meta-tag-disabled  '><\/div>\n","protected":false},"excerpt":{"rendered":"","protected":false},"author":1,"featured_media":4934,"comment_status":"open","ping_status":"open","sticky":false,"template":"","format":"standard","meta":{"footnotes":""},"categories":[39],"tags":[],"class_list":["post-4915","post","type-post","status-publish","format-standard","has-post-thumbnail","hentry","category-medio-ambiente"],"jetpack_featured_media_url":"https:\/\/radiorevelacionfm.cl\/wp-content\/uploads\/2021\/06\/bidema-servicio-especial-tortel-1_optimized.jpeg","_links":{"self":[{"href":"https:\/\/radiorevelacionfm.cl\/index.php?rest_route=\/wp\/v2\/posts\/4915","targetHints":{"allow":["GET"]}}],"collection":[{"href":"https:\/\/radiorevelacionfm.cl\/index.php?rest_route=\/wp\/v2\/posts"}],"about":[{"href":"https:\/\/radiorevelacionfm.cl\/index.php?rest_route=\/wp\/v2\/types\/post"}],"author":[{"embeddable":true,"href":"https:\/\/radiorevelacionfm.cl\/index.php?rest_route=\/wp\/v2\/users\/1"}],"replies":[{"embeddable":true,"href":"https:\/\/radiorevelacionfm.cl\/index.php?rest_route=%2Fwp%2Fv2%2Fcomments&post=4915"}],"version-history":[{"count":5,"href":"https:\/\/radiorevelacionfm.cl\/index.php?rest_route=\/wp\/v2\/posts\/4915\/revisions"}],"predecessor-version":[{"id":4936,"href":"https:\/\/radiorevelacionfm.cl\/index.php?rest_route=\/wp\/v2\/posts\/4915\/revisions\/4936"}],"wp:featuredmedia":[{"embeddable":true,"href":"https:\/\/radiorevelacionfm.cl\/index.php?rest_route=\/wp\/v2\/media\/4934"}],"wp:attachment":[{"href":"https:\/\/radiorevelacionfm.cl\/index.php?rest_route=%2Fwp%2Fv2%2Fmedia&parent=4915"}],"wp:term":[{"taxonomy":"category","embeddable":true,"href":"https:\/\/radiorevelacionfm.cl\/index.php?rest_route=%2Fwp%2Fv2%2Fcategories&post=4915"},{"taxonomy":"post_tag","embeddable":true,"href":"https:\/\/radiorevelacionfm.cl\/index.php?rest_route=%2Fwp%2Fv2%2Ftags&post=4915"}],"curies":[{"name":"wp","href":"https:\/\/api.w.org\/{rel}","templated":true}]}}