{"id":49133,"date":"2024-12-24T11:13:47","date_gmt":"2024-12-24T14:13:47","guid":{"rendered":"https:\/\/radiorevelacionfm.cl\/?p=49133"},"modified":"2024-12-24T11:13:47","modified_gmt":"2024-12-24T14:13:47","slug":"capacitan-a-funcionarios-as-del-sector-justicia-en-lenguaje-inclusivo-no-sexista","status":"publish","type":"post","link":"https:\/\/radiorevelacionfm.cl\/?p=49133","title":{"rendered":"Capacitan a funcionarios\/as del sector Justicia en lenguaje inclusivo no sexista"},"content":{"rendered":"<div class=\"flex_column av_one_full  flex_column_div av-zero-column-padding first  avia-builder-el-0  el_before_av_one_full  avia-builder-el-first  \" style='border-radius:0px; '><div  class='avia-image-container  av-styling-    avia-builder-el-1  avia-builder-el-no-sibling  avia-align-center '  itemprop=\"image\" itemscope=\"itemscope\" itemtype=\"https:\/\/schema.org\/ImageObject\"  ><div class='avia-image-container-inner'><div class='avia-image-overlay-wrap'><img decoding=\"async\" class='wp-image-49134 avia-img-lazy-loading-not-49134 avia_image' src=\"https:\/\/radiorevelacionfm.cl\/wp-content\/uploads\/2024\/12\/capacitacion-genero-2-1-1.jpg\" alt='' title='capacitacion genero 2 (1) (1)' height=\"600\" width=\"800\"  itemprop=\"thumbnailUrl\" srcset=\"https:\/\/radiorevelacionfm.cl\/wp-content\/uploads\/2024\/12\/capacitacion-genero-2-1-1.jpg 800w, https:\/\/radiorevelacionfm.cl\/wp-content\/uploads\/2024\/12\/capacitacion-genero-2-1-1-300x225.jpg 300w, https:\/\/radiorevelacionfm.cl\/wp-content\/uploads\/2024\/12\/capacitacion-genero-2-1-1-768x576.jpg 768w, https:\/\/radiorevelacionfm.cl\/wp-content\/uploads\/2024\/12\/capacitacion-genero-2-1-1-705x529.jpg 705w, https:\/\/radiorevelacionfm.cl\/wp-content\/uploads\/2024\/12\/capacitacion-genero-2-1-1-450x338.jpg 450w, https:\/\/radiorevelacionfm.cl\/wp-content\/uploads\/2024\/12\/capacitacion-genero-2-1-1-600x450.jpg 600w\" sizes=\"(max-width: 800px) 100vw, 800px\" \/><\/div><\/div><\/div><\/div><div class=\"flex_column av_one_full  flex_column_div av-zero-column-padding first  avia-builder-el-2  el_after_av_one_full  el_before_av_one_full  column-top-margin\" style='border-radius:0px; '><section class=\"av_textblock_section \"  itemscope=\"itemscope\" itemtype=\"https:\/\/schema.org\/BlogPosting\" itemprop=\"blogPost\" ><div class='avia_textblock  '   itemprop=\"text\" ><p style=\"text-align: center;\"><strong><span style=\"font-size: 18pt;\">Capacitan a funcionarios\/as del sector Justicia en lenguaje inclusivo no sexista <\/span><\/strong><\/p>\n<div id=\"gtx-trans\" style=\"position: absolute; left: -50px; top: 4.31534px;\">\n<div class=\"gtx-trans-icon\"><\/div>\n<\/div>\n<\/div><\/section><\/div><div class=\"flex_column av_one_full  flex_column_div av-zero-column-padding first  avia-builder-el-4  el_after_av_one_full  el_before_av_hr  column-top-margin\" style='border-radius:0px; '><section class=\"av_textblock_section \"  itemscope=\"itemscope\" itemtype=\"https:\/\/schema.org\/BlogPosting\" itemprop=\"blogPost\" ><div class='avia_textblock  '   itemprop=\"text\" ><p style=\"text-align: justify;\">Recientemente en dependencias del servicio nacional de la Mujer y Equidad de G\u00e9nero se llev\u00f3 a cabo una capacitaci\u00f3n denominada \u201cLenguaje inclusivo y no sexista\u201d dirigido a funcionarios y funcionarias del sector Justicia, actividad enmarcada en el trabajo de capacitaci\u00f3n y actualizaci\u00f3n en el contexto de la pol\u00edtica de transversalizaci\u00f3n de enfoque de g\u00e9nero de la seremi de Justicia y Derechos Humanos, en conjunto con profesionales de la seremi de la Mujer y Equidad de G\u00e9nero.<\/p>\n<p style=\"text-align: justify;\">La iniciativa ten\u00eda como objetivo capacitar a las encargadas y los encargados de g\u00e9nero, adem\u00e1s de personal que se desempe\u00f1a en atenci\u00f3n de p\u00fablico, dependientes del sector Justicia, en la utilizaci\u00f3n de un lenguaje inclusivo en cuanto al g\u00e9\u00adnero, permitiendo \u00a0incorporar los conceptos como una herramienta relevante para avanzar en la igualdad de hombres y mujeres, el respeto de todas las personas independiente de su orientaci\u00f3n sexual o identidad de g\u00e9nero y el combate de los estereotipos y prejuicios de g\u00e9nero, para beneficio de toda la sociedad.<\/p>\n<p style=\"text-align: justify;\">Respecto a la capacitaci\u00f3n, el seremi de Justicia y Derechos Humanos, Samuel Navarro Castro explic\u00f3 que \u201cdesarrollamos esta actividad para todos los funcionarios de nuestros servicios dependientes y relacionados, y que implic\u00f3 una capacitaci\u00f3n en el uso del lenguaje inclusivo, el lenguaje que no est\u00e9 bajo los c\u00f3digos de los estereotipos respecto a las funciones, labores y actuaciones que debe tenerse para una mejor atenci\u00f3n de p\u00fablico, fue una jornada muy provechosa que nos permite completar la planificaci\u00f3n prevista para este a\u00f1o 2024 y continuar profundizando una mejor atenci\u00f3n y una justicia m\u00e1s cercana e inclusiva para el a\u00f1o 2025 en conjunto con todos los servicios dependientes de la cartera de Justicia\u201d.<\/p>\n<p style=\"text-align: justify;\">En tanto, la seremi de la Mujer y la Equidad de G\u00e9nero, Isidora Gacit\u00faa Goles indic\u00f3 que \u201cestamos muy contentas de reforzar el trabajo intersectorial en materias que son tan relevantes para avanzar en equidad de g\u00e9nero. En esta oportunidad coordinamos la realizaci\u00f3n de un taller sobre \u201cLenguaje Inclusivo\u201d, el que facilita la visibilizaci\u00f3n de las mujeres y las diversidades en las distintas expresiones del lenguaje, el que debe ser respetuoso y libre de estereotipos de g\u00e9nero\u201d.<\/p>\n<p style=\"text-align: justify;\">Finalmente, cabe precisar que, a trav\u00e9s de la presentaci\u00f3n de ideas pr\u00e1cticas, los funcionarios y funcionarias conocieron diversas estrategias que permiten comunicar de manera inclusiva desde el enfoque de g\u00e9nero, as\u00ed tambi\u00e9n tomar conciencia de las m\u00faltiples situaciones en que discriminamos a trav\u00e9s del lenguaje y donde instancias de capacitaci\u00f3n como \u00e9stas son un instrumento muy valioso para poder revertir este tipo de situaciones tanto nuestro \u00e1mbito laboral como dom\u00e9stico.<\/p>\n<\/div><\/section><\/div><div  style='height:50px' class='hr hr-invisible   avia-builder-el-6  el_after_av_one_full  el_before_av_social_share '><span class='hr-inner ' ><span class='hr-inner-style'><\/span><\/span><\/div><\/p>\n<div  class='av-social-sharing-box  avia-builder-el-7  el_after_av_hr  el_before_av_hr  '><div class='av-share-box'><h5 class='av-share-link-description av-no-toc '>Compartir esta noticia<\/h5><ul class='av-share-box-list noLightbox'><li class='av-share-link av-social-link-facebook' ><a target=\"_blank\" aria-label=\"Compartir en Facebook\" href='https:\/\/www.facebook.com\/sharer.php?u=https:\/\/radiorevelacionfm.cl\/?p=49133&#038;t=Capacitan%20a%20funcionarios%2Fas%20del%20sector%20Justicia%20en%20lenguaje%20inclusivo%20no%20sexista' aria-hidden='false' data-av_icon='\ue8f3' data-av_iconfont='entypo-fontello' title='' data-avia-related-tooltip='Compartir en Facebook' rel=\"noopener\"><span class='avia_hidden_link_text'>Compartir en Facebook<\/span><\/a><\/li><li class='av-share-link av-social-link-twitter' ><a target=\"_blank\" aria-label=\"Compartir en Twitter\" href='https:\/\/twitter.com\/share?text=Capacitan%20a%20funcionarios%2Fas%20del%20sector%20Justicia%20en%20lenguaje%20inclusivo%20no%20sexista&#038;url=https:\/\/radiorevelacionfm.cl\/?p=49133' aria-hidden='false' data-av_icon='\ue8f1' data-av_iconfont='entypo-fontello' title='' data-avia-related-tooltip='Compartir en Twitter' rel=\"noopener\"><span class='avia_hidden_link_text'>Compartir en Twitter<\/span><\/a><\/li><li class='av-share-link av-social-link-whatsapp' ><a target=\"_blank\" aria-label=\"Compartir en Whatsapp\" href='https:\/\/api.whatsapp.com\/send?text=https:\/\/radiorevelacionfm.cl\/?p=49133' aria-hidden='false' data-av_icon='\uf232' data-av_iconfont='entypo-fontello' title='' data-avia-related-tooltip='Compartir en Whatsapp' rel=\"noopener\"><span class='avia_hidden_link_text'>Compartir en Whatsapp<\/span><\/a><\/li><li class='av-share-link av-social-link-linkedin' ><a target=\"_blank\" aria-label=\"Compartir en LinkedIn\" href='https:\/\/linkedin.com\/shareArticle?mini=true&#038;title=Capacitan%20a%20funcionarios%2Fas%20del%20sector%20Justicia%20en%20lenguaje%20inclusivo%20no%20sexista&#038;url=https:\/\/radiorevelacionfm.cl\/?p=49133' aria-hidden='false' data-av_icon='\ue8fc' data-av_iconfont='entypo-fontello' title='' data-avia-related-tooltip='Compartir en LinkedIn' rel=\"noopener\"><span class='avia_hidden_link_text'>Compartir en LinkedIn<\/span><\/a><\/li><li class='av-share-link av-social-link-mail' ><a  aria-label=\"Compartir por correo\" href='mailto:?subject=Capacitan%20a%20funcionarios%2Fas%20del%20sector%20Justicia%20en%20lenguaje%20inclusivo%20no%20sexista&#038;body=https:\/\/radiorevelacionfm.cl\/?p=49133' aria-hidden='false' data-av_icon='\ue805' data-av_iconfont='entypo-fontello' title='' data-avia-related-tooltip='Compartir por correo'><span class='avia_hidden_link_text'>Compartir por correo<\/span><\/a><\/li><\/ul><\/div><\/div>\n<div  style='height:50px' class='hr hr-invisible   avia-builder-el-8  el_after_av_social_share  el_before_av_comments_list '><span class='hr-inner ' ><span class='hr-inner-style'><\/span><\/span><\/div>\n<div  class='av-buildercomment  av-blog-meta-html-info-disabled av-blog-meta-tag-disabled  '><\/div>\n","protected":false},"excerpt":{"rendered":"","protected":false},"author":1,"featured_media":49134,"comment_status":"open","ping_status":"open","sticky":false,"template":"","format":"standard","meta":{"footnotes":""},"categories":[55],"tags":[],"class_list":["post-49133","post","type-post","status-publish","format-standard","has-post-thumbnail","hentry","category-justicia"],"jetpack_featured_media_url":"https:\/\/radiorevelacionfm.cl\/wp-content\/uploads\/2024\/12\/capacitacion-genero-2-1-1.jpg","_links":{"self":[{"href":"https:\/\/radiorevelacionfm.cl\/index.php?rest_route=\/wp\/v2\/posts\/49133","targetHints":{"allow":["GET"]}}],"collection":[{"href":"https:\/\/radiorevelacionfm.cl\/index.php?rest_route=\/wp\/v2\/posts"}],"about":[{"href":"https:\/\/radiorevelacionfm.cl\/index.php?rest_route=\/wp\/v2\/types\/post"}],"author":[{"embeddable":true,"href":"https:\/\/radiorevelacionfm.cl\/index.php?rest_route=\/wp\/v2\/users\/1"}],"replies":[{"embeddable":true,"href":"https:\/\/radiorevelacionfm.cl\/index.php?rest_route=%2Fwp%2Fv2%2Fcomments&post=49133"}],"version-history":[{"count":1,"href":"https:\/\/radiorevelacionfm.cl\/index.php?rest_route=\/wp\/v2\/posts\/49133\/revisions"}],"predecessor-version":[{"id":49135,"href":"https:\/\/radiorevelacionfm.cl\/index.php?rest_route=\/wp\/v2\/posts\/49133\/revisions\/49135"}],"wp:featuredmedia":[{"embeddable":true,"href":"https:\/\/radiorevelacionfm.cl\/index.php?rest_route=\/wp\/v2\/media\/49134"}],"wp:attachment":[{"href":"https:\/\/radiorevelacionfm.cl\/index.php?rest_route=%2Fwp%2Fv2%2Fmedia&parent=49133"}],"wp:term":[{"taxonomy":"category","embeddable":true,"href":"https:\/\/radiorevelacionfm.cl\/index.php?rest_route=%2Fwp%2Fv2%2Fcategories&post=49133"},{"taxonomy":"post_tag","embeddable":true,"href":"https:\/\/radiorevelacionfm.cl\/index.php?rest_route=%2Fwp%2Fv2%2Ftags&post=49133"}],"curies":[{"name":"wp","href":"https:\/\/api.w.org\/{rel}","templated":true}]}}