{"id":49130,"date":"2024-12-23T14:57:11","date_gmt":"2024-12-23T17:57:11","guid":{"rendered":"https:\/\/radiorevelacionfm.cl\/?p=49130"},"modified":"2024-12-23T14:57:11","modified_gmt":"2024-12-23T17:57:11","slug":"realizan-despedida-de-suboficiales-mayores-que-se-acogieron-a-retiro-del-ejercito","status":"publish","type":"post","link":"https:\/\/radiorevelacionfm.cl\/?p=49130","title":{"rendered":"Realizan despedida de Suboficiales Mayores que se acogieron a retiro del Ej\u00e9rcito"},"content":{"rendered":"<div class=\"flex_column av_one_full  flex_column_div av-zero-column-padding first  avia-builder-el-0  el_before_av_one_full  avia-builder-el-first  \" style='border-radius:0px; '><div  class='avia-image-container  av-styling-    avia-builder-el-1  avia-builder-el-no-sibling  avia-align-center '  itemprop=\"image\" itemscope=\"itemscope\" itemtype=\"https:\/\/schema.org\/ImageObject\"  ><div class='avia-image-container-inner'><div class='avia-image-overlay-wrap'><img decoding=\"async\" class='wp-image-49131 avia-img-lazy-loading-not-49131 avia_image' src=\"https:\/\/radiorevelacionfm.cl\/wp-content\/uploads\/2024\/12\/whatsapp-image-2024-12-23-at-11_optimized.23.58-1-1-1.jpeg\" alt='' title='whatsapp-image-2024-12-23-at-11_optimized.23.58-(1)-(1) (1)' height=\"600\" width=\"900\"  itemprop=\"thumbnailUrl\" srcset=\"https:\/\/radiorevelacionfm.cl\/wp-content\/uploads\/2024\/12\/whatsapp-image-2024-12-23-at-11_optimized.23.58-1-1-1.jpeg 900w, https:\/\/radiorevelacionfm.cl\/wp-content\/uploads\/2024\/12\/whatsapp-image-2024-12-23-at-11_optimized.23.58-1-1-1-300x200.jpeg 300w, https:\/\/radiorevelacionfm.cl\/wp-content\/uploads\/2024\/12\/whatsapp-image-2024-12-23-at-11_optimized.23.58-1-1-1-768x512.jpeg 768w, https:\/\/radiorevelacionfm.cl\/wp-content\/uploads\/2024\/12\/whatsapp-image-2024-12-23-at-11_optimized.23.58-1-1-1-705x470.jpeg 705w, https:\/\/radiorevelacionfm.cl\/wp-content\/uploads\/2024\/12\/whatsapp-image-2024-12-23-at-11_optimized.23.58-1-1-1-450x300.jpeg 450w, https:\/\/radiorevelacionfm.cl\/wp-content\/uploads\/2024\/12\/whatsapp-image-2024-12-23-at-11_optimized.23.58-1-1-1-600x400.jpeg 600w\" sizes=\"(max-width: 900px) 100vw, 900px\" \/><\/div><\/div><\/div><\/div><div class=\"flex_column av_one_full  flex_column_div av-zero-column-padding first  avia-builder-el-2  el_after_av_one_full  el_before_av_one_full  column-top-margin\" style='border-radius:0px; '><section class=\"av_textblock_section \"  itemscope=\"itemscope\" itemtype=\"https:\/\/schema.org\/BlogPosting\" itemprop=\"blogPost\" ><div class='avia_textblock  '   itemprop=\"text\" ><p style=\"text-align: center;\"><strong><span style=\"font-size: 18pt;\">Realizan despedida de Suboficiales Mayores que se acogieron a retiro del Ej\u00e9rcito<\/span><\/strong><\/p>\n<div id=\"gtx-trans\" style=\"position: absolute; left: -50px; top: 4.31534px;\">\n<div class=\"gtx-trans-icon\"><\/div>\n<\/div>\n<\/div><\/section><\/div><div class=\"flex_column av_one_full  flex_column_div av-zero-column-padding first  avia-builder-el-4  el_after_av_one_full  el_before_av_hr  column-top-margin\" style='border-radius:0px; '><section class=\"av_textblock_section \"  itemscope=\"itemscope\" itemtype=\"https:\/\/schema.org\/BlogPosting\" itemprop=\"blogPost\" ><div class='avia_textblock  '   itemprop=\"text\" ><p style=\"text-align: justify;\">En el patio de formaci\u00f3n del Campo Militar \u201cCoyhaique\u201d, se realiz\u00f3 la ceremonia de despedida de los Suboficiales Mayores, que se acogieron a retiro de la Instituci\u00f3n, instancia en que los homenajeados fueron acompa\u00f1ados por sus familiares.<\/p>\n<p style=\"text-align: justify;\">En la oportunidad, fueron despedidos 02 Suboficiales Mayores, SOM \u00a0Iv\u00e1n D\u00edaz Manso y SOM Bruno Albornoz Rebolledo quienes dejan el Ej\u00e9rcito de Chile despu\u00e9s de m\u00e1s de 35 a\u00f1os de servicio. En la ocasi\u00f3n, el Comandante del Destacamento Motorizado N\u00b014 \u201cAys\u00e9n\u201d, Coronel Guillermo Moraga Reyes destac\u00f3 la trayectoria de los suboficiales mayores que dejan la Instituci\u00f3n\u00a0 y que, hoy inician una nueva etapa, con nuevos desaf\u00edos. Asimismo, el Comandante en Jefe de la IV Divisi\u00f3n de Ej\u00e9rcito, GDB Enrique del Fierro Lucar, quien presidi\u00f3 la ceremonia e hizo entrega de un recuerdo a los Suboficiales Mayores.<\/p>\n<p style=\"text-align: justify;\">Durante la ceremonia el SOM Iv\u00e1n D\u00edaz Manso., en representaci\u00f3n de sus camaradas, manifest\u00f3 en su alocuci\u00f3n un agradecimiento profundo y comprometido a sus familias, pilar fundamental en que se ha centrado parte importante de su vida profesional, recordando en sus palabras los 35 a\u00f1os de servicio en el Ej\u00e9rcito.<\/p>\n<p style=\"text-align: justify;\">Cabe destacar que, en nuestra Instituci\u00f3n, el grado de Suboficial Mayor representa la m\u00e1s alta investidura jer\u00e1rquica en la carrera de suboficial, e implica una larga trayectoria profesional de vocaci\u00f3n, entrega y abnegaci\u00f3n.<\/p>\n<p style=\"text-align: justify;\">Para finalizar los suboficiales mayores tomaron ubicaci\u00f3n en la unidad de formaci\u00f3n para marchar en su\u00a0 \u00faltimo desfile, ofrecido en homenaje a los viejos soldados.<\/p>\n<\/div><\/section><\/div><div  style='height:50px' class='hr hr-invisible   avia-builder-el-6  el_after_av_one_full  el_before_av_social_share '><span class='hr-inner ' ><span class='hr-inner-style'><\/span><\/span><\/div><\/p>\n<div  class='av-social-sharing-box  avia-builder-el-7  el_after_av_hr  el_before_av_hr  '><div class='av-share-box'><h5 class='av-share-link-description av-no-toc '>Compartir esta noticia<\/h5><ul class='av-share-box-list noLightbox'><li class='av-share-link av-social-link-facebook' ><a target=\"_blank\" aria-label=\"Compartir en Facebook\" href='https:\/\/www.facebook.com\/sharer.php?u=https:\/\/radiorevelacionfm.cl\/?p=49130&#038;t=Realizan%20despedida%20de%20Suboficiales%20Mayores%20que%20se%20acogieron%20a%20retiro%20del%20Ej%C3%A9rcito' aria-hidden='false' data-av_icon='\ue8f3' data-av_iconfont='entypo-fontello' title='' data-avia-related-tooltip='Compartir en Facebook' rel=\"noopener\"><span class='avia_hidden_link_text'>Compartir en Facebook<\/span><\/a><\/li><li class='av-share-link av-social-link-twitter' ><a target=\"_blank\" aria-label=\"Compartir en Twitter\" href='https:\/\/twitter.com\/share?text=Realizan%20despedida%20de%20Suboficiales%20Mayores%20que%20se%20acogieron%20a%20retiro%20del%20Ej%C3%A9rcito&#038;url=https:\/\/radiorevelacionfm.cl\/?p=49130' aria-hidden='false' data-av_icon='\ue8f1' data-av_iconfont='entypo-fontello' title='' data-avia-related-tooltip='Compartir en Twitter' rel=\"noopener\"><span class='avia_hidden_link_text'>Compartir en Twitter<\/span><\/a><\/li><li class='av-share-link av-social-link-whatsapp' ><a target=\"_blank\" aria-label=\"Compartir en Whatsapp\" href='https:\/\/api.whatsapp.com\/send?text=https:\/\/radiorevelacionfm.cl\/?p=49130' aria-hidden='false' data-av_icon='\uf232' data-av_iconfont='entypo-fontello' title='' data-avia-related-tooltip='Compartir en Whatsapp' rel=\"noopener\"><span class='avia_hidden_link_text'>Compartir en Whatsapp<\/span><\/a><\/li><li class='av-share-link av-social-link-linkedin' ><a target=\"_blank\" aria-label=\"Compartir en LinkedIn\" href='https:\/\/linkedin.com\/shareArticle?mini=true&#038;title=Realizan%20despedida%20de%20Suboficiales%20Mayores%20que%20se%20acogieron%20a%20retiro%20del%20Ej%C3%A9rcito&#038;url=https:\/\/radiorevelacionfm.cl\/?p=49130' aria-hidden='false' data-av_icon='\ue8fc' data-av_iconfont='entypo-fontello' title='' data-avia-related-tooltip='Compartir en LinkedIn' rel=\"noopener\"><span class='avia_hidden_link_text'>Compartir en LinkedIn<\/span><\/a><\/li><li class='av-share-link av-social-link-mail' ><a  aria-label=\"Compartir por correo\" href='mailto:?subject=Realizan%20despedida%20de%20Suboficiales%20Mayores%20que%20se%20acogieron%20a%20retiro%20del%20Ej%C3%A9rcito&#038;body=https:\/\/radiorevelacionfm.cl\/?p=49130' aria-hidden='false' data-av_icon='\ue805' data-av_iconfont='entypo-fontello' title='' data-avia-related-tooltip='Compartir por correo'><span class='avia_hidden_link_text'>Compartir por correo<\/span><\/a><\/li><\/ul><\/div><\/div>\n<div  style='height:50px' class='hr hr-invisible   avia-builder-el-8  el_after_av_social_share  el_before_av_comments_list '><span class='hr-inner ' ><span class='hr-inner-style'><\/span><\/span><\/div>\n<div  class='av-buildercomment  av-blog-meta-html-info-disabled av-blog-meta-tag-disabled  '><\/div>\n","protected":false},"excerpt":{"rendered":"","protected":false},"author":1,"featured_media":49131,"comment_status":"open","ping_status":"open","sticky":false,"template":"","format":"standard","meta":{"footnotes":""},"categories":[38],"tags":[],"class_list":["post-49130","post","type-post","status-publish","format-standard","has-post-thumbnail","hentry","category-regional"],"jetpack_featured_media_url":"https:\/\/radiorevelacionfm.cl\/wp-content\/uploads\/2024\/12\/whatsapp-image-2024-12-23-at-11_optimized.23.58-1-1-1.jpeg","_links":{"self":[{"href":"https:\/\/radiorevelacionfm.cl\/index.php?rest_route=\/wp\/v2\/posts\/49130","targetHints":{"allow":["GET"]}}],"collection":[{"href":"https:\/\/radiorevelacionfm.cl\/index.php?rest_route=\/wp\/v2\/posts"}],"about":[{"href":"https:\/\/radiorevelacionfm.cl\/index.php?rest_route=\/wp\/v2\/types\/post"}],"author":[{"embeddable":true,"href":"https:\/\/radiorevelacionfm.cl\/index.php?rest_route=\/wp\/v2\/users\/1"}],"replies":[{"embeddable":true,"href":"https:\/\/radiorevelacionfm.cl\/index.php?rest_route=%2Fwp%2Fv2%2Fcomments&post=49130"}],"version-history":[{"count":1,"href":"https:\/\/radiorevelacionfm.cl\/index.php?rest_route=\/wp\/v2\/posts\/49130\/revisions"}],"predecessor-version":[{"id":49132,"href":"https:\/\/radiorevelacionfm.cl\/index.php?rest_route=\/wp\/v2\/posts\/49130\/revisions\/49132"}],"wp:featuredmedia":[{"embeddable":true,"href":"https:\/\/radiorevelacionfm.cl\/index.php?rest_route=\/wp\/v2\/media\/49131"}],"wp:attachment":[{"href":"https:\/\/radiorevelacionfm.cl\/index.php?rest_route=%2Fwp%2Fv2%2Fmedia&parent=49130"}],"wp:term":[{"taxonomy":"category","embeddable":true,"href":"https:\/\/radiorevelacionfm.cl\/index.php?rest_route=%2Fwp%2Fv2%2Fcategories&post=49130"},{"taxonomy":"post_tag","embeddable":true,"href":"https:\/\/radiorevelacionfm.cl\/index.php?rest_route=%2Fwp%2Fv2%2Ftags&post=49130"}],"curies":[{"name":"wp","href":"https:\/\/api.w.org\/{rel}","templated":true}]}}