{"id":49127,"date":"2024-12-23T12:38:58","date_gmt":"2024-12-23T15:38:58","guid":{"rendered":"https:\/\/radiorevelacionfm.cl\/?p=49127"},"modified":"2024-12-23T12:38:58","modified_gmt":"2024-12-23T15:38:58","slug":"fiestas-de-fin-de-ano-coreset-reitera-mensajes-de-prevencion-y-seguridad-vial-a-los-habitantes-de-aysen","status":"publish","type":"post","link":"https:\/\/radiorevelacionfm.cl\/?p=49127","title":{"rendered":"Fiestas de Fin de A\u00f1o: CORESET reitera mensajes de prevenci\u00f3n y seguridad vial a los habitantes de Ays\u00e9n"},"content":{"rendered":"<div class=\"flex_column av_one_full  flex_column_div av-zero-column-padding first  avia-builder-el-0  el_before_av_one_full  avia-builder-el-first  \" style='border-radius:0px; '><div  class='avia-image-container  av-styling-    avia-builder-el-1  avia-builder-el-no-sibling  avia-align-center '  itemprop=\"image\" itemscope=\"itemscope\" itemtype=\"https:\/\/schema.org\/ImageObject\"  ><div class='avia-image-container-inner'><div class='avia-image-overlay-wrap'><img decoding=\"async\" class='wp-image-49128 avia-img-lazy-loading-not-49128 avia_image' src=\"https:\/\/radiorevelacionfm.cl\/wp-content\/uploads\/2024\/12\/dsc_0330-2-1_optimized.jpg\" alt='' title='dsc_0330-(2)-(1)_optimized' height=\"600\" width=\"902\"  itemprop=\"thumbnailUrl\" srcset=\"https:\/\/radiorevelacionfm.cl\/wp-content\/uploads\/2024\/12\/dsc_0330-2-1_optimized.jpg 902w, https:\/\/radiorevelacionfm.cl\/wp-content\/uploads\/2024\/12\/dsc_0330-2-1_optimized-300x200.jpg 300w, https:\/\/radiorevelacionfm.cl\/wp-content\/uploads\/2024\/12\/dsc_0330-2-1_optimized-768x511.jpg 768w, https:\/\/radiorevelacionfm.cl\/wp-content\/uploads\/2024\/12\/dsc_0330-2-1_optimized-705x469.jpg 705w, https:\/\/radiorevelacionfm.cl\/wp-content\/uploads\/2024\/12\/dsc_0330-2-1_optimized-450x299.jpg 450w, https:\/\/radiorevelacionfm.cl\/wp-content\/uploads\/2024\/12\/dsc_0330-2-1_optimized-600x399.jpg 600w\" sizes=\"(max-width: 902px) 100vw, 902px\" \/><\/div><\/div><\/div><\/div><div class=\"flex_column av_one_full  flex_column_div av-zero-column-padding first  avia-builder-el-2  el_after_av_one_full  el_before_av_one_full  column-top-margin\" style='border-radius:0px; '><section class=\"av_textblock_section \"  itemscope=\"itemscope\" itemtype=\"https:\/\/schema.org\/BlogPosting\" itemprop=\"blogPost\" ><div class='avia_textblock  '   itemprop=\"text\" ><p style=\"text-align: center;\"><strong><span style=\"font-size: 18pt;\">Fiestas de Fin de A\u00f1o: CORESET reitera mensajes de prevenci\u00f3n y seguridad vial a los habitantes de Ays\u00e9n<\/span><\/strong><\/p>\n<div id=\"gtx-trans\" style=\"position: absolute; left: -50px; top: 4.31534px;\">\n<div class=\"gtx-trans-icon\"><\/div>\n<\/div>\n<\/div><\/section><\/div><div class=\"flex_column av_one_full  flex_column_div av-zero-column-padding first  avia-builder-el-4  el_after_av_one_full  el_before_av_hr  column-top-margin\" style='border-radius:0px; '><section class=\"av_textblock_section \"  itemscope=\"itemscope\" itemtype=\"https:\/\/schema.org\/BlogPosting\" itemprop=\"blogPost\" ><div class='avia_textblock  '   itemprop=\"text\" ><p style=\"font-weight: 400; text-align: justify;\"><em>En los \u00faltimos 5 a\u00f1os la cifra de fallecidos en siniestros viales durante los d\u00edas 24 y 25 de diciembre, se ha mantenido, por lo que el llamado es a mantener las precauciones y evitar tragedias en el tr\u00e1nsito.<\/em><\/p>\n<p style=\"font-weight: 400; text-align: justify;\">En el contexto de las festividades de fin de a\u00f1o y el mayor tr\u00e1nsito que se registra en estas fechas, la Coreset (Comisi\u00f3n Regional de Seguridad de Tr\u00e1nsito) integrada por seremiTT, Carabineros y seremi de Salud, recordaron a ayseninas y ayseninos la necesidad de respetar la normativa de tr\u00e1nsito y de esta manera disfrutar plenamente de las fiestas de fin de a\u00f1o.<\/p>\n<p style=\"font-weight: 400; text-align: justify;\">En este contexto, el seremiTT Hans Zimmermann, se\u00f1al\u00f3 que, si bien desde el 2019 no se han registrado muertes a causa de siniestros viales durante Navidad, es importante mantener la alerta y no descuidar nuestras acciones al momento de interactuar en el espacio vial. Por ello, desde ya se han planificado medidas de difusi\u00f3n y fiscalizaci\u00f3n que concienticen a la ciudadan\u00eda.<\/p>\n<p style=\"font-weight: 400; text-align: justify;\">\u201cEl llamado desde el Ministerio de Transportes est\u00e1 centrado en el autocuidado, la prevenci\u00f3n, a conducir atentos las condiciones del tr\u00e1nsito. Que los peatones, tambi\u00e9n respeten la norma de tr\u00e1nsito mientras deambulan por las calles y v\u00edas de nuestra regi\u00f3n. Adem\u00e1s, es importante que si las personas van a realizar desplazamientos fuera de la comuna o fuera de la regi\u00f3n, lo hagan verificando las condiciones mec\u00e1nicas de los veh\u00edculos, estando atentos a las condiciones de la ruta. No queremos lamentar hechos siniestros viales y mucho menos muertes en el tr\u00e1nsito\u201d, concluy\u00f3 Zimmermann.<\/p>\n<p style=\"font-weight: 400; text-align: justify;\">Carabineros en su rol de fiscalizaci\u00f3n y protecci\u00f3n, revel\u00f3 que 120 funcionarios de la instituci\u00f3n a lo largo de todo Ays\u00e9n, estar\u00e1n operativos para las fiestas de fin de a\u00f1o. En palabras del Mayor Gerardo Gonz\u00e1lez, Carabineros contar\u00e1 con \u201ccontroles especializados en las rutas de acceso y salida a cada comuna de la regi\u00f3n, como asimismo en rutas troncales y a la salida de eventos nocturnos que est\u00e1n, l\u00f3gicamente, asociados al consumo de alcohol. La idea, principalmente, es fiscalizar aquellas cosas que llevaron al a\u00f1o pasado a que tuvi\u00e9ramos mayor accidentabilidad, principalmente el exceso de velocidad, no conducir atento a las condiciones del tr\u00e1nsito, lo t\u00edpico, hablando o utilizando el celular, y, por supuesto, el consumo de alcohol que es completamente contrario a la conducci\u00f3n.\u201d<\/p>\n<p style=\"font-weight: 400; text-align: justify;\">El consumo de bebidas alcoh\u00f3licas es uno de los aspectos que implica mayor riesgo, no tan solo para conductores, sino que tambi\u00e9n para peatones, por lo que se generan operativos espec\u00edficos para disuadir su consumo, en especial para quienes est\u00e1n tras un volante. La seremi de Salud, Carmen Monsalve, explic\u00f3 que: \u201cen este periodo de fiestas sabemos que aumentan mucho los escenarios festivos y junto con ello el consumo de algunas sustancias como lo pueden ser el alcohol y las drogas. Es muy importante en este contexto entregar la llave, buscar al conductor designado porque a nivel nacional y tambi\u00e9n en nuestra regi\u00f3n un porcentaje importante de mortalidad, y particularmente la poblaci\u00f3n infantil, ocurre justamente por accidentes de tr\u00e1nsito y dentro de los motivos de los accidentes de tr\u00e1nsito, la segunda causa de los accidentes y de los siniestros tiene que ver con el consumo de alcohol para las personas que est\u00e1n conduciendo\u201d. La autoridad agreg\u00f3 que en este sentido, la\u00a0 coordinaci\u00f3n con SENDA y Carabineros ha sido fundamental para poder abordar aspectos preventivos y de control a trav\u00e9s de los operativos Tolerancia Cero.<\/p>\n<p style=\"font-weight: 400; text-align: justify;\">Adem\u00e1s de la prevenci\u00f3n de siniestros viales en Navidad y A\u00f1o Nuevo, la CORESET tambi\u00e9n ha avanzado en su planificaci\u00f3n para la temporada de verano, instancia en la que es necesario informar a los visitantes sobre las particularidades de la Carretera Austral, y las precauciones que se deben tener al transitar por ella. Las fiestas costumbristas tambi\u00e9n ser\u00e1n un foco de atenci\u00f3n dado el gran inter\u00e9s que generan estas actividades a nivel regional.<\/p>\n<\/div><\/section><\/div><div  style='height:50px' class='hr hr-invisible   avia-builder-el-6  el_after_av_one_full  el_before_av_social_share '><span class='hr-inner ' ><span class='hr-inner-style'><\/span><\/span><\/div><\/p>\n<div  class='av-social-sharing-box  avia-builder-el-7  el_after_av_hr  el_before_av_hr  '><div class='av-share-box'><h5 class='av-share-link-description av-no-toc '>Compartir esta noticia<\/h5><ul class='av-share-box-list noLightbox'><li class='av-share-link av-social-link-facebook' ><a target=\"_blank\" aria-label=\"Compartir en Facebook\" href='https:\/\/www.facebook.com\/sharer.php?u=https:\/\/radiorevelacionfm.cl\/?p=49127&#038;t=Fiestas%20de%20Fin%20de%20A%C3%B1o%3A%20CORESET%20reitera%20mensajes%20de%20prevenci%C3%B3n%20y%20seguridad%20vial%20a%20los%20habitantes%20de%20Ays%C3%A9n' aria-hidden='false' data-av_icon='\ue8f3' data-av_iconfont='entypo-fontello' title='' data-avia-related-tooltip='Compartir en Facebook' rel=\"noopener\"><span class='avia_hidden_link_text'>Compartir en Facebook<\/span><\/a><\/li><li class='av-share-link av-social-link-twitter' ><a target=\"_blank\" aria-label=\"Compartir en Twitter\" href='https:\/\/twitter.com\/share?text=Fiestas%20de%20Fin%20de%20A%C3%B1o%3A%20CORESET%20reitera%20mensajes%20de%20prevenci%C3%B3n%20y%20seguridad%20vial%20a%20los%20habitantes%20de%20Ays%C3%A9n&#038;url=https:\/\/radiorevelacionfm.cl\/?p=49127' aria-hidden='false' data-av_icon='\ue8f1' data-av_iconfont='entypo-fontello' title='' data-avia-related-tooltip='Compartir en Twitter' rel=\"noopener\"><span class='avia_hidden_link_text'>Compartir en Twitter<\/span><\/a><\/li><li class='av-share-link av-social-link-whatsapp' ><a target=\"_blank\" aria-label=\"Compartir en Whatsapp\" href='https:\/\/api.whatsapp.com\/send?text=https:\/\/radiorevelacionfm.cl\/?p=49127' aria-hidden='false' data-av_icon='\uf232' data-av_iconfont='entypo-fontello' title='' data-avia-related-tooltip='Compartir en Whatsapp' rel=\"noopener\"><span class='avia_hidden_link_text'>Compartir en Whatsapp<\/span><\/a><\/li><li class='av-share-link av-social-link-linkedin' ><a target=\"_blank\" aria-label=\"Compartir en LinkedIn\" href='https:\/\/linkedin.com\/shareArticle?mini=true&#038;title=Fiestas%20de%20Fin%20de%20A%C3%B1o%3A%20CORESET%20reitera%20mensajes%20de%20prevenci%C3%B3n%20y%20seguridad%20vial%20a%20los%20habitantes%20de%20Ays%C3%A9n&#038;url=https:\/\/radiorevelacionfm.cl\/?p=49127' aria-hidden='false' data-av_icon='\ue8fc' data-av_iconfont='entypo-fontello' title='' data-avia-related-tooltip='Compartir en LinkedIn' rel=\"noopener\"><span class='avia_hidden_link_text'>Compartir en LinkedIn<\/span><\/a><\/li><li class='av-share-link av-social-link-mail' ><a  aria-label=\"Compartir por correo\" href='mailto:?subject=Fiestas%20de%20Fin%20de%20A%C3%B1o%3A%20CORESET%20reitera%20mensajes%20de%20prevenci%C3%B3n%20y%20seguridad%20vial%20a%20los%20habitantes%20de%20Ays%C3%A9n&#038;body=https:\/\/radiorevelacionfm.cl\/?p=49127' aria-hidden='false' data-av_icon='\ue805' data-av_iconfont='entypo-fontello' title='' data-avia-related-tooltip='Compartir por correo'><span class='avia_hidden_link_text'>Compartir por correo<\/span><\/a><\/li><\/ul><\/div><\/div>\n<div  style='height:50px' class='hr hr-invisible   avia-builder-el-8  el_after_av_social_share  el_before_av_comments_list '><span class='hr-inner ' ><span class='hr-inner-style'><\/span><\/span><\/div>\n<div  class='av-buildercomment  av-blog-meta-html-info-disabled av-blog-meta-tag-disabled  '><\/div>\n","protected":false},"excerpt":{"rendered":"","protected":false},"author":1,"featured_media":49128,"comment_status":"open","ping_status":"open","sticky":false,"template":"","format":"standard","meta":{"footnotes":""},"categories":[38],"tags":[],"class_list":["post-49127","post","type-post","status-publish","format-standard","has-post-thumbnail","hentry","category-regional"],"jetpack_featured_media_url":"https:\/\/radiorevelacionfm.cl\/wp-content\/uploads\/2024\/12\/dsc_0330-2-1_optimized.jpg","_links":{"self":[{"href":"https:\/\/radiorevelacionfm.cl\/index.php?rest_route=\/wp\/v2\/posts\/49127","targetHints":{"allow":["GET"]}}],"collection":[{"href":"https:\/\/radiorevelacionfm.cl\/index.php?rest_route=\/wp\/v2\/posts"}],"about":[{"href":"https:\/\/radiorevelacionfm.cl\/index.php?rest_route=\/wp\/v2\/types\/post"}],"author":[{"embeddable":true,"href":"https:\/\/radiorevelacionfm.cl\/index.php?rest_route=\/wp\/v2\/users\/1"}],"replies":[{"embeddable":true,"href":"https:\/\/radiorevelacionfm.cl\/index.php?rest_route=%2Fwp%2Fv2%2Fcomments&post=49127"}],"version-history":[{"count":1,"href":"https:\/\/radiorevelacionfm.cl\/index.php?rest_route=\/wp\/v2\/posts\/49127\/revisions"}],"predecessor-version":[{"id":49129,"href":"https:\/\/radiorevelacionfm.cl\/index.php?rest_route=\/wp\/v2\/posts\/49127\/revisions\/49129"}],"wp:featuredmedia":[{"embeddable":true,"href":"https:\/\/radiorevelacionfm.cl\/index.php?rest_route=\/wp\/v2\/media\/49128"}],"wp:attachment":[{"href":"https:\/\/radiorevelacionfm.cl\/index.php?rest_route=%2Fwp%2Fv2%2Fmedia&parent=49127"}],"wp:term":[{"taxonomy":"category","embeddable":true,"href":"https:\/\/radiorevelacionfm.cl\/index.php?rest_route=%2Fwp%2Fv2%2Fcategories&post=49127"},{"taxonomy":"post_tag","embeddable":true,"href":"https:\/\/radiorevelacionfm.cl\/index.php?rest_route=%2Fwp%2Fv2%2Ftags&post=49127"}],"curies":[{"name":"wp","href":"https:\/\/api.w.org\/{rel}","templated":true}]}}