{"id":49123,"date":"2024-12-23T20:41:17","date_gmt":"2024-12-23T23:41:17","guid":{"rendered":"https:\/\/radiorevelacionfm.cl\/?p=49123"},"modified":"2024-12-23T20:41:17","modified_gmt":"2024-12-23T23:41:17","slug":"colegios-publicos-de-la-region-de-aysen-se-sumaron-a-la-estrategia-de-fomento-de-lectura-escritura-y-comunicacion-oral-a-traves-de-las-ferias-comunitarias-lec","status":"publish","type":"post","link":"https:\/\/radiorevelacionfm.cl\/?p=49123","title":{"rendered":"Colegios p\u00fablicos de la Regi\u00f3n de Ays\u00e9n se sumaron a la estrategia de Fomento de Lectura, Escritura y Comunicaci\u00f3n Oral a trav\u00e9s de las Ferias Comunitarias LEC"},"content":{"rendered":"<div class=\"flex_column av_one_full  flex_column_div av-zero-column-padding first  avia-builder-el-0  el_before_av_one_full  avia-builder-el-first  \" style='border-radius:0px; '><div  class='avia-image-container  av-styling-    avia-builder-el-1  avia-builder-el-no-sibling  avia-align-center '  itemprop=\"image\" itemscope=\"itemscope\" itemtype=\"https:\/\/schema.org\/ImageObject\"  ><div class='avia-image-container-inner'><div class='avia-image-overlay-wrap'><img decoding=\"async\" class='wp-image-49124 avia-img-lazy-loading-not-49124 avia_image' src=\"https:\/\/radiorevelacionfm.cl\/wp-content\/uploads\/2024\/12\/lec-guadal2-1_optimized.jpg\" alt='' title='lec-guadal2-(1)_optimized' height=\"600\" width=\"1066\"  itemprop=\"thumbnailUrl\" srcset=\"https:\/\/radiorevelacionfm.cl\/wp-content\/uploads\/2024\/12\/lec-guadal2-1_optimized.jpg 1066w, https:\/\/radiorevelacionfm.cl\/wp-content\/uploads\/2024\/12\/lec-guadal2-1_optimized-300x169.jpg 300w, https:\/\/radiorevelacionfm.cl\/wp-content\/uploads\/2024\/12\/lec-guadal2-1_optimized-1030x580.jpg 1030w, https:\/\/radiorevelacionfm.cl\/wp-content\/uploads\/2024\/12\/lec-guadal2-1_optimized-768x432.jpg 768w, https:\/\/radiorevelacionfm.cl\/wp-content\/uploads\/2024\/12\/lec-guadal2-1_optimized-705x397.jpg 705w, https:\/\/radiorevelacionfm.cl\/wp-content\/uploads\/2024\/12\/lec-guadal2-1_optimized-450x253.jpg 450w, https:\/\/radiorevelacionfm.cl\/wp-content\/uploads\/2024\/12\/lec-guadal2-1_optimized-600x338.jpg 600w\" sizes=\"(max-width: 1066px) 100vw, 1066px\" \/><\/div><\/div><\/div><\/div><div class=\"flex_column av_one_full  flex_column_div av-zero-column-padding first  avia-builder-el-2  el_after_av_one_full  el_before_av_one_full  column-top-margin\" style='border-radius:0px; '><section class=\"av_textblock_section \"  itemscope=\"itemscope\" itemtype=\"https:\/\/schema.org\/BlogPosting\" itemprop=\"blogPost\" ><div class='avia_textblock  '   itemprop=\"text\" ><p style=\"text-align: center;\"><span style=\"font-size: 18pt;\"><b>Colegios p\u00fablicos de la Regi\u00f3n de Ays\u00e9n se sumaron a la estrategia de Fomento de Lectura, Escritura y Comunicaci\u00f3n Oral a trav\u00e9s de las Ferias Comunitarias LEC<\/b><\/span><\/p>\n<div id=\"gtx-trans\" style=\"position: absolute; left: -50px; top: 4.31534px;\">\n<div class=\"gtx-trans-icon\"><\/div>\n<\/div>\n<\/div><\/section><\/div><div class=\"flex_column av_one_full  flex_column_div av-zero-column-padding first  avia-builder-el-4  el_after_av_one_full  el_before_av_hr  column-top-margin\" style='border-radius:0px; '><section class=\"av_textblock_section \"  itemscope=\"itemscope\" itemtype=\"https:\/\/schema.org\/BlogPosting\" itemprop=\"blogPost\" ><div class='avia_textblock  '   itemprop=\"text\" ><p class=\"v1MsoNormal\" style=\"text-align: justify;\" align=\"center\"><em>Estos encuentros convocaron a 2.586 alumnas y alumnos, 374 Educadoras de P\u00e1rvulos, y Docentes de B\u00e1sica y Media\u00a0y 263 Asistentes de la Educaci\u00f3n.<\/em><\/p>\n<p class=\"v1MsoNormal\" style=\"text-align: justify;\">La Secretaria Regional Ministerial de Educaci\u00f3n de Ays\u00e9n Isabel Garrido destac\u00f3 la participaci\u00f3n de jardines infantiles, escuelas y liceos p\u00fablicos que integran la Red de establecimientos educacionales del Servicio Local de Educaci\u00f3n P\u00fablica SLEP Ays\u00e9n en la realizaci\u00f3n de ferias Lectura, Escritura y Comunicaci\u00f3n en las distintas comunas del territorio.<\/p>\n<p class=\"v1MsoNormal\" style=\"text-align: justify;\">Isabel Garrido record\u00f3 que los \u00faltimos tres a\u00f1os el MINEDUC ha impulsado la estrategia de Lectura, Escritura y Comunicaci\u00f3n Oral \u2013 LEC, como parte del Plan de Reactivaci\u00f3n Educativa, el cual busca hacerse cargo de los efectos que tuvo la pandemia en los aprendizajes. Ello\u00a0 a trav\u00e9s de un conjunto de acciones, tales\u00a0 como:\u00a0ferias, conversatorios, tertulias literarias, actividades que se realizan semanalmente en las Bibliotecas escolares CRA, evaluaci\u00f3n diversificada de la lectura,\u00a0 cuentacuentos, actividades de teatro, creaci\u00f3n de fanzines, recomendaci\u00f3n de libros a trav\u00e9s de distintas estrategias como el concurso de \u201cBooktubers\u201d, y todas aquellas actividades de promoci\u00f3n, difusi\u00f3n y encuentro que contribuyen a potenciar las habilidades de lectura, escritura y comunicaci\u00f3n oral en los ni\u00f1os, ni\u00f1as y j\u00f3venes.<\/p>\n<p class=\"v1MsoNormal\" style=\"text-align: justify;\">\u201cDurante el\u00a0 2024 los establecimientos educacionales p\u00fablicos de Ays\u00e9n han estado realizando acciones en funci\u00f3n de motivar la lectura, escritura y comunicaci\u00f3n, convocando a estudiantes, comunidades educativas, familias e instituciones de la sociedad civil. Por ello, como en a\u00f1os\u00a0 anteriores, los invitamos\u00a0 a compartir sus iniciativas en Ferias Literarias Comunitarias al interior de los establecimientos durante noviembre del a\u00f1o en curso, donde se presentaron las iniciativas mencionadas anteriormente y otras que los establecimientos est\u00e1n realizando. Estos encuentros reunieron en una jornada todas aquellas actividades que impulsan las habilidades LEC que permitieron visibilizar el esfuerzo de las comunidades educativas para poner en valor competencias fundamentales para el desarrollo integral. Las escuelas pudieron invitar a las familias, visibilizar las acciones, propuestas e innovaciones, y se transformaron en una verdadera fiesta de las habilidades comunicativas, donde los estudiantes y comunidad en general, disfrutaron, aprendieron y se comunicaron de manera efectiva y con mucha motivaci\u00f3n\u201d.<\/p>\n<p class=\"v1MsoNormal\" style=\"text-align: justify;\">En resumen, 16 establecimientos que integran la Red del SLEP Ays\u00e9n realizaron estas ferias, con la participaci\u00f3n de 2.586 alumnos, 374 Educadoras de P\u00e1rvulos, Docentes de B\u00e1sica y Media y 263 asistentes de la Educaci\u00f3n. Ellas son: Escuela Rural R\u00edo Blanco, Escuela Ays\u00e9n, Escuela Rural Arroyo El Gato, Escuela Gabriela Mistral de R\u00edo Tranquilo, Liceo Bicentenario Rural Cerro Castillo, Escuela Rural Valle Simpson, Escuela Aonikenk, Liceo T\u00e9cnico Profesional Profesor Ricardo Navarrete Barr\u00eda, Escuela Carretera Austral, Escuela Tulio Burgos Rivera, Escuela Libertador Bernardo O\u2019Higgins, Escuela Jos\u00e9 Antol\u00edn Silva Orme\u00f1o, Escuela Nieves del Sur, Escuela Pedro Quintana Mansilla, Escuela Mar\u00eda Antonieta Parra Monsalve, Escuela Baquedano.<\/p>\n<p class=\"v1MsoNormal\" style=\"text-align: justify;\">Por su parte, Ruth Millar, docente encargada de la Escuela Valle Simpson de la comuna de Coyhaique, detall\u00f3 lo realizado durante la Feria LEC en ese establecimiento rural. \u201cCon esta feria nosotros concluimos nuestro proyecto Guardianes de la Lectura, espacio donde las ni\u00f1os y los ni\u00f1os expusieron los trabajos que hicieron durante todo el a\u00f1o en relaci\u00f3n a lectura y escritura. Entre lo presentado est\u00e1 la recreaci\u00f3n a trav\u00e9s de mimos de las lecturas realizadas y tambi\u00e9n\u00a0 premiamos a los nuevos lectores, estudiantes de primeros a\u00f1os. Esta estrategia LEC del Ministerio de Educaci\u00f3n y los fondos que se entregaron a los colegios nos parece excelente porque apoya un trabajo que ya estamos realizando, y la compra de libros que hicimos con estos fondos nos permite seguir motivando a leer a ni\u00f1as y ni\u00f1os en la escuela y en sus casas junto a su familia\u201d.<\/p>\n<\/div><\/section><\/div><div  style='height:50px' class='hr hr-invisible   avia-builder-el-6  el_after_av_one_full  el_before_av_social_share '><span class='hr-inner ' ><span class='hr-inner-style'><\/span><\/span><\/div><\/p>\n<div  class='av-social-sharing-box  avia-builder-el-7  el_after_av_hr  el_before_av_hr  '><div class='av-share-box'><h5 class='av-share-link-description av-no-toc '>Compartir esta noticia<\/h5><ul class='av-share-box-list noLightbox'><li class='av-share-link av-social-link-facebook' ><a target=\"_blank\" aria-label=\"Compartir en Facebook\" href='https:\/\/www.facebook.com\/sharer.php?u=https:\/\/radiorevelacionfm.cl\/?p=49123&#038;t=Colegios%20p%C3%BAblicos%20de%20la%20Regi%C3%B3n%20de%20Ays%C3%A9n%20se%20sumaron%20a%20la%20estrategia%20de%20Fomento%20de%20Lectura%2C%20Escritura%20y%20Comunicaci%C3%B3n%20Oral%20a%20trav%C3%A9s%20de%20las%20Ferias%20Comunitarias%20LEC' aria-hidden='false' data-av_icon='\ue8f3' data-av_iconfont='entypo-fontello' title='' data-avia-related-tooltip='Compartir en Facebook' rel=\"noopener\"><span class='avia_hidden_link_text'>Compartir en Facebook<\/span><\/a><\/li><li class='av-share-link av-social-link-twitter' ><a target=\"_blank\" aria-label=\"Compartir en Twitter\" href='https:\/\/twitter.com\/share?text=Colegios%20p%C3%BAblicos%20de%20la%20Regi%C3%B3n%20de%20Ays%C3%A9n%20se%20sumaron%20a%20la%20estrategia%20de%20Fomento%20de%20Lectura%2C%20Escritura%20y%20Comunicaci%C3%B3n%20Oral%20a%20trav%C3%A9s%20de%20las%20Ferias%20Comunitarias%20LEC&#038;url=https:\/\/radiorevelacionfm.cl\/?p=49123' aria-hidden='false' data-av_icon='\ue8f1' data-av_iconfont='entypo-fontello' title='' data-avia-related-tooltip='Compartir en Twitter' rel=\"noopener\"><span class='avia_hidden_link_text'>Compartir en Twitter<\/span><\/a><\/li><li class='av-share-link av-social-link-whatsapp' ><a target=\"_blank\" aria-label=\"Compartir en Whatsapp\" href='https:\/\/api.whatsapp.com\/send?text=https:\/\/radiorevelacionfm.cl\/?p=49123' aria-hidden='false' data-av_icon='\uf232' data-av_iconfont='entypo-fontello' title='' data-avia-related-tooltip='Compartir en Whatsapp' rel=\"noopener\"><span class='avia_hidden_link_text'>Compartir en Whatsapp<\/span><\/a><\/li><li class='av-share-link av-social-link-linkedin' ><a target=\"_blank\" aria-label=\"Compartir en LinkedIn\" href='https:\/\/linkedin.com\/shareArticle?mini=true&#038;title=Colegios%20p%C3%BAblicos%20de%20la%20Regi%C3%B3n%20de%20Ays%C3%A9n%20se%20sumaron%20a%20la%20estrategia%20de%20Fomento%20de%20Lectura%2C%20Escritura%20y%20Comunicaci%C3%B3n%20Oral%20a%20trav%C3%A9s%20de%20las%20Ferias%20Comunitarias%20LEC&#038;url=https:\/\/radiorevelacionfm.cl\/?p=49123' aria-hidden='false' data-av_icon='\ue8fc' data-av_iconfont='entypo-fontello' title='' data-avia-related-tooltip='Compartir en LinkedIn' rel=\"noopener\"><span class='avia_hidden_link_text'>Compartir en LinkedIn<\/span><\/a><\/li><li class='av-share-link av-social-link-mail' ><a  aria-label=\"Compartir por correo\" href='mailto:?subject=Colegios%20p%C3%BAblicos%20de%20la%20Regi%C3%B3n%20de%20Ays%C3%A9n%20se%20sumaron%20a%20la%20estrategia%20de%20Fomento%20de%20Lectura%2C%20Escritura%20y%20Comunicaci%C3%B3n%20Oral%20a%20trav%C3%A9s%20de%20las%20Ferias%20Comunitarias%20LEC&#038;body=https:\/\/radiorevelacionfm.cl\/?p=49123' aria-hidden='false' data-av_icon='\ue805' data-av_iconfont='entypo-fontello' title='' data-avia-related-tooltip='Compartir por correo'><span class='avia_hidden_link_text'>Compartir por correo<\/span><\/a><\/li><\/ul><\/div><\/div>\n<div  style='height:50px' class='hr hr-invisible   avia-builder-el-8  el_after_av_social_share  el_before_av_comments_list '><span class='hr-inner ' ><span class='hr-inner-style'><\/span><\/span><\/div>\n<div  class='av-buildercomment  av-blog-meta-html-info-disabled av-blog-meta-tag-disabled  '><\/div>\n","protected":false},"excerpt":{"rendered":"","protected":false},"author":1,"featured_media":49124,"comment_status":"open","ping_status":"open","sticky":false,"template":"","format":"standard","meta":{"footnotes":""},"categories":[49],"tags":[],"class_list":["post-49123","post","type-post","status-publish","format-standard","has-post-thumbnail","hentry","category-educacion"],"jetpack_featured_media_url":"https:\/\/radiorevelacionfm.cl\/wp-content\/uploads\/2024\/12\/lec-guadal2-1_optimized.jpg","_links":{"self":[{"href":"https:\/\/radiorevelacionfm.cl\/index.php?rest_route=\/wp\/v2\/posts\/49123","targetHints":{"allow":["GET"]}}],"collection":[{"href":"https:\/\/radiorevelacionfm.cl\/index.php?rest_route=\/wp\/v2\/posts"}],"about":[{"href":"https:\/\/radiorevelacionfm.cl\/index.php?rest_route=\/wp\/v2\/types\/post"}],"author":[{"embeddable":true,"href":"https:\/\/radiorevelacionfm.cl\/index.php?rest_route=\/wp\/v2\/users\/1"}],"replies":[{"embeddable":true,"href":"https:\/\/radiorevelacionfm.cl\/index.php?rest_route=%2Fwp%2Fv2%2Fcomments&post=49123"}],"version-history":[{"count":1,"href":"https:\/\/radiorevelacionfm.cl\/index.php?rest_route=\/wp\/v2\/posts\/49123\/revisions"}],"predecessor-version":[{"id":49125,"href":"https:\/\/radiorevelacionfm.cl\/index.php?rest_route=\/wp\/v2\/posts\/49123\/revisions\/49125"}],"wp:featuredmedia":[{"embeddable":true,"href":"https:\/\/radiorevelacionfm.cl\/index.php?rest_route=\/wp\/v2\/media\/49124"}],"wp:attachment":[{"href":"https:\/\/radiorevelacionfm.cl\/index.php?rest_route=%2Fwp%2Fv2%2Fmedia&parent=49123"}],"wp:term":[{"taxonomy":"category","embeddable":true,"href":"https:\/\/radiorevelacionfm.cl\/index.php?rest_route=%2Fwp%2Fv2%2Fcategories&post=49123"},{"taxonomy":"post_tag","embeddable":true,"href":"https:\/\/radiorevelacionfm.cl\/index.php?rest_route=%2Fwp%2Fv2%2Ftags&post=49123"}],"curies":[{"name":"wp","href":"https:\/\/api.w.org\/{rel}","templated":true}]}}