{"id":49120,"date":"2024-12-23T11:36:09","date_gmt":"2024-12-23T14:36:09","guid":{"rendered":"https:\/\/radiorevelacionfm.cl\/?p=49120"},"modified":"2024-12-23T11:36:09","modified_gmt":"2024-12-23T14:36:09","slug":"sma-ordena-medidas-provisionales-contra-titular-del-bar-chaplin-por-emision-de-ruidos-molestos","status":"publish","type":"post","link":"https:\/\/radiorevelacionfm.cl\/?p=49120","title":{"rendered":"SMA ordena Medidas Provisionales contra titular del Bar Chapl\u00edn por emisi\u00f3n de ruidos molestos"},"content":{"rendered":"<div class=\"flex_column av_one_full  flex_column_div av-zero-column-padding first  avia-builder-el-0  el_before_av_one_full  avia-builder-el-first  \" style='border-radius:0px; '><div  class='avia-image-container  av-styling-    avia-builder-el-1  avia-builder-el-no-sibling  avia-align-center '  itemprop=\"image\" itemscope=\"itemscope\" itemtype=\"https:\/\/schema.org\/ImageObject\"  ><div class='avia-image-container-inner'><div class='avia-image-overlay-wrap'><img decoding=\"async\" class='wp-image-49121 avia-img-lazy-loading-not-49121 avia_image' src=\"https:\/\/radiorevelacionfm.cl\/wp-content\/uploads\/2024\/12\/2-2024-12-23t113303_optimized.591-1.jpg\" alt='' title='2 - -2024-12-23t113303_optimized.591-(1)' height=\"600\" width=\"802\"  itemprop=\"thumbnailUrl\" srcset=\"https:\/\/radiorevelacionfm.cl\/wp-content\/uploads\/2024\/12\/2-2024-12-23t113303_optimized.591-1.jpg 802w, https:\/\/radiorevelacionfm.cl\/wp-content\/uploads\/2024\/12\/2-2024-12-23t113303_optimized.591-1-300x224.jpg 300w, https:\/\/radiorevelacionfm.cl\/wp-content\/uploads\/2024\/12\/2-2024-12-23t113303_optimized.591-1-768x575.jpg 768w, https:\/\/radiorevelacionfm.cl\/wp-content\/uploads\/2024\/12\/2-2024-12-23t113303_optimized.591-1-705x527.jpg 705w, https:\/\/radiorevelacionfm.cl\/wp-content\/uploads\/2024\/12\/2-2024-12-23t113303_optimized.591-1-450x337.jpg 450w, https:\/\/radiorevelacionfm.cl\/wp-content\/uploads\/2024\/12\/2-2024-12-23t113303_optimized.591-1-600x449.jpg 600w\" sizes=\"(max-width: 802px) 100vw, 802px\" \/><\/div><\/div><\/div><\/div><div class=\"flex_column av_one_full  flex_column_div av-zero-column-padding first  avia-builder-el-2  el_after_av_one_full  el_before_av_one_full  column-top-margin\" style='border-radius:0px; '><section class=\"av_textblock_section \"  itemscope=\"itemscope\" itemtype=\"https:\/\/schema.org\/BlogPosting\" itemprop=\"blogPost\" ><div class='avia_textblock  '   itemprop=\"text\" ><p style=\"text-align: center;\"><span style=\"font-size: 18pt;\"><b>SMA ordena Medidas Provisionales contra titular del Bar Chapl\u00edn por emisi\u00f3n de ruidos molestos<\/b><\/span><\/p>\n<div id=\"gtx-trans\" style=\"position: absolute; left: -50px; top: 4.31534px;\">\n<div class=\"gtx-trans-icon\"><\/div>\n<\/div>\n<\/div><\/section><\/div><div class=\"flex_column av_one_full  flex_column_div av-zero-column-padding first  avia-builder-el-4  el_after_av_one_full  el_before_av_hr  column-top-margin\" style='border-radius:0px; '><section class=\"av_textblock_section \"  itemscope=\"itemscope\" itemtype=\"https:\/\/schema.org\/BlogPosting\" itemprop=\"blogPost\" ><div class='avia_textblock  '   itemprop=\"text\" ><ul>\n<li style=\"text-align: justify;\"><em>Denuncia ciudadana por ruidos dio origen a una inspecci\u00f3n ambiental realizada por la Superintendencia del Medio Ambiente, registr\u00e1ndose superaci\u00f3n de los l\u00edmites m\u00e1ximos de nivel de presi\u00f3n sonora establecidos por la normativa.<\/em><\/li>\n<\/ul>\n<p style=\"text-align: justify;\">La Superintendencia del Medio Ambiente (SMA) ha ordenado medidas provisionales pre-procedimentales en contra de la Sociedad Comercial Karcrixh SpA, titular del establecimiento \u201cBar Chapl\u00edn\u201d, ubicado en Francisco Bilbao N\u00b0260, comuna de Coyhaique, Regi\u00f3n de Ays\u00e9n, tras constatar superaci\u00f3n a los l\u00edmites m\u00e1ximos de nivel de presi\u00f3n sonora establecidos en la Norma de Emisi\u00f3n de Ruido (Decreto Supremo N\u00b038, de 2011, del Ministerio del Medio Ambiente).<\/p>\n<p style=\"text-align: justify;\">Las medidas ordenadas tienen como origen una denuncia ciudadana asociada a actividades de karaoke, bandas en vivo y baile al interior del local, realizadas de lunes a domingo, hasta la madrugada del d\u00eda siguiente.<\/p>\n<p style=\"text-align: justify;\">Con el objetivo de atender la denuncia, la SMA realiz\u00f3 una actividad de fiscalizaci\u00f3n el 15 de diciembre, registrando excedencia de 16 decibeles en horario nocturno por sobre el l\u00edmite m\u00e1ximo establecido en la normativa mencionada en Zona II (l\u00edmite de hasta 45 decibles en horario nocturno).<\/p>\n<p style=\"text-align: justify;\">Al respecto,\u00a0<strong>Oscar Leal<\/strong>, jefe de la Oficina Regional SMA de Ays\u00e9n explic\u00f3 que\u00a0<em>\u201clas medidas dictadas se justifican en la afectaci\u00f3n que esta situaci\u00f3n puede estar causando en los vecinos del sector que se han visto expuestos al ruido reiterado por parte del recinto\u201d.<\/em><\/p>\n<p style=\"text-align: justify;\">En total, se ha ordenado al titular la adopci\u00f3n de las siguientes medidas por un plazo de 15 d\u00edas h\u00e1biles:<\/p>\n<ol>\n<li style=\"text-align: justify;\">Elaborar un informe t\u00e9cnico de diagn\u00f3stico de problemas ac\u00fasticos, que considere, a lo menos, un levantamiento de las caracter\u00edsticas del establecimiento, tanto al interior, como en la terraza exterior (cantidad de equipos, niveles de potencia ac\u00fastica de los equipos, distribuci\u00f3n y proyecci\u00f3n sonora dentro del local, eficiencia ac\u00fastica, entre otros), junto con las caracter\u00edsticas de la materialidad de las estructuras principales del establecimiento (techo, paredes y suelo). Adem\u00e1s, deber\u00e1 indicar sugerencias de acciones y mejoras ac\u00fasticas que puedan ser implementadas en el local, para dar cumplimiento a los niveles de emisi\u00f3n de ruido del D.S. N\u00b038\/2011 MMA.<\/li>\n<li style=\"text-align: justify;\">Implementar las mejoras propuestas en el informe t\u00e9cnico de diagn\u00f3stico de problemas ac\u00fasticos, apoyado por el profesional que lo elabor\u00f3.<\/li>\n<li style=\"text-align: justify;\">Implementar e instalar, en un lugar cerrado para evitar que sea manipulado, un dispositivo limitador de frecuencias o compresor ac\u00fastico en la cadena electroac\u00fastica, el cual debe ser programado por un profesional en la materia, con el objeto de reducir las emisiones ac\u00fasticas provenientes de los sistemas de reproducci\u00f3n y amplificaci\u00f3n del local.<\/li>\n<li style=\"text-align: justify;\">Prohibir la realizaci\u00f3n de eventos o actividades de karaoke o que impliquen el uso de equipos de amplificaci\u00f3n en horario nocturno, esto es, desde las 21:00 horas hasta las 07:00 horas, mientras no se encuentren implementadas las mejoras definidas en el informe t\u00e9cnico de diagn\u00f3stico de problemas ac\u00fasticos. Esta prohibici\u00f3n incluye sistemas de reproducci\u00f3n de m\u00fasica y amplificaci\u00f3n del local, altavoces, parlantes, subwoofer y animadores en el local. La medida se ordena por el plazo de 15 d\u00edas h\u00e1biles, o hasta que se acredite la implementaci\u00f3n de las mejoras propuestas en el informe t\u00e9cnico de diagn\u00f3stico de problemas ac\u00fasticos.<\/li>\n<\/ol>\n<\/div><\/section><\/div><div  style='height:50px' class='hr hr-invisible   avia-builder-el-6  el_after_av_one_full  el_before_av_social_share '><span class='hr-inner ' ><span class='hr-inner-style'><\/span><\/span><\/div><\/p>\n<div  class='av-social-sharing-box  avia-builder-el-7  el_after_av_hr  el_before_av_hr  '><div class='av-share-box'><h5 class='av-share-link-description av-no-toc '>Compartir esta noticia<\/h5><ul class='av-share-box-list noLightbox'><li class='av-share-link av-social-link-facebook' ><a target=\"_blank\" aria-label=\"Compartir en Facebook\" href='https:\/\/www.facebook.com\/sharer.php?u=https:\/\/radiorevelacionfm.cl\/?p=49120&#038;t=SMA%20ordena%20Medidas%20Provisionales%20contra%20titular%20del%20Bar%20Chapl%C3%ADn%20por%20emisi%C3%B3n%20de%20ruidos%20molestos' aria-hidden='false' data-av_icon='\ue8f3' data-av_iconfont='entypo-fontello' title='' data-avia-related-tooltip='Compartir en Facebook' rel=\"noopener\"><span class='avia_hidden_link_text'>Compartir en Facebook<\/span><\/a><\/li><li class='av-share-link av-social-link-twitter' ><a target=\"_blank\" aria-label=\"Compartir en Twitter\" href='https:\/\/twitter.com\/share?text=SMA%20ordena%20Medidas%20Provisionales%20contra%20titular%20del%20Bar%20Chapl%C3%ADn%20por%20emisi%C3%B3n%20de%20ruidos%20molestos&#038;url=https:\/\/radiorevelacionfm.cl\/?p=49120' aria-hidden='false' data-av_icon='\ue8f1' data-av_iconfont='entypo-fontello' title='' data-avia-related-tooltip='Compartir en Twitter' rel=\"noopener\"><span class='avia_hidden_link_text'>Compartir en Twitter<\/span><\/a><\/li><li class='av-share-link av-social-link-whatsapp' ><a target=\"_blank\" aria-label=\"Compartir en Whatsapp\" href='https:\/\/api.whatsapp.com\/send?text=https:\/\/radiorevelacionfm.cl\/?p=49120' aria-hidden='false' data-av_icon='\uf232' data-av_iconfont='entypo-fontello' title='' data-avia-related-tooltip='Compartir en Whatsapp' rel=\"noopener\"><span class='avia_hidden_link_text'>Compartir en Whatsapp<\/span><\/a><\/li><li class='av-share-link av-social-link-linkedin' ><a target=\"_blank\" aria-label=\"Compartir en LinkedIn\" href='https:\/\/linkedin.com\/shareArticle?mini=true&#038;title=SMA%20ordena%20Medidas%20Provisionales%20contra%20titular%20del%20Bar%20Chapl%C3%ADn%20por%20emisi%C3%B3n%20de%20ruidos%20molestos&#038;url=https:\/\/radiorevelacionfm.cl\/?p=49120' aria-hidden='false' data-av_icon='\ue8fc' data-av_iconfont='entypo-fontello' title='' data-avia-related-tooltip='Compartir en LinkedIn' rel=\"noopener\"><span class='avia_hidden_link_text'>Compartir en LinkedIn<\/span><\/a><\/li><li class='av-share-link av-social-link-mail' ><a  aria-label=\"Compartir por correo\" href='mailto:?subject=SMA%20ordena%20Medidas%20Provisionales%20contra%20titular%20del%20Bar%20Chapl%C3%ADn%20por%20emisi%C3%B3n%20de%20ruidos%20molestos&#038;body=https:\/\/radiorevelacionfm.cl\/?p=49120' aria-hidden='false' data-av_icon='\ue805' data-av_iconfont='entypo-fontello' title='' data-avia-related-tooltip='Compartir por correo'><span class='avia_hidden_link_text'>Compartir por correo<\/span><\/a><\/li><\/ul><\/div><\/div>\n<div  style='height:50px' class='hr hr-invisible   avia-builder-el-8  el_after_av_social_share  el_before_av_comments_list '><span class='hr-inner ' ><span class='hr-inner-style'><\/span><\/span><\/div>\n<div  class='av-buildercomment  av-blog-meta-html-info-disabled av-blog-meta-tag-disabled  '><\/div>\n","protected":false},"excerpt":{"rendered":"","protected":false},"author":1,"featured_media":49121,"comment_status":"open","ping_status":"open","sticky":false,"template":"","format":"standard","meta":{"footnotes":""},"categories":[38],"tags":[],"class_list":["post-49120","post","type-post","status-publish","format-standard","has-post-thumbnail","hentry","category-regional"],"jetpack_featured_media_url":"https:\/\/radiorevelacionfm.cl\/wp-content\/uploads\/2024\/12\/2-2024-12-23t113303_optimized.591-1.jpg","_links":{"self":[{"href":"https:\/\/radiorevelacionfm.cl\/index.php?rest_route=\/wp\/v2\/posts\/49120","targetHints":{"allow":["GET"]}}],"collection":[{"href":"https:\/\/radiorevelacionfm.cl\/index.php?rest_route=\/wp\/v2\/posts"}],"about":[{"href":"https:\/\/radiorevelacionfm.cl\/index.php?rest_route=\/wp\/v2\/types\/post"}],"author":[{"embeddable":true,"href":"https:\/\/radiorevelacionfm.cl\/index.php?rest_route=\/wp\/v2\/users\/1"}],"replies":[{"embeddable":true,"href":"https:\/\/radiorevelacionfm.cl\/index.php?rest_route=%2Fwp%2Fv2%2Fcomments&post=49120"}],"version-history":[{"count":1,"href":"https:\/\/radiorevelacionfm.cl\/index.php?rest_route=\/wp\/v2\/posts\/49120\/revisions"}],"predecessor-version":[{"id":49122,"href":"https:\/\/radiorevelacionfm.cl\/index.php?rest_route=\/wp\/v2\/posts\/49120\/revisions\/49122"}],"wp:featuredmedia":[{"embeddable":true,"href":"https:\/\/radiorevelacionfm.cl\/index.php?rest_route=\/wp\/v2\/media\/49121"}],"wp:attachment":[{"href":"https:\/\/radiorevelacionfm.cl\/index.php?rest_route=%2Fwp%2Fv2%2Fmedia&parent=49120"}],"wp:term":[{"taxonomy":"category","embeddable":true,"href":"https:\/\/radiorevelacionfm.cl\/index.php?rest_route=%2Fwp%2Fv2%2Fcategories&post=49120"},{"taxonomy":"post_tag","embeddable":true,"href":"https:\/\/radiorevelacionfm.cl\/index.php?rest_route=%2Fwp%2Fv2%2Ftags&post=49120"}],"curies":[{"name":"wp","href":"https:\/\/api.w.org\/{rel}","templated":true}]}}