{"id":4912,"date":"2021-06-04T16:31:22","date_gmt":"2021-06-04T19:31:22","guid":{"rendered":"https:\/\/radiorevelacionfm.cl\/?p=4912"},"modified":"2021-06-04T16:31:22","modified_gmt":"2021-06-04T19:31:22","slug":"ante-peak-de-casos-covid19-hospital-regional-coyhaique-usa-estrategia-de-traslado-de-pacientes-para-tener-camas-criticas-disponibles","status":"publish","type":"post","link":"https:\/\/radiorevelacionfm.cl\/?p=4912","title":{"rendered":"Ante peak de casos Covid19 Hospital Regional Coyhaique usa estrategia de traslado de pacientes para tener camas cr\u00edticas disponibles"},"content":{"rendered":"<div class=\"flex_column av_one_full  flex_column_div av-zero-column-padding first  avia-builder-el-0  el_before_av_one_full  avia-builder-el-first  \" style='border-radius:0px; '><div  class='avia-image-container  av-styling-    avia-builder-el-1  avia-builder-el-no-sibling  avia-align-center '  itemprop=\"image\" itemscope=\"itemscope\" itemtype=\"https:\/\/schema.org\/ImageObject\"  ><div class='avia-image-container-inner'><div class='avia-image-overlay-wrap'><img decoding=\"async\" class='wp-image-4913 avia-img-lazy-loading-not-4913 avia_image' src=\"https:\/\/radiorevelacionfm.cl\/wp-content\/uploads\/2021\/06\/traslado-covid-10_optimized.jpeg\" alt='' title='traslado-covid-(10)_optimized' height=\"713\" width=\"1280\"  itemprop=\"thumbnailUrl\" srcset=\"https:\/\/radiorevelacionfm.cl\/wp-content\/uploads\/2021\/06\/traslado-covid-10_optimized.jpeg 1280w, https:\/\/radiorevelacionfm.cl\/wp-content\/uploads\/2021\/06\/traslado-covid-10_optimized-300x167.jpeg 300w, https:\/\/radiorevelacionfm.cl\/wp-content\/uploads\/2021\/06\/traslado-covid-10_optimized-1030x574.jpeg 1030w, https:\/\/radiorevelacionfm.cl\/wp-content\/uploads\/2021\/06\/traslado-covid-10_optimized-768x428.jpeg 768w, https:\/\/radiorevelacionfm.cl\/wp-content\/uploads\/2021\/06\/traslado-covid-10_optimized-705x393.jpeg 705w, https:\/\/radiorevelacionfm.cl\/wp-content\/uploads\/2021\/06\/traslado-covid-10_optimized-600x334.jpeg 600w\" sizes=\"(max-width: 1280px) 100vw, 1280px\" \/><\/div><\/div><\/div><\/div><div class=\"flex_column av_one_full  flex_column_div av-zero-column-padding first  avia-builder-el-2  el_after_av_one_full  el_before_av_one_full  column-top-margin\" style='border-radius:0px; '><section class=\"av_textblock_section \"  itemscope=\"itemscope\" itemtype=\"https:\/\/schema.org\/BlogPosting\" itemprop=\"blogPost\" ><div class='avia_textblock  '   itemprop=\"text\" ><p style=\"text-align: center;\"><span style=\"font-size: 18pt;\"><strong>Ante peak de casos Covid19 Hospital Regional Coyhaique usa estrategia de traslado de pacientes para tener camas cr\u00edticas disponibles<\/strong><\/span><\/p>\n<div id=\"gtx-trans\" style=\"position: absolute; left: -50px; top: 4.31534px;\">\n<div class=\"gtx-trans-icon\"><\/div>\n<\/div>\n<\/div><\/section><\/div><div class=\"flex_column av_one_full  flex_column_div av-zero-column-padding first  avia-builder-el-4  el_after_av_one_full  el_before_av_hr  column-top-margin\" style='border-radius:0px; '><section class=\"av_textblock_section \"  itemscope=\"itemscope\" itemtype=\"https:\/\/schema.org\/BlogPosting\" itemprop=\"blogPost\" ><div class='avia_textblock  '   itemprop=\"text\" ><p style=\"text-align: justify;\">En las \u00faltimas semanas, el aumento de casos COVID-19 en la regi\u00f3n de Ays\u00e9n \u2013que ha llegado al peak de casos activos desde que comenz\u00f3 la pandemia el a\u00f1o 2020- ha implicado un incremento de las hospitalizaciones por dicha enfermedad, creciendo, adem\u00e1s, el porcentaje de ocupaci\u00f3n de camas cr\u00edticas en el Hospital Regional Coyhaique, \u00fanico centro hospitalario de alta complejidad de la regi\u00f3n de Ays\u00e9n.<\/p>\n<p style=\"text-align: justify;\">En este contexto, la Unidad de Gesti\u00f3n de Camas (UGCC) del establecimiento ha sido clave para que el sistema no colapse. Mediante un trabajo log\u00edstico coordinado tanto a nivel intra como extrahospitalario, son los encargados de apoyar la derivaci\u00f3n de pacientes que requieren cama en un establecimiento p\u00fablico, monitoreando diariamente la ocupaci\u00f3n de camas dentro del HRC, y gestionando el eventual traslado de pacientes hacia otros centros de referencia en el pa\u00eds, estrategia que ha permitido tener un stock de camas cr\u00edticas disponibles ante al lamentable aumento de pacientes COVID-19.<\/p>\n<p style=\"text-align: justify;\">Bajo este contexto, durante este a\u00f1o se han realizado un total de 31 traslados extraregionales, 19 de ellos de paciente COVID, a diferencia del a\u00f1o 2020, donde s\u00f3lo hubo 2 traslados por esta patolog\u00eda, lo que ejemplifica la cr\u00edtica situaci\u00f3n actual de nuestra regi\u00f3n. As\u00ed, la UCGG trabaja en conjunto con la Unidad Centralizada de Gesti\u00f3n de Camas del Ministerio de Salud.<\/p>\n<p style=\"text-align: justify;\">\u201cHay un alto n\u00famero de casos registrados y una situaci\u00f3n de contagios que augura m\u00e1s demanda de camas cr\u00edticas, por lo que hemos tenido que derivarlos a otros centros asistenciales. Analizamos qu\u00e9 pacientes pueden trasladarse y a cu\u00e1l recinto podemos hacerlo. Para todas esas gestiones, durante la emergencia sanitaria hemos duplicado el personal de la Unidad\u00a0 para que podamos dar abasto con la demanda. No podemos llegar a eso\u201d, explica Paola Saldivia, enfermera encargada de la UGCC del Hospital Regional Coyhaique.<\/p>\n<p style=\"text-align: justify;\">La profesional, con vasta trayectoria en esta \u00e1rea, coment\u00f3 que los traslados extraregionales se realizan bajo la estrategia de liberaci\u00f3n de cupos de camas de atenci\u00f3n de pacientes cr\u00edticos. Tambi\u00e9n se ha trabajado en una estrategia de traslados hacia otras comunas de la regi\u00f3n de Ays\u00e9n para pacientes de menor gravedad. En efecto, desde el 20 de mayo de 2021 a la fecha se han trasladado 17 pacientes COVID de menor cuidado (no graves) al Hospital de Puerto Ays\u00e9n.<\/p>\n<p style=\"text-align: justify;\">\u201cNuestro objetivo es contar al menos 3 camas cr\u00edticas disponibles para poder tener cierto control frente al agravamiento de pacientes. Hay servicios que atienden todo tipo de pacientes, muchos que pueden agravarse y requerir cuidados m\u00e1s intensivos, como intubaci\u00f3n y ventilaci\u00f3n mec\u00e1nica invasiva, sumado a otros que puedan llegar y requieran ese tipo de cuidados\u201d, sostuvo la enfermera.<\/p>\n<p style=\"text-align: justify;\">Otro equipo clave en el traslado de pacientes es el Subdepartamento de Apoyo al Usuario, mediante su oficina de Coordinaci\u00f3n de Traslados. \u201cSe pide hora al centro de referencia cuando el traslado es ambulatorio, o se env\u00eda a la Unidad de Gesti\u00f3n Centralizada de Camas para solicitar cupo si es que el traslado es de un paciente hospitalizado. Al contar con el cupo, se gestiona la v\u00eda de traslado, vuelo de itinerario en aerol\u00ednea comercial o avi\u00f3n ambulancia, de acuerdo a lo condici\u00f3n cl\u00ednica del paciente, efectu\u00e1ndose la compra correspondiente, lo que incluye el retorno una vez que el usuario es atendido en la red\u201d, detalla Mar\u00eda de Los Angeles Poliche, jefa (S) de Apoyo al Usuario.<\/p>\n<p style=\"text-align: justify;\">La profesional agrega que, en el contexto de la pandemia, \u201ctodos los usuarios trasladados por el HRC deben contar con PCR negativa tomada 96 horas previas al viaje, y 48 horas si los usuarios llegan a residencias en su lugar de destino que est\u00e1n destinadas a pacientes a cargo de esos hospitales\u201d, sostuvo.<\/p>\n<p style=\"text-align: justify;\">Por su parte, el director del Hospital Regional Coyhaique, Jaime L\u00f3pez Quintana, se\u00f1al\u00f3 que la pandemia ha puesto a prueba la capacidad de respuesta del establecimiento. \u201cNuestros n\u00fameros siempre est\u00e1n tratando de asegurar la posibilidad de contar al menos con un stock de 3 camas tanto para paciente COVID como no COVID. Para eso hemos aumentado de manera progresiva nuestra disponibilidad de camas\u201d.<\/p>\n<p style=\"text-align: justify;\">En ese sentido, el director del HRC detall\u00f3 que \u201cdesde fines de mayo, aumentamos a 13 las camas UCI en el HRC, y eso nos ha permitido enfrentar de manera importante la demanda en estos d\u00edas. Una estrategia para mantener los stock y muy relevante, con un esfuerzo grande, ha sido el traslado de pacientes Covid, concret\u00e1ndose en las \u00faltimas dos semanas un total de 14 traslados a la red nacional\u201d.<\/p>\n<\/div><\/section><\/div><div  style='height:50px' class='hr hr-invisible   avia-builder-el-6  el_after_av_one_full  el_before_av_social_share '><span class='hr-inner ' ><span class='hr-inner-style'><\/span><\/span><\/div><\/p>\n<div  class='av-social-sharing-box  avia-builder-el-7  el_after_av_hr  el_before_av_hr  '><div class='av-share-box'><h5 class='av-share-link-description av-no-toc '>Compartir esta noticia<\/h5><ul class='av-share-box-list noLightbox'><li class='av-share-link av-social-link-facebook' ><a target=\"_blank\" aria-label=\"Compartir en Facebook\" href='https:\/\/www.facebook.com\/sharer.php?u=https:\/\/radiorevelacionfm.cl\/?p=4912&#038;t=Ante%20peak%20de%20casos%20Covid19%20Hospital%20Regional%20Coyhaique%20usa%20estrategia%20de%20traslado%20de%20pacientes%20para%20tener%20camas%20cr%C3%ADticas%20disponibles' aria-hidden='false' data-av_icon='\ue8f3' data-av_iconfont='entypo-fontello' title='' data-avia-related-tooltip='Compartir en Facebook' rel=\"noopener\"><span class='avia_hidden_link_text'>Compartir en Facebook<\/span><\/a><\/li><li class='av-share-link av-social-link-twitter' ><a target=\"_blank\" aria-label=\"Compartir en Twitter\" href='https:\/\/twitter.com\/share?text=Ante%20peak%20de%20casos%20Covid19%20Hospital%20Regional%20Coyhaique%20usa%20estrategia%20de%20traslado%20de%20pacientes%20para%20tener%20camas%20cr%C3%ADticas%20disponibles&#038;url=https:\/\/radiorevelacionfm.cl\/?p=4912' aria-hidden='false' data-av_icon='\ue8f1' data-av_iconfont='entypo-fontello' title='' data-avia-related-tooltip='Compartir en Twitter' rel=\"noopener\"><span class='avia_hidden_link_text'>Compartir en Twitter<\/span><\/a><\/li><li class='av-share-link av-social-link-whatsapp' ><a target=\"_blank\" aria-label=\"Compartir en Whatsapp\" href='https:\/\/api.whatsapp.com\/send?text=https:\/\/radiorevelacionfm.cl\/?p=4912' aria-hidden='false' data-av_icon='\uf232' data-av_iconfont='entypo-fontello' title='' data-avia-related-tooltip='Compartir en Whatsapp' rel=\"noopener\"><span class='avia_hidden_link_text'>Compartir en Whatsapp<\/span><\/a><\/li><li class='av-share-link av-social-link-linkedin' ><a target=\"_blank\" aria-label=\"Compartir en LinkedIn\" href='https:\/\/linkedin.com\/shareArticle?mini=true&#038;title=Ante%20peak%20de%20casos%20Covid19%20Hospital%20Regional%20Coyhaique%20usa%20estrategia%20de%20traslado%20de%20pacientes%20para%20tener%20camas%20cr%C3%ADticas%20disponibles&#038;url=https:\/\/radiorevelacionfm.cl\/?p=4912' aria-hidden='false' data-av_icon='\ue8fc' data-av_iconfont='entypo-fontello' title='' data-avia-related-tooltip='Compartir en LinkedIn' rel=\"noopener\"><span class='avia_hidden_link_text'>Compartir en LinkedIn<\/span><\/a><\/li><li class='av-share-link av-social-link-mail' ><a  aria-label=\"Compartir por correo\" href='mailto:?subject=Ante%20peak%20de%20casos%20Covid19%20Hospital%20Regional%20Coyhaique%20usa%20estrategia%20de%20traslado%20de%20pacientes%20para%20tener%20camas%20cr%C3%ADticas%20disponibles&#038;body=https:\/\/radiorevelacionfm.cl\/?p=4912' aria-hidden='false' data-av_icon='\ue805' data-av_iconfont='entypo-fontello' title='' data-avia-related-tooltip='Compartir por correo'><span class='avia_hidden_link_text'>Compartir por correo<\/span><\/a><\/li><\/ul><\/div><\/div>\n<div  style='height:50px' class='hr hr-invisible   avia-builder-el-8  el_after_av_social_share  el_before_av_comments_list '><span class='hr-inner ' ><span class='hr-inner-style'><\/span><\/span><\/div>\n<div  class='av-buildercomment  av-blog-meta-html-info-disabled av-blog-meta-tag-disabled  '><\/div>\n","protected":false},"excerpt":{"rendered":"","protected":false},"author":1,"featured_media":4913,"comment_status":"open","ping_status":"open","sticky":false,"template":"","format":"standard","meta":{"footnotes":""},"categories":[38],"tags":[],"class_list":["post-4912","post","type-post","status-publish","format-standard","has-post-thumbnail","hentry","category-regional"],"jetpack_featured_media_url":"https:\/\/radiorevelacionfm.cl\/wp-content\/uploads\/2021\/06\/traslado-covid-10_optimized.jpeg","_links":{"self":[{"href":"https:\/\/radiorevelacionfm.cl\/index.php?rest_route=\/wp\/v2\/posts\/4912","targetHints":{"allow":["GET"]}}],"collection":[{"href":"https:\/\/radiorevelacionfm.cl\/index.php?rest_route=\/wp\/v2\/posts"}],"about":[{"href":"https:\/\/radiorevelacionfm.cl\/index.php?rest_route=\/wp\/v2\/types\/post"}],"author":[{"embeddable":true,"href":"https:\/\/radiorevelacionfm.cl\/index.php?rest_route=\/wp\/v2\/users\/1"}],"replies":[{"embeddable":true,"href":"https:\/\/radiorevelacionfm.cl\/index.php?rest_route=%2Fwp%2Fv2%2Fcomments&post=4912"}],"version-history":[{"count":1,"href":"https:\/\/radiorevelacionfm.cl\/index.php?rest_route=\/wp\/v2\/posts\/4912\/revisions"}],"predecessor-version":[{"id":4914,"href":"https:\/\/radiorevelacionfm.cl\/index.php?rest_route=\/wp\/v2\/posts\/4912\/revisions\/4914"}],"wp:featuredmedia":[{"embeddable":true,"href":"https:\/\/radiorevelacionfm.cl\/index.php?rest_route=\/wp\/v2\/media\/4913"}],"wp:attachment":[{"href":"https:\/\/radiorevelacionfm.cl\/index.php?rest_route=%2Fwp%2Fv2%2Fmedia&parent=4912"}],"wp:term":[{"taxonomy":"category","embeddable":true,"href":"https:\/\/radiorevelacionfm.cl\/index.php?rest_route=%2Fwp%2Fv2%2Fcategories&post=4912"},{"taxonomy":"post_tag","embeddable":true,"href":"https:\/\/radiorevelacionfm.cl\/index.php?rest_route=%2Fwp%2Fv2%2Ftags&post=4912"}],"curies":[{"name":"wp","href":"https:\/\/api.w.org\/{rel}","templated":true}]}}