{"id":49113,"date":"2024-12-23T10:16:34","date_gmt":"2024-12-23T13:16:34","guid":{"rendered":"https:\/\/radiorevelacionfm.cl\/?p=49113"},"modified":"2024-12-23T10:16:34","modified_gmt":"2024-12-23T13:16:34","slug":"primera-edicion-de-expo-juventudes-rurales-jovenes-de-indap-promueven-alimentacion-consciente-y-desarrollo-sostenible","status":"publish","type":"post","link":"https:\/\/radiorevelacionfm.cl\/?p=49113","title":{"rendered":"Primera edici\u00f3n de Expo Juventudes Rurales: J\u00f3venes de Indap promueven alimentaci\u00f3n consciente y desarrollo sostenible"},"content":{"rendered":"<div class=\"flex_column av_one_full  flex_column_div av-zero-column-padding first  avia-builder-el-0  el_before_av_one_full  avia-builder-el-first  \" style='border-radius:0px; '><div  class='avia-image-container  av-styling-    avia-builder-el-1  avia-builder-el-no-sibling  avia-align-center '  itemprop=\"image\" itemscope=\"itemscope\" itemtype=\"https:\/\/schema.org\/ImageObject\"  ><div class='avia-image-container-inner'><div class='avia-image-overlay-wrap'><img decoding=\"async\" class='wp-image-49114 avia-img-lazy-loading-not-49114 avia_image' src=\"https:\/\/radiorevelacionfm.cl\/wp-content\/uploads\/2024\/12\/expo-jjrr-3-1_optimized.jpeg\" alt='' title='expo-jjrr-3-(1)_optimized' height=\"600\" width=\"800\"  itemprop=\"thumbnailUrl\" srcset=\"https:\/\/radiorevelacionfm.cl\/wp-content\/uploads\/2024\/12\/expo-jjrr-3-1_optimized.jpeg 800w, https:\/\/radiorevelacionfm.cl\/wp-content\/uploads\/2024\/12\/expo-jjrr-3-1_optimized-300x225.jpeg 300w, https:\/\/radiorevelacionfm.cl\/wp-content\/uploads\/2024\/12\/expo-jjrr-3-1_optimized-768x576.jpeg 768w, https:\/\/radiorevelacionfm.cl\/wp-content\/uploads\/2024\/12\/expo-jjrr-3-1_optimized-705x529.jpeg 705w, https:\/\/radiorevelacionfm.cl\/wp-content\/uploads\/2024\/12\/expo-jjrr-3-1_optimized-450x338.jpeg 450w, https:\/\/radiorevelacionfm.cl\/wp-content\/uploads\/2024\/12\/expo-jjrr-3-1_optimized-600x450.jpeg 600w\" sizes=\"(max-width: 800px) 100vw, 800px\" \/><\/div><\/div><\/div><\/div><div class=\"flex_column av_one_full  flex_column_div av-zero-column-padding first  avia-builder-el-2  el_after_av_one_full  el_before_av_one_full  column-top-margin\" style='border-radius:0px; '><section class=\"av_textblock_section \"  itemscope=\"itemscope\" itemtype=\"https:\/\/schema.org\/BlogPosting\" itemprop=\"blogPost\" ><div class='avia_textblock  '   itemprop=\"text\" ><p style=\"text-align: center;\"><strong><span style=\"font-size: 18pt;\">Primera edici\u00f3n de Expo Juventudes Rurales: J\u00f3venes de Indap promueven alimentaci\u00f3n consciente y desarrollo sostenible<\/span><\/strong><\/p>\n<div id=\"gtx-trans\" style=\"position: absolute; left: -50px; top: 4.31534px;\">\n<div class=\"gtx-trans-icon\"><\/div>\n<\/div>\n<\/div><\/section><\/div><div class=\"flex_column av_one_full  flex_column_div av-zero-column-padding first  avia-builder-el-4  el_after_av_one_full  el_before_av_hr  column-top-margin\" style='border-radius:0px; '><section class=\"av_textblock_section \"  itemscope=\"itemscope\" itemtype=\"https:\/\/schema.org\/BlogPosting\" itemprop=\"blogPost\" ><div class='avia_textblock  '   itemprop=\"text\" ><p style=\"text-align: justify;\">En este mes de diciembre, la Plaza de Armas de Coyhaique se llen\u00f3 de colores y sabores con la Expo Juventudes Rurales 2024, una iniciativa organizada por INDAP Ays\u00e9n que busc\u00f3 conectar a j\u00f3venes rurales con el p\u00fablico, promoviendo productos locales bajo el lema: \u00abalimentaci\u00f3n consciente de las nuevas generaciones a tu mesa\u00bb. Durante la jornada, 15 emprendedores rurales j\u00f3venes provenientes de sectores como Viviana Norte, Chacra 36 en Chile Chico, y el Predio La Media Luna en R\u00edo Paloma presentaron productos que incluyeron una gran variedad de plantas, hortalizas de hojas y ra\u00edz, sazonadores a base de hongos locales, plantas y hierbas medicinales, tejidos, mermeladas y huevos frescos.<\/p>\n<p style=\"text-align: justify;\">La actividad cont\u00f3 con la presencia de destacadas autoridades como el SEREMI de Agricultura Eugenio Ruiz, quien se\u00f1al\u00f3:\u00a0\u00abla seguridad y soberan\u00eda alimentaria es uno de los pilares fundamentales del Ministerio de Agricultura y con ello estamos muy contentos de que junto a INDAP se desarrolle hoy la primera expo de Juventudes Rurales en nuestra regi\u00f3n de Ays\u00e9n, con quienes mantenemos un importante trabajo colaborativo y reconocemos su \u00edmpetu en fortalecer la agricultura familiar campesina local. Esta expo adem\u00e1s contempl\u00f3 participaci\u00f3n del mundo acad\u00e9mico, tanto en educaci\u00f3n primaria como en universitaria y t\u00e9cnico profesional, permitiendo visibilizar alternativas ligadas al agro para las juventudes de Ays\u00e9n\u00bb. Asimismo, la directora regional de INDAP, Yessica Lagos, enfatiz\u00f3: \u00abnuestras juventudes rurales son el futuro de la agricultura familiar campesina e ind\u00edgena y esta primera Expo Juventudes Rurales nos permiti\u00f3 poner en valor el trabajo que ellos hacen, adem\u00e1s conocer a\u00a0\u00a0j\u00f3venes que se encuentran hoy en d\u00eda en formaci\u00f3n en distintas universidades y centros de formaci\u00f3n t\u00e9cnica como INACAP, Universidad Austral y Universidad de Ays\u00e9n apostando por formaci\u00f3n con vocaci\u00f3n rural\u00bb.<\/p>\n<p style=\"text-align: justify;\">Asimismo, durante la Expo Juventudes Rurales, los asistentes disfrutaron de un ambiente animado por la m\u00fasica de la banda \u00abSin L\u00edmites\u00bb, que aport\u00f3 un toque campero con acorde\u00f3n y guitarra.<\/p>\n<p style=\"text-align: justify;\">M\u00e1s all\u00e1 de la venta de productos, la feria se transform\u00f3 en un espacio de interacci\u00f3n donde consumidores y productores intercambiaron ideas sobre consumo responsable y pr\u00e1cticas agr\u00edcolas sostenibles, reafirmando la conexi\u00f3n entre lo urbano y lo rural.<\/p>\n<p style=\"text-align: justify;\">La Agenda de Juventudes Rurales de INDAP, que enmarca iniciativas como esta, busca fortalecer el acceso de las juventudes a instrumentos de desarrollo, y visibilizar su rol clave como agentes de cambio. A trav\u00e9s de estas actividades, se fomenta la interacci\u00f3n entre pares, la articulaci\u00f3n con otras instituciones y la consolidaci\u00f3n de una agricultura moderna y sostenible, destacando siempre la importancia del arraigo territorial y la equidad generacional.<\/p>\n<\/div><\/section><\/div><div  style='height:50px' class='hr hr-invisible   avia-builder-el-6  el_after_av_one_full  el_before_av_social_share '><span class='hr-inner ' ><span class='hr-inner-style'><\/span><\/span><\/div><\/p>\n<div  class='av-social-sharing-box  avia-builder-el-7  el_after_av_hr  el_before_av_hr  '><div class='av-share-box'><h5 class='av-share-link-description av-no-toc '>Compartir esta noticia<\/h5><ul class='av-share-box-list noLightbox'><li class='av-share-link av-social-link-facebook' ><a target=\"_blank\" aria-label=\"Compartir en Facebook\" href='https:\/\/www.facebook.com\/sharer.php?u=https:\/\/radiorevelacionfm.cl\/?p=49113&#038;t=Primera%20edici%C3%B3n%20de%20Expo%20Juventudes%20Rurales%3A%20J%C3%B3venes%20de%20Indap%20promueven%20alimentaci%C3%B3n%20consciente%20y%20desarrollo%20sostenible' aria-hidden='false' data-av_icon='\ue8f3' data-av_iconfont='entypo-fontello' title='' data-avia-related-tooltip='Compartir en Facebook' rel=\"noopener\"><span class='avia_hidden_link_text'>Compartir en Facebook<\/span><\/a><\/li><li class='av-share-link av-social-link-twitter' ><a target=\"_blank\" aria-label=\"Compartir en Twitter\" href='https:\/\/twitter.com\/share?text=Primera%20edici%C3%B3n%20de%20Expo%20Juventudes%20Rurales%3A%20J%C3%B3venes%20de%20Indap%20promueven%20alimentaci%C3%B3n%20consciente%20y%20desarrollo%20sostenible&#038;url=https:\/\/radiorevelacionfm.cl\/?p=49113' aria-hidden='false' data-av_icon='\ue8f1' data-av_iconfont='entypo-fontello' title='' data-avia-related-tooltip='Compartir en Twitter' rel=\"noopener\"><span class='avia_hidden_link_text'>Compartir en Twitter<\/span><\/a><\/li><li class='av-share-link av-social-link-whatsapp' ><a target=\"_blank\" aria-label=\"Compartir en Whatsapp\" href='https:\/\/api.whatsapp.com\/send?text=https:\/\/radiorevelacionfm.cl\/?p=49113' aria-hidden='false' data-av_icon='\uf232' data-av_iconfont='entypo-fontello' title='' data-avia-related-tooltip='Compartir en Whatsapp' rel=\"noopener\"><span class='avia_hidden_link_text'>Compartir en Whatsapp<\/span><\/a><\/li><li class='av-share-link av-social-link-linkedin' ><a target=\"_blank\" aria-label=\"Compartir en LinkedIn\" href='https:\/\/linkedin.com\/shareArticle?mini=true&#038;title=Primera%20edici%C3%B3n%20de%20Expo%20Juventudes%20Rurales%3A%20J%C3%B3venes%20de%20Indap%20promueven%20alimentaci%C3%B3n%20consciente%20y%20desarrollo%20sostenible&#038;url=https:\/\/radiorevelacionfm.cl\/?p=49113' aria-hidden='false' data-av_icon='\ue8fc' data-av_iconfont='entypo-fontello' title='' data-avia-related-tooltip='Compartir en LinkedIn' rel=\"noopener\"><span class='avia_hidden_link_text'>Compartir en LinkedIn<\/span><\/a><\/li><li class='av-share-link av-social-link-mail' ><a  aria-label=\"Compartir por correo\" href='mailto:?subject=Primera%20edici%C3%B3n%20de%20Expo%20Juventudes%20Rurales%3A%20J%C3%B3venes%20de%20Indap%20promueven%20alimentaci%C3%B3n%20consciente%20y%20desarrollo%20sostenible&#038;body=https:\/\/radiorevelacionfm.cl\/?p=49113' aria-hidden='false' data-av_icon='\ue805' data-av_iconfont='entypo-fontello' title='' data-avia-related-tooltip='Compartir por correo'><span class='avia_hidden_link_text'>Compartir por correo<\/span><\/a><\/li><\/ul><\/div><\/div>\n<div  style='height:50px' class='hr hr-invisible   avia-builder-el-8  el_after_av_social_share  el_before_av_comments_list '><span class='hr-inner ' ><span class='hr-inner-style'><\/span><\/span><\/div>\n<div  class='av-buildercomment  av-blog-meta-html-info-disabled av-blog-meta-tag-disabled  '><\/div>\n","protected":false},"excerpt":{"rendered":"","protected":false},"author":1,"featured_media":49114,"comment_status":"open","ping_status":"open","sticky":false,"template":"","format":"standard","meta":{"footnotes":""},"categories":[58],"tags":[],"class_list":["post-49113","post","type-post","status-publish","format-standard","has-post-thumbnail","hentry","category-agricultura"],"jetpack_featured_media_url":"https:\/\/radiorevelacionfm.cl\/wp-content\/uploads\/2024\/12\/expo-jjrr-3-1_optimized.jpeg","_links":{"self":[{"href":"https:\/\/radiorevelacionfm.cl\/index.php?rest_route=\/wp\/v2\/posts\/49113","targetHints":{"allow":["GET"]}}],"collection":[{"href":"https:\/\/radiorevelacionfm.cl\/index.php?rest_route=\/wp\/v2\/posts"}],"about":[{"href":"https:\/\/radiorevelacionfm.cl\/index.php?rest_route=\/wp\/v2\/types\/post"}],"author":[{"embeddable":true,"href":"https:\/\/radiorevelacionfm.cl\/index.php?rest_route=\/wp\/v2\/users\/1"}],"replies":[{"embeddable":true,"href":"https:\/\/radiorevelacionfm.cl\/index.php?rest_route=%2Fwp%2Fv2%2Fcomments&post=49113"}],"version-history":[{"count":1,"href":"https:\/\/radiorevelacionfm.cl\/index.php?rest_route=\/wp\/v2\/posts\/49113\/revisions"}],"predecessor-version":[{"id":49115,"href":"https:\/\/radiorevelacionfm.cl\/index.php?rest_route=\/wp\/v2\/posts\/49113\/revisions\/49115"}],"wp:featuredmedia":[{"embeddable":true,"href":"https:\/\/radiorevelacionfm.cl\/index.php?rest_route=\/wp\/v2\/media\/49114"}],"wp:attachment":[{"href":"https:\/\/radiorevelacionfm.cl\/index.php?rest_route=%2Fwp%2Fv2%2Fmedia&parent=49113"}],"wp:term":[{"taxonomy":"category","embeddable":true,"href":"https:\/\/radiorevelacionfm.cl\/index.php?rest_route=%2Fwp%2Fv2%2Fcategories&post=49113"},{"taxonomy":"post_tag","embeddable":true,"href":"https:\/\/radiorevelacionfm.cl\/index.php?rest_route=%2Fwp%2Fv2%2Ftags&post=49113"}],"curies":[{"name":"wp","href":"https:\/\/api.w.org\/{rel}","templated":true}]}}