{"id":49108,"date":"2024-12-23T09:50:44","date_gmt":"2024-12-23T12:50:44","guid":{"rendered":"https:\/\/radiorevelacionfm.cl\/?p=49108"},"modified":"2024-12-23T09:50:44","modified_gmt":"2024-12-23T12:50:44","slug":"mas-de-80-ninas-y-ninos-de-valle-simpson-celebraron-la-navidad-2024","status":"publish","type":"post","link":"https:\/\/radiorevelacionfm.cl\/?p=49108","title":{"rendered":"M\u00e1s de 80 ni\u00f1as y ni\u00f1os de Valle Simpson celebraron la Navidad 2024"},"content":{"rendered":"<div class=\"flex_column av_one_full  flex_column_div av-zero-column-padding first  avia-builder-el-0  el_before_av_one_full  avia-builder-el-first  \" style='border-radius:0px; '><div  class='avia-image-container  av-styling-    avia-builder-el-1  avia-builder-el-no-sibling  avia-align-center '  itemprop=\"image\" itemscope=\"itemscope\" itemtype=\"https:\/\/schema.org\/ImageObject\"  ><div class='avia-image-container-inner'><div class='avia-image-overlay-wrap'><img decoding=\"async\" class='wp-image-49109 avia-img-lazy-loading-not-49109 avia_image' src=\"https:\/\/radiorevelacionfm.cl\/wp-content\/uploads\/2024\/12\/img-20241222-wa0006-1-1_optimized.jpg\" alt='' title='img-20241222-wa0006-(1)-(1)_optimized' height=\"600\" width=\"1037\"  itemprop=\"thumbnailUrl\" srcset=\"https:\/\/radiorevelacionfm.cl\/wp-content\/uploads\/2024\/12\/img-20241222-wa0006-1-1_optimized.jpg 1037w, https:\/\/radiorevelacionfm.cl\/wp-content\/uploads\/2024\/12\/img-20241222-wa0006-1-1_optimized-300x174.jpg 300w, https:\/\/radiorevelacionfm.cl\/wp-content\/uploads\/2024\/12\/img-20241222-wa0006-1-1_optimized-1030x596.jpg 1030w, https:\/\/radiorevelacionfm.cl\/wp-content\/uploads\/2024\/12\/img-20241222-wa0006-1-1_optimized-768x444.jpg 768w, https:\/\/radiorevelacionfm.cl\/wp-content\/uploads\/2024\/12\/img-20241222-wa0006-1-1_optimized-705x408.jpg 705w, https:\/\/radiorevelacionfm.cl\/wp-content\/uploads\/2024\/12\/img-20241222-wa0006-1-1_optimized-450x260.jpg 450w, https:\/\/radiorevelacionfm.cl\/wp-content\/uploads\/2024\/12\/img-20241222-wa0006-1-1_optimized-600x347.jpg 600w\" sizes=\"(max-width: 1037px) 100vw, 1037px\" \/><\/div><\/div><\/div><\/div>\n<div class=\"flex_column av_one_full  flex_column_div av-zero-column-padding first  avia-builder-el-2  el_after_av_one_full  el_before_av_one_full  column-top-margin\" style='border-radius:0px; '><section class=\"av_textblock_section \"  itemscope=\"itemscope\" itemtype=\"https:\/\/schema.org\/BlogPosting\" itemprop=\"blogPost\" ><div class='avia_textblock  '   itemprop=\"text\" ><p style=\"text-align: center;\"><strong><span style=\"font-size: 18pt;\">M\u00e1s de 80 ni\u00f1as y ni\u00f1os de Valle Simpson celebraron la Navidad 2024<\/span><\/strong><\/p>\n<div id=\"gtx-trans\" style=\"position: absolute; left: -50px; top: 4.31534px;\">\n<div class=\"gtx-trans-icon\"><\/div>\n<\/div>\n<\/div><\/section><\/div>\n<div class=\"flex_column av_one_full  flex_column_div av-zero-column-padding first  avia-builder-el-4  el_after_av_one_full  el_before_av_hr  column-top-margin\" style='border-radius:0px; '><section class=\"av_textblock_section \"  itemscope=\"itemscope\" itemtype=\"https:\/\/schema.org\/BlogPosting\" itemprop=\"blogPost\" ><div class='avia_textblock  '   itemprop=\"text\" ><p style=\"text-align: justify;\">Con gran entusiasmo y con la visita del viejito pascuero se desarroll\u00f3 este domingo 22 de diciembre de 2024, la celebraci\u00f3n de Navidad para los ni\u00f1os y ni\u00f1as de Valle Simpson, en el gimnasio de la localidad, una iniciativa organizada por la Junta de Vecinos y comunidad.<\/p>\n<p style=\"text-align: justify;\">La ilusi\u00f3n de la Navidad lleg\u00f3 hasta Valle Simpson, en la comuna de Coyhaique, para dibujar una sonrisa a m\u00e1s de 80 ni\u00f1os\/as que vivieron la magia navide\u00f1a con una abundante y exquisita once y entretenidos juegos donde pudieron disfrutar y compartir, adem\u00e1s de recibir regalos. \u00abLa felicidad con que los ni\u00f1os de Valle Simpson celebraron y recibieron sus regalitos es impagable\u00bb, se\u00f1al\u00f3 una vecina, feliz por el \u00e9xito del evento comunitario.<\/p>\n<p style=\"text-align: justify;\">Relevando la importancia de la navidad como un momento para compartir en familia y con sus amigos, reforzando el compa\u00f1erismo en cada uno de ellos.<\/p>\n<p style=\"text-align: justify;\">Esta actividad nos demuestra lo que puede lograr una comunidad unida, ya que adem\u00e1s recientemente celebraron un nuevo aniversario, tras cumplir 97 a\u00f1os desde su fundaci\u00f3n, actividad que tambi\u00e9n se desarroll\u00f3 con la activa participaci\u00f3n de todos sus pobladores y autoridades invitadas.<\/p>\n<\/div><\/section><\/div><div  style='height:50px' class='hr hr-invisible   avia-builder-el-6  el_after_av_one_full  el_before_av_social_share '><span class='hr-inner ' ><span class='hr-inner-style'><\/span><\/span><\/div><\/p>\n<div  class='av-social-sharing-box  avia-builder-el-7  el_after_av_hr  el_before_av_hr  '><div class='av-share-box'><h5 class='av-share-link-description av-no-toc '>Compartir esta noticia<\/h5><ul class='av-share-box-list noLightbox'><li class='av-share-link av-social-link-facebook' ><a target=\"_blank\" aria-label=\"Compartir en Facebook\" href='https:\/\/www.facebook.com\/sharer.php?u=https:\/\/radiorevelacionfm.cl\/?p=49108&#038;t=M%C3%A1s%20de%2080%20ni%C3%B1as%20y%20ni%C3%B1os%20de%20Valle%20Simpson%20celebraron%20la%20Navidad%202024' aria-hidden='false' data-av_icon='\ue8f3' data-av_iconfont='entypo-fontello' title='' data-avia-related-tooltip='Compartir en Facebook' rel=\"noopener\"><span class='avia_hidden_link_text'>Compartir en Facebook<\/span><\/a><\/li><li class='av-share-link av-social-link-twitter' ><a target=\"_blank\" aria-label=\"Compartir en Twitter\" href='https:\/\/twitter.com\/share?text=M%C3%A1s%20de%2080%20ni%C3%B1as%20y%20ni%C3%B1os%20de%20Valle%20Simpson%20celebraron%20la%20Navidad%202024&#038;url=https:\/\/radiorevelacionfm.cl\/?p=49108' aria-hidden='false' data-av_icon='\ue8f1' data-av_iconfont='entypo-fontello' title='' data-avia-related-tooltip='Compartir en Twitter' rel=\"noopener\"><span class='avia_hidden_link_text'>Compartir en Twitter<\/span><\/a><\/li><li class='av-share-link av-social-link-whatsapp' ><a target=\"_blank\" aria-label=\"Compartir en Whatsapp\" href='https:\/\/api.whatsapp.com\/send?text=https:\/\/radiorevelacionfm.cl\/?p=49108' aria-hidden='false' data-av_icon='\uf232' data-av_iconfont='entypo-fontello' title='' data-avia-related-tooltip='Compartir en Whatsapp' rel=\"noopener\"><span class='avia_hidden_link_text'>Compartir en Whatsapp<\/span><\/a><\/li><li class='av-share-link av-social-link-linkedin' ><a target=\"_blank\" aria-label=\"Compartir en LinkedIn\" href='https:\/\/linkedin.com\/shareArticle?mini=true&#038;title=M%C3%A1s%20de%2080%20ni%C3%B1as%20y%20ni%C3%B1os%20de%20Valle%20Simpson%20celebraron%20la%20Navidad%202024&#038;url=https:\/\/radiorevelacionfm.cl\/?p=49108' aria-hidden='false' data-av_icon='\ue8fc' data-av_iconfont='entypo-fontello' title='' data-avia-related-tooltip='Compartir en LinkedIn' rel=\"noopener\"><span class='avia_hidden_link_text'>Compartir en LinkedIn<\/span><\/a><\/li><li class='av-share-link av-social-link-mail' ><a  aria-label=\"Compartir por correo\" href='mailto:?subject=M%C3%A1s%20de%2080%20ni%C3%B1as%20y%20ni%C3%B1os%20de%20Valle%20Simpson%20celebraron%20la%20Navidad%202024&#038;body=https:\/\/radiorevelacionfm.cl\/?p=49108' aria-hidden='false' data-av_icon='\ue805' data-av_iconfont='entypo-fontello' title='' data-avia-related-tooltip='Compartir por correo'><span class='avia_hidden_link_text'>Compartir por correo<\/span><\/a><\/li><\/ul><\/div><\/div>\n<div  style='height:50px' class='hr hr-invisible   avia-builder-el-8  el_after_av_social_share  el_before_av_comments_list '><span class='hr-inner ' ><span class='hr-inner-style'><\/span><\/span><\/div>\n<div  class='av-buildercomment  av-blog-meta-html-info-disabled av-blog-meta-tag-disabled  '><\/div>\n","protected":false},"excerpt":{"rendered":"","protected":false},"author":1,"featured_media":49109,"comment_status":"open","ping_status":"open","sticky":false,"template":"","format":"standard","meta":{"footnotes":""},"categories":[38],"tags":[],"class_list":["post-49108","post","type-post","status-publish","format-standard","has-post-thumbnail","hentry","category-regional"],"jetpack_featured_media_url":"https:\/\/radiorevelacionfm.cl\/wp-content\/uploads\/2024\/12\/img-20241222-wa0006-1-1_optimized.jpg","_links":{"self":[{"href":"https:\/\/radiorevelacionfm.cl\/index.php?rest_route=\/wp\/v2\/posts\/49108","targetHints":{"allow":["GET"]}}],"collection":[{"href":"https:\/\/radiorevelacionfm.cl\/index.php?rest_route=\/wp\/v2\/posts"}],"about":[{"href":"https:\/\/radiorevelacionfm.cl\/index.php?rest_route=\/wp\/v2\/types\/post"}],"author":[{"embeddable":true,"href":"https:\/\/radiorevelacionfm.cl\/index.php?rest_route=\/wp\/v2\/users\/1"}],"replies":[{"embeddable":true,"href":"https:\/\/radiorevelacionfm.cl\/index.php?rest_route=%2Fwp%2Fv2%2Fcomments&post=49108"}],"version-history":[{"count":3,"href":"https:\/\/radiorevelacionfm.cl\/index.php?rest_route=\/wp\/v2\/posts\/49108\/revisions"}],"predecessor-version":[{"id":49112,"href":"https:\/\/radiorevelacionfm.cl\/index.php?rest_route=\/wp\/v2\/posts\/49108\/revisions\/49112"}],"wp:featuredmedia":[{"embeddable":true,"href":"https:\/\/radiorevelacionfm.cl\/index.php?rest_route=\/wp\/v2\/media\/49109"}],"wp:attachment":[{"href":"https:\/\/radiorevelacionfm.cl\/index.php?rest_route=%2Fwp%2Fv2%2Fmedia&parent=49108"}],"wp:term":[{"taxonomy":"category","embeddable":true,"href":"https:\/\/radiorevelacionfm.cl\/index.php?rest_route=%2Fwp%2Fv2%2Fcategories&post=49108"},{"taxonomy":"post_tag","embeddable":true,"href":"https:\/\/radiorevelacionfm.cl\/index.php?rest_route=%2Fwp%2Fv2%2Ftags&post=49108"}],"curies":[{"name":"wp","href":"https:\/\/api.w.org\/{rel}","templated":true}]}}