{"id":49105,"date":"2024-12-22T21:35:55","date_gmt":"2024-12-23T00:35:55","guid":{"rendered":"https:\/\/radiorevelacionfm.cl\/?p=49105"},"modified":"2024-12-22T21:35:55","modified_gmt":"2024-12-23T00:35:55","slug":"destacan-convenio-de-reciclaje-y-gestion-de-residuos-en-puerto-cisnes","status":"publish","type":"post","link":"https:\/\/radiorevelacionfm.cl\/?p=49105","title":{"rendered":"Destacan convenio de reciclaje y gesti\u00f3n de residuos en Puerto Cisnes"},"content":{"rendered":"<div class=\"flex_column av_one_full  flex_column_div av-zero-column-padding first  avia-builder-el-0  el_before_av_one_full  avia-builder-el-first  \" style='border-radius:0px; '><div  class='avia-image-container  av-styling-    avia-builder-el-1  avia-builder-el-no-sibling  avia-align-center '  itemprop=\"image\" itemscope=\"itemscope\" itemtype=\"https:\/\/schema.org\/ImageObject\"  ><div class='avia-image-container-inner'><div class='avia-image-overlay-wrap'><img decoding=\"async\" class='wp-image-49106 avia-img-lazy-loading-not-49106 avia_image' src=\"https:\/\/radiorevelacionfm.cl\/wp-content\/uploads\/2024\/12\/WhatsApp-Image-2024-12-12-at-22.07.08-1-1.jpeg\" alt='' title='WhatsApp Image 2024-12-12 at 22.07.08 (1) (1)' height=\"600\" width=\"1343\"  itemprop=\"thumbnailUrl\" srcset=\"https:\/\/radiorevelacionfm.cl\/wp-content\/uploads\/2024\/12\/WhatsApp-Image-2024-12-12-at-22.07.08-1-1.jpeg 1343w, https:\/\/radiorevelacionfm.cl\/wp-content\/uploads\/2024\/12\/WhatsApp-Image-2024-12-12-at-22.07.08-1-1-300x134.jpeg 300w, https:\/\/radiorevelacionfm.cl\/wp-content\/uploads\/2024\/12\/WhatsApp-Image-2024-12-12-at-22.07.08-1-1-1030x460.jpeg 1030w, https:\/\/radiorevelacionfm.cl\/wp-content\/uploads\/2024\/12\/WhatsApp-Image-2024-12-12-at-22.07.08-1-1-768x343.jpeg 768w, https:\/\/radiorevelacionfm.cl\/wp-content\/uploads\/2024\/12\/WhatsApp-Image-2024-12-12-at-22.07.08-1-1-705x315.jpeg 705w, https:\/\/radiorevelacionfm.cl\/wp-content\/uploads\/2024\/12\/WhatsApp-Image-2024-12-12-at-22.07.08-1-1-450x201.jpeg 450w, https:\/\/radiorevelacionfm.cl\/wp-content\/uploads\/2024\/12\/WhatsApp-Image-2024-12-12-at-22.07.08-1-1-600x268.jpeg 600w\" sizes=\"(max-width: 1343px) 100vw, 1343px\" \/><\/div><\/div><\/div><\/div><div class=\"flex_column av_one_full  flex_column_div av-zero-column-padding first  avia-builder-el-2  el_after_av_one_full  el_before_av_one_full  column-top-margin\" style='border-radius:0px; '><section class=\"av_textblock_section \"  itemscope=\"itemscope\" itemtype=\"https:\/\/schema.org\/BlogPosting\" itemprop=\"blogPost\" ><div class='avia_textblock  '   itemprop=\"text\" ><p style=\"text-align: center;\"><strong><span style=\"font-size: 18pt;\">Destacan convenio de reciclaje y gesti\u00f3n de residuos en Puerto Cisnes<\/span><\/strong><\/p>\n<div id=\"gtx-trans\" style=\"position: absolute; left: -50px; top: 4.31534px;\">\n<div class=\"gtx-trans-icon\"><\/div>\n<\/div>\n<\/div><\/section><\/div><div class=\"flex_column av_one_full  flex_column_div av-zero-column-padding first  avia-builder-el-4  el_after_av_one_full  el_before_av_hr  column-top-margin\" style='border-radius:0px; '><section class=\"av_textblock_section \"  itemscope=\"itemscope\" itemtype=\"https:\/\/schema.org\/BlogPosting\" itemprop=\"blogPost\" ><div class='avia_textblock  '   itemprop=\"text\" ><p style=\"text-align: justify;\">Ofrecer un correcto destino final a los residuos domiciliarios inorg\u00e1nicos, ayudando a proteger el entorno ambiental de Puerto Cisnes, fue el objetivo que desde hace dos a\u00f1os, se comenz\u00f3 a impulsar en dicha comuna,\u00a0 tras la firma de un convenio de colaboraci\u00f3n entre el municipio local y la empresa Aqua Chile, con la activa y permanente participaci\u00f3n de la empresa regional de Reciclajes Martino.<\/p>\n<p style=\"text-align: justify;\">Fue as\u00ed como se destinaron esfuerzos y recursos para la \u00a0reubicaci\u00f3n \u00a0del punto limpio existente en la zona sur de Puerto Cisnes, mejorando adem\u00e1s la infraestructura del mismo y aumentando la clasificaci\u00f3n de residuos, de manera coordinada con las organizaciones sociales del sector, seg\u00fan explica la Encargada de Relaciones Comunitarias de Aqua Chile en la zona, Roc\u00edo Sanzana. \u201cSi bien exist\u00edan algunas personas u organizaciones que hac\u00edan esfuerzos por reciclar en forma independiente en algunos puntos limpios, no se dispon\u00eda de un sistema de \u00a0retiro ni tampoco una disposici\u00f3n final de los residuos. Fue as\u00ed como asumimos esta tarea y compromiso, en forma conjunta, de llevar adelante esta gesti\u00f3n, reacondicionando el punto limpio y haci\u00e9ndonos cargo como empresa de garantizar a las vecinas y vecinos, a trav\u00e9s de la empresa de Reciclajes Martino, de efectuar una correcta disposici\u00f3n final de los residuos que posteriormente se \u00a0reutilizan y convierten en nuevos productos\u201d, indic\u00f3.<\/p>\n<p style=\"text-align: justify;\">De igual modo, agreg\u00f3 que \u201cestamos muy contentos como empresa de poder aportar con este convenio ambiental a la comunidad de Puerto Cisnes, porque promovemos y ayudamos al desarrollo de pr\u00e1cticas sustentables en el diario vivir de las vecinas y vecinos\u201d, agreg\u00f3.<\/p>\n<p style=\"text-align: justify;\">En la misma l\u00ednea, durante su m\u00e1s reciente recorrido a la zona, recolectando residuos, tanto en los puntos limpios de Puerto Cisnes, como en el de jardines infantiles y establecimientos educativos, Christian Martino, efectu\u00f3 un positivo balance del convenio de reciclaje que se ejecuta en dicha comuna de la Provincia de Ays\u00e9n.\u00a0 \u201cEstamos muy satisfechos y conformes con este proyecto en la comuna de Cisnes, porque nos empe\u00f1amos en desarrollar un sistema de recolecci\u00f3n entretenido y educativo junto a la comunidad, el municipio local y la empresa Aqua Chile. Lo que hacemos, posteriormente, en nuestra planta de reciclaje de Puerto Ays\u00e9n, es minimizar los residuos que trasladamos, acopiarlos temporalmente y despacharlos a diversas plantas recicladoras del\u00a0 pa\u00eds, donde\u00a0 llegan a sus destino final\u201d, destac\u00f3.<\/p>\n<p style=\"text-align: justify;\">La empresa de Reciclajes Martino tambi\u00e9n est\u00e1 presente con el proceso de recolecci\u00f3n y traslado de residuos en la localidad de\u00a0 Puyuhuapi, perteneciente a la comuna de Cisnes, donde este a\u00f1o fue invitada al lanzamiento de la temporada tur\u00edstica, ocasi\u00f3n en la que inaugur\u00f3 y estren\u00f3 su nuevo \u201cTren Ecol\u00f3gico\u201d, el\u00e9ctrico, causando gran expectaci\u00f3n en la comunidad y los ni\u00f1os de esa zona.<\/p>\n<\/div><\/section><\/div><div  style='height:50px' class='hr hr-invisible   avia-builder-el-6  el_after_av_one_full  el_before_av_social_share '><span class='hr-inner ' ><span class='hr-inner-style'><\/span><\/span><\/div><\/p>\n<div  class='av-social-sharing-box  avia-builder-el-7  el_after_av_hr  el_before_av_hr  '><div class='av-share-box'><h5 class='av-share-link-description av-no-toc '>Compartir esta noticia<\/h5><ul class='av-share-box-list noLightbox'><li class='av-share-link av-social-link-facebook' ><a target=\"_blank\" aria-label=\"Compartir en Facebook\" href='https:\/\/www.facebook.com\/sharer.php?u=https:\/\/radiorevelacionfm.cl\/?p=49105&#038;t=Destacan%20convenio%20de%20reciclaje%20y%20gesti%C3%B3n%20de%20residuos%20en%20Puerto%20Cisnes' aria-hidden='false' data-av_icon='\ue8f3' data-av_iconfont='entypo-fontello' title='' data-avia-related-tooltip='Compartir en Facebook' rel=\"noopener\"><span class='avia_hidden_link_text'>Compartir en Facebook<\/span><\/a><\/li><li class='av-share-link av-social-link-twitter' ><a target=\"_blank\" aria-label=\"Compartir en Twitter\" href='https:\/\/twitter.com\/share?text=Destacan%20convenio%20de%20reciclaje%20y%20gesti%C3%B3n%20de%20residuos%20en%20Puerto%20Cisnes&#038;url=https:\/\/radiorevelacionfm.cl\/?p=49105' aria-hidden='false' data-av_icon='\ue8f1' data-av_iconfont='entypo-fontello' title='' data-avia-related-tooltip='Compartir en Twitter' rel=\"noopener\"><span class='avia_hidden_link_text'>Compartir en Twitter<\/span><\/a><\/li><li class='av-share-link av-social-link-whatsapp' ><a target=\"_blank\" aria-label=\"Compartir en Whatsapp\" href='https:\/\/api.whatsapp.com\/send?text=https:\/\/radiorevelacionfm.cl\/?p=49105' aria-hidden='false' data-av_icon='\uf232' data-av_iconfont='entypo-fontello' title='' data-avia-related-tooltip='Compartir en Whatsapp' rel=\"noopener\"><span class='avia_hidden_link_text'>Compartir en Whatsapp<\/span><\/a><\/li><li class='av-share-link av-social-link-linkedin' ><a target=\"_blank\" aria-label=\"Compartir en LinkedIn\" href='https:\/\/linkedin.com\/shareArticle?mini=true&#038;title=Destacan%20convenio%20de%20reciclaje%20y%20gesti%C3%B3n%20de%20residuos%20en%20Puerto%20Cisnes&#038;url=https:\/\/radiorevelacionfm.cl\/?p=49105' aria-hidden='false' data-av_icon='\ue8fc' data-av_iconfont='entypo-fontello' title='' data-avia-related-tooltip='Compartir en LinkedIn' rel=\"noopener\"><span class='avia_hidden_link_text'>Compartir en LinkedIn<\/span><\/a><\/li><li class='av-share-link av-social-link-mail' ><a  aria-label=\"Compartir por correo\" href='mailto:?subject=Destacan%20convenio%20de%20reciclaje%20y%20gesti%C3%B3n%20de%20residuos%20en%20Puerto%20Cisnes&#038;body=https:\/\/radiorevelacionfm.cl\/?p=49105' aria-hidden='false' data-av_icon='\ue805' data-av_iconfont='entypo-fontello' title='' data-avia-related-tooltip='Compartir por correo'><span class='avia_hidden_link_text'>Compartir por correo<\/span><\/a><\/li><\/ul><\/div><\/div>\n<div  style='height:50px' class='hr hr-invisible   avia-builder-el-8  el_after_av_social_share  el_before_av_comments_list '><span class='hr-inner ' ><span class='hr-inner-style'><\/span><\/span><\/div>\n<div  class='av-buildercomment  av-blog-meta-html-info-disabled av-blog-meta-tag-disabled  '><\/div>\n","protected":false},"excerpt":{"rendered":"","protected":false},"author":1,"featured_media":49106,"comment_status":"open","ping_status":"open","sticky":false,"template":"","format":"standard","meta":{"footnotes":""},"categories":[38],"tags":[],"class_list":["post-49105","post","type-post","status-publish","format-standard","has-post-thumbnail","hentry","category-regional"],"jetpack_featured_media_url":"https:\/\/radiorevelacionfm.cl\/wp-content\/uploads\/2024\/12\/WhatsApp-Image-2024-12-12-at-22.07.08-1-1.jpeg","_links":{"self":[{"href":"https:\/\/radiorevelacionfm.cl\/index.php?rest_route=\/wp\/v2\/posts\/49105","targetHints":{"allow":["GET"]}}],"collection":[{"href":"https:\/\/radiorevelacionfm.cl\/index.php?rest_route=\/wp\/v2\/posts"}],"about":[{"href":"https:\/\/radiorevelacionfm.cl\/index.php?rest_route=\/wp\/v2\/types\/post"}],"author":[{"embeddable":true,"href":"https:\/\/radiorevelacionfm.cl\/index.php?rest_route=\/wp\/v2\/users\/1"}],"replies":[{"embeddable":true,"href":"https:\/\/radiorevelacionfm.cl\/index.php?rest_route=%2Fwp%2Fv2%2Fcomments&post=49105"}],"version-history":[{"count":1,"href":"https:\/\/radiorevelacionfm.cl\/index.php?rest_route=\/wp\/v2\/posts\/49105\/revisions"}],"predecessor-version":[{"id":49107,"href":"https:\/\/radiorevelacionfm.cl\/index.php?rest_route=\/wp\/v2\/posts\/49105\/revisions\/49107"}],"wp:featuredmedia":[{"embeddable":true,"href":"https:\/\/radiorevelacionfm.cl\/index.php?rest_route=\/wp\/v2\/media\/49106"}],"wp:attachment":[{"href":"https:\/\/radiorevelacionfm.cl\/index.php?rest_route=%2Fwp%2Fv2%2Fmedia&parent=49105"}],"wp:term":[{"taxonomy":"category","embeddable":true,"href":"https:\/\/radiorevelacionfm.cl\/index.php?rest_route=%2Fwp%2Fv2%2Fcategories&post=49105"},{"taxonomy":"post_tag","embeddable":true,"href":"https:\/\/radiorevelacionfm.cl\/index.php?rest_route=%2Fwp%2Fv2%2Ftags&post=49105"}],"curies":[{"name":"wp","href":"https:\/\/api.w.org\/{rel}","templated":true}]}}