{"id":49100,"date":"2024-12-22T15:15:51","date_gmt":"2024-12-22T18:15:51","guid":{"rendered":"https:\/\/radiorevelacionfm.cl\/?p=49100"},"modified":"2024-12-22T15:15:51","modified_gmt":"2024-12-22T18:15:51","slug":"este-fin-de-semana-udi-eligio-nuevas-directivas-a-nivel-regional-y-comunal","status":"publish","type":"post","link":"https:\/\/radiorevelacionfm.cl\/?p=49100","title":{"rendered":"Este fin de semana UDI eligi\u00f3 nuevas directivas a nivel regional y comunal"},"content":{"rendered":"<div class=\"flex_column av_one_full  flex_column_div av-zero-column-padding first  avia-builder-el-0  el_before_av_one_full  avia-builder-el-first  \" style='border-radius:0px; '><div  class='avia-image-container  av-styling-    avia-builder-el-1  avia-builder-el-no-sibling  avia-align-center '  itemprop=\"image\" itemscope=\"itemscope\" itemtype=\"https:\/\/schema.org\/ImageObject\"  ><div class='avia-image-container-inner'><div class='avia-image-overlay-wrap'><img decoding=\"async\" class='wp-image-49101 avia-img-lazy-loading-not-49101 avia_image' src=\"https:\/\/radiorevelacionfm.cl\/wp-content\/uploads\/2024\/12\/directiva-regional-de-la-udi-1_optimized.jpeg\" alt='' title='directiva-regional-de-la-udi-(1)_optimized' height=\"600\" width=\"853\"  itemprop=\"thumbnailUrl\" srcset=\"https:\/\/radiorevelacionfm.cl\/wp-content\/uploads\/2024\/12\/directiva-regional-de-la-udi-1_optimized.jpeg 853w, https:\/\/radiorevelacionfm.cl\/wp-content\/uploads\/2024\/12\/directiva-regional-de-la-udi-1_optimized-300x211.jpeg 300w, https:\/\/radiorevelacionfm.cl\/wp-content\/uploads\/2024\/12\/directiva-regional-de-la-udi-1_optimized-768x540.jpeg 768w, https:\/\/radiorevelacionfm.cl\/wp-content\/uploads\/2024\/12\/directiva-regional-de-la-udi-1_optimized-705x496.jpeg 705w, https:\/\/radiorevelacionfm.cl\/wp-content\/uploads\/2024\/12\/directiva-regional-de-la-udi-1_optimized-450x317.jpeg 450w, https:\/\/radiorevelacionfm.cl\/wp-content\/uploads\/2024\/12\/directiva-regional-de-la-udi-1_optimized-600x422.jpeg 600w\" sizes=\"(max-width: 853px) 100vw, 853px\" \/><\/div><\/div><\/div><\/div><div class=\"flex_column av_one_full  flex_column_div av-zero-column-padding first  avia-builder-el-2  el_after_av_one_full  el_before_av_one_full  column-top-margin\" style='border-radius:0px; '><section class=\"av_textblock_section \"  itemscope=\"itemscope\" itemtype=\"https:\/\/schema.org\/BlogPosting\" itemprop=\"blogPost\" ><div class='avia_textblock  '   itemprop=\"text\" ><p style=\"text-align: center;\"><span style=\"font-size: 18pt;\"><strong>Este fin de semana UDI eligi\u00f3 nuevas directivas a nivel regional y comunal<\/strong><\/span><\/p>\n<div id=\"gtx-trans\" style=\"position: absolute; left: -50px; top: 4.31534px;\">\n<div class=\"gtx-trans-icon\"><\/div>\n<\/div>\n<\/div><\/section><\/div><div class=\"flex_column av_one_full  flex_column_div av-zero-column-padding first  avia-builder-el-4  el_after_av_one_full  el_before_av_hr  column-top-margin\" style='border-radius:0px; '><section class=\"av_textblock_section \"  itemscope=\"itemscope\" itemtype=\"https:\/\/schema.org\/BlogPosting\" itemprop=\"blogPost\" ><div class='avia_textblock  '   itemprop=\"text\" ><p style=\"text-align: justify;\"><em>Tambi\u00e9n se ratific\u00f3 la lista nacional que encabezar\u00e1 el partido, con Guillermo Ram\u00edrez, como presidente por los pr\u00f3ximos dos a\u00f1os.<\/em><\/p>\n<p style=\"text-align: justify;\">Con el compromiso de seguir siendo un partido cercano a la comunidad y trabajando en terreno, este fin de semana la Uni\u00f3n Dem\u00f3crata Independiente (UDI) realiz\u00f3 sus elecciones internas, donde ratific\u00f3 a su nueva directiva nacional, regional y comunales.<\/p>\n<p style=\"text-align: justify;\">En el caso de Ays\u00e9n, la colectividad ratific\u00f3 en el cargo de presidenta a Andrea Ponce Olivares, acompa\u00f1ada de Patricio Ulloa, en el cargo de secretario, adem\u00e1s de los vicepresidentes Eligio Montecinos y Nilda Soto, y como tesorera Gloria Beecher.<\/p>\n<p style=\"text-align: justify;\">Al respecto, Andrea Ponce agradeci\u00f3 el respaldo entregado, lo que a su juicio es una muestra del buen trabajo realizado en el periodo anterior. \u201cMi compromiso, y el de cada miembro de la directiva regional, es continuar liderando la UDI en Ays\u00e9n, un partido valorado en nuestra regi\u00f3n, tal como lo demuestran las \u00faltimas elecciones\u201d, se\u00f1al\u00f3.<\/p>\n<p style=\"text-align: justify;\">En el caso de las directivas comunales, fue electa Alejandra Valdebenito como presidenta en la comuna de Coyhaique; en Ays\u00e9n su presidente es Alejandro Soto, mientras que, en Cochrane, la directiva ser\u00e1 liderada por V\u00edctor Escobar, equipo que adem\u00e1s estar\u00e1 integrado por los respectivos consejeros regionales del partido. \u201cNuestro deber es seguir siendo un partido pol\u00edtico en terreno, cercano a los vecinos y vecinas, y dedicados a mejorar la calidad de vida de los habitantes de Ays\u00e9n en cada una de sus comunas\u201d, recalc\u00f3.<\/p>\n<p style=\"text-align: justify;\">Sobre la elecci\u00f3n de la directiva nacional, elegida por los pr\u00f3ximos dos a\u00f1os y cuyo presidente es el diputado Guillermo Ram\u00edrez, Ponce destac\u00f3 el equipo que la compone, pensando en los desaf\u00edos que vienen el pr\u00f3ximo a\u00f1o, donde habr\u00e1n elecciones presidenciales y parlamentarias.<\/p>\n<\/div><\/section><\/div><div  style='height:50px' class='hr hr-invisible   avia-builder-el-6  el_after_av_one_full  el_before_av_social_share '><span class='hr-inner ' ><span class='hr-inner-style'><\/span><\/span><\/div><\/p>\n<div  class='av-social-sharing-box  avia-builder-el-7  el_after_av_hr  el_before_av_hr  '><div class='av-share-box'><h5 class='av-share-link-description av-no-toc '>Compartir esta noticia<\/h5><ul class='av-share-box-list noLightbox'><li class='av-share-link av-social-link-facebook' ><a target=\"_blank\" aria-label=\"Compartir en Facebook\" href='https:\/\/www.facebook.com\/sharer.php?u=https:\/\/radiorevelacionfm.cl\/?p=49100&#038;t=Este%20fin%20de%20semana%20UDI%20eligi%C3%B3%20nuevas%20directivas%20a%20nivel%20regional%20y%20comunal' aria-hidden='false' data-av_icon='\ue8f3' data-av_iconfont='entypo-fontello' title='' data-avia-related-tooltip='Compartir en Facebook' rel=\"noopener\"><span class='avia_hidden_link_text'>Compartir en Facebook<\/span><\/a><\/li><li class='av-share-link av-social-link-twitter' ><a target=\"_blank\" aria-label=\"Compartir en Twitter\" href='https:\/\/twitter.com\/share?text=Este%20fin%20de%20semana%20UDI%20eligi%C3%B3%20nuevas%20directivas%20a%20nivel%20regional%20y%20comunal&#038;url=https:\/\/radiorevelacionfm.cl\/?p=49100' aria-hidden='false' data-av_icon='\ue8f1' data-av_iconfont='entypo-fontello' title='' data-avia-related-tooltip='Compartir en Twitter' rel=\"noopener\"><span class='avia_hidden_link_text'>Compartir en Twitter<\/span><\/a><\/li><li class='av-share-link av-social-link-whatsapp' ><a target=\"_blank\" aria-label=\"Compartir en Whatsapp\" href='https:\/\/api.whatsapp.com\/send?text=https:\/\/radiorevelacionfm.cl\/?p=49100' aria-hidden='false' data-av_icon='\uf232' data-av_iconfont='entypo-fontello' title='' data-avia-related-tooltip='Compartir en Whatsapp' rel=\"noopener\"><span class='avia_hidden_link_text'>Compartir en Whatsapp<\/span><\/a><\/li><li class='av-share-link av-social-link-linkedin' ><a target=\"_blank\" aria-label=\"Compartir en LinkedIn\" href='https:\/\/linkedin.com\/shareArticle?mini=true&#038;title=Este%20fin%20de%20semana%20UDI%20eligi%C3%B3%20nuevas%20directivas%20a%20nivel%20regional%20y%20comunal&#038;url=https:\/\/radiorevelacionfm.cl\/?p=49100' aria-hidden='false' data-av_icon='\ue8fc' data-av_iconfont='entypo-fontello' title='' data-avia-related-tooltip='Compartir en LinkedIn' rel=\"noopener\"><span class='avia_hidden_link_text'>Compartir en LinkedIn<\/span><\/a><\/li><li class='av-share-link av-social-link-mail' ><a  aria-label=\"Compartir por correo\" href='mailto:?subject=Este%20fin%20de%20semana%20UDI%20eligi%C3%B3%20nuevas%20directivas%20a%20nivel%20regional%20y%20comunal&#038;body=https:\/\/radiorevelacionfm.cl\/?p=49100' aria-hidden='false' data-av_icon='\ue805' data-av_iconfont='entypo-fontello' title='' data-avia-related-tooltip='Compartir por correo'><span class='avia_hidden_link_text'>Compartir por correo<\/span><\/a><\/li><\/ul><\/div><\/div>\n<div  style='height:50px' class='hr hr-invisible   avia-builder-el-8  el_after_av_social_share  el_before_av_comments_list '><span class='hr-inner ' ><span class='hr-inner-style'><\/span><\/span><\/div>\n<div  class='av-buildercomment  av-blog-meta-html-info-disabled av-blog-meta-tag-disabled  '><\/div>\n","protected":false},"excerpt":{"rendered":"","protected":false},"author":1,"featured_media":49101,"comment_status":"open","ping_status":"open","sticky":false,"template":"","format":"standard","meta":{"footnotes":""},"categories":[35],"tags":[],"class_list":["post-49100","post","type-post","status-publish","format-standard","has-post-thumbnail","hentry","category-politica"],"jetpack_featured_media_url":"https:\/\/radiorevelacionfm.cl\/wp-content\/uploads\/2024\/12\/directiva-regional-de-la-udi-1_optimized.jpeg","_links":{"self":[{"href":"https:\/\/radiorevelacionfm.cl\/index.php?rest_route=\/wp\/v2\/posts\/49100","targetHints":{"allow":["GET"]}}],"collection":[{"href":"https:\/\/radiorevelacionfm.cl\/index.php?rest_route=\/wp\/v2\/posts"}],"about":[{"href":"https:\/\/radiorevelacionfm.cl\/index.php?rest_route=\/wp\/v2\/types\/post"}],"author":[{"embeddable":true,"href":"https:\/\/radiorevelacionfm.cl\/index.php?rest_route=\/wp\/v2\/users\/1"}],"replies":[{"embeddable":true,"href":"https:\/\/radiorevelacionfm.cl\/index.php?rest_route=%2Fwp%2Fv2%2Fcomments&post=49100"}],"version-history":[{"count":1,"href":"https:\/\/radiorevelacionfm.cl\/index.php?rest_route=\/wp\/v2\/posts\/49100\/revisions"}],"predecessor-version":[{"id":49102,"href":"https:\/\/radiorevelacionfm.cl\/index.php?rest_route=\/wp\/v2\/posts\/49100\/revisions\/49102"}],"wp:featuredmedia":[{"embeddable":true,"href":"https:\/\/radiorevelacionfm.cl\/index.php?rest_route=\/wp\/v2\/media\/49101"}],"wp:attachment":[{"href":"https:\/\/radiorevelacionfm.cl\/index.php?rest_route=%2Fwp%2Fv2%2Fmedia&parent=49100"}],"wp:term":[{"taxonomy":"category","embeddable":true,"href":"https:\/\/radiorevelacionfm.cl\/index.php?rest_route=%2Fwp%2Fv2%2Fcategories&post=49100"},{"taxonomy":"post_tag","embeddable":true,"href":"https:\/\/radiorevelacionfm.cl\/index.php?rest_route=%2Fwp%2Fv2%2Ftags&post=49100"}],"curies":[{"name":"wp","href":"https:\/\/api.w.org\/{rel}","templated":true}]}}