{"id":49092,"date":"2024-12-21T10:27:26","date_gmt":"2024-12-21T13:27:26","guid":{"rendered":"https:\/\/radiorevelacionfm.cl\/?p=49092"},"modified":"2024-12-21T10:35:13","modified_gmt":"2024-12-21T13:35:13","slug":"el-parque-nacional-cerro-castillo-ya-esta-operativo-al-100-para-la-epoca-estival-2024-25","status":"publish","type":"post","link":"https:\/\/radiorevelacionfm.cl\/?p=49092","title":{"rendered":"El Parque Nacional Cerro Castillo ya est\u00e1 operativo al 100% para la \u00e9poca estival 2024-25"},"content":{"rendered":"<div class=\"flex_column av_one_full  flex_column_div av-zero-column-padding first  avia-builder-el-0  el_before_av_one_full  avia-builder-el-first  \" style='border-radius:0px; '><div  class='avia-image-container  av-styling-    avia-builder-el-1  avia-builder-el-no-sibling  avia-align-center '  itemprop=\"image\" itemscope=\"itemscope\" itemtype=\"https:\/\/schema.org\/ImageObject\"  ><div class='avia-image-container-inner'><div class='avia-image-overlay-wrap'><img decoding=\"async\" class='wp-image-49096 avia-img-lazy-loading-not-49096 avia_image' src=\"https:\/\/radiorevelacionfm.cl\/wp-content\/uploads\/2024\/12\/3-80-1-1.jpeg\" alt='' title='3 (80) (1) (1)' height=\"600\" width=\"1299\"  itemprop=\"thumbnailUrl\" srcset=\"https:\/\/radiorevelacionfm.cl\/wp-content\/uploads\/2024\/12\/3-80-1-1.jpeg 1299w, https:\/\/radiorevelacionfm.cl\/wp-content\/uploads\/2024\/12\/3-80-1-1-300x139.jpeg 300w, https:\/\/radiorevelacionfm.cl\/wp-content\/uploads\/2024\/12\/3-80-1-1-1030x476.jpeg 1030w, https:\/\/radiorevelacionfm.cl\/wp-content\/uploads\/2024\/12\/3-80-1-1-768x355.jpeg 768w, https:\/\/radiorevelacionfm.cl\/wp-content\/uploads\/2024\/12\/3-80-1-1-705x326.jpeg 705w, https:\/\/radiorevelacionfm.cl\/wp-content\/uploads\/2024\/12\/3-80-1-1-450x208.jpeg 450w, https:\/\/radiorevelacionfm.cl\/wp-content\/uploads\/2024\/12\/3-80-1-1-600x277.jpeg 600w\" sizes=\"(max-width: 1299px) 100vw, 1299px\" \/><\/div><\/div><\/div><\/div><div class=\"flex_column av_one_full  flex_column_div av-zero-column-padding first  avia-builder-el-2  el_after_av_one_full  el_before_av_one_full  column-top-margin\" style='border-radius:0px; '><section class=\"av_textblock_section \"  itemscope=\"itemscope\" itemtype=\"https:\/\/schema.org\/BlogPosting\" itemprop=\"blogPost\" ><div class='avia_textblock  '   itemprop=\"text\" ><p style=\"text-align: center;\"><strong><span style=\"font-size: 18pt;\">El Parque Nacional Cerro Castillo ya est\u00e1 operativo al 100% para la \u00e9poca estival 2024-25<\/span><\/strong><\/p>\n<div id=\"gtx-trans\" style=\"position: absolute; left: -50px; top: 4.31534px;\">\n<div class=\"gtx-trans-icon\"><\/div>\n<\/div>\n<\/div><\/section><\/div><\/p>\n<div class=\"flex_column av_one_full  flex_column_div av-zero-column-padding first  avia-builder-el-4  el_after_av_one_full  el_before_av_hr  column-top-margin\" style='border-radius:0px; '><section class=\"av_textblock_section \"  itemscope=\"itemscope\" itemtype=\"https:\/\/schema.org\/BlogPosting\" itemprop=\"blogPost\" ><div class='avia_textblock  '   itemprop=\"text\" ><p style=\"text-align: justify;\"><em>Se habilit\u00f3 el \u00faltimo sendero de los tres que tiene disponible el \u00e1rea protegida, brindando una experiencia inolvidable para conectarse con una naturaleza m\u00e1s pura.<\/em><\/p>\n<p style=\"text-align: justify;\">El Parque Nacional Cerro Castillo, ubicado en la Regi\u00f3n de Ays\u00e9n, es reconocido a nivel internacional por sus impresionantes paisajes monta\u00f1osos, glaciares colgantes y una biodiversidad \u00fanica. Es un destino clave para el ecoturismo en nuestro pa\u00eds que se ha ido consolidando, atrayendo a miles de aventureros y amantes de las actividades <em>outdoors <\/em>de todas partes del mundo cada a\u00f1o.<\/p>\n<p style=\"text-align: justify;\">El pasado lunes 16 de diciembre, tras un esfuerzo de trabajo colaborativo entre los guardaparques del Parque Nacional Cerro Castillo y la Asociaci\u00f3n de Turismo Parque Nacional y Villa Cerro Castillo, se llev\u00f3 a cabo la habilitaci\u00f3n y mantenci\u00f3n del sendero Las Horquetas y el campamento El Bosque, que ofrece cerca de 53,5 km de <em>trekking<\/em>, para quienes buscan conectarse con la naturaleza en su estado m\u00e1s puro.<\/p>\n<p style=\"text-align: justify;\">Gracias a esta coordinaci\u00f3n, se logr\u00f3 la apertura oficial de esta \u00faltima ruta (3\/3) que estaba en espera, marcando un hito importante para mejorar la experiencia y fomentar el desarrollo econ\u00f3mico en las comunidades cercanas como Villa Cerro Castillo. Este tipo de alianzas resaltan la importancia de unir esfuerzos para garantizar la sostenibilidad ambiental y el bienestar tanto de las personas como del entorno natural.<\/p>\n<p style=\"text-align: justify;\">En este sentido, el Alcalde de R\u00edo Ib\u00e1\u00f1ez, Marcelo J\u00e9lvez C\u00e1rdenas, valor\u00f3 el importante rol que cumple esta \u00e1rea respecto al desarrollo del turismo y la econom\u00eda local. \u201cEl Parque Nacional Cerro Castillo es uno de los principales atractivos de nuestra comuna, cautivando el inter\u00e9s de m\u00e1s de 10 mil personas por temporada. Tener los senderos habilitados al 100% da certezas a los prestadores de servicios, quienes reciben a nuestros visitantes a\u00f1o tras a\u00f1o\u201d, puntualiz\u00f3.<\/p>\n<p style=\"text-align: justify;\">Por su parte, Mario Alegr\u00eda, Guardaparque Administrador del Parque Nacional Cerro Castillo, reafirm\u00f3 que la apertura del sendero Las Horquetas es vital, \u201cporque contribuye directamente al impulso de emprendimientos en las localidades m\u00e1s pr\u00f3ximas. Este impacto positivo refuerza la relaci\u00f3n entre la conservaci\u00f3n ambiental y el bienestar de las comunidades, creando un sistema sostenible y beneficioso para todos\u201d, se\u00f1al\u00f3.<\/p>\n<p style=\"text-align: justify;\">Finalmente, Claudio Montesinos, Director de Sernatur Ays\u00e9n, consider\u00f3 que esta es una excelente noticia para la actividad tur\u00edstica en la regi\u00f3n, ya que contribuye a diversificar la oferta del destino. \u201cComo instituci\u00f3n, tambi\u00e9n destacamos el modelo de gesti\u00f3n mixta entre Corporaci\u00f3n Nacional Forestal y la asociaci\u00f3n de turismo local\u201d, agreg\u00f3.<\/p>\n<\/div><\/section><\/div>\n<div  style='height:50px' class='hr hr-invisible   avia-builder-el-6  el_after_av_one_full  el_before_av_social_share '><span class='hr-inner ' ><span class='hr-inner-style'><\/span><\/span><\/div>\n<div  class='av-social-sharing-box  avia-builder-el-7  el_after_av_hr  el_before_av_hr  '><div class='av-share-box'><h5 class='av-share-link-description av-no-toc '>Compartir esta noticia<\/h5><ul class='av-share-box-list noLightbox'><li class='av-share-link av-social-link-facebook' ><a target=\"_blank\" aria-label=\"Compartir en Facebook\" href='https:\/\/www.facebook.com\/sharer.php?u=https:\/\/radiorevelacionfm.cl\/?p=49092&#038;t=El%20Parque%20Nacional%20Cerro%20Castillo%20ya%20est%C3%A1%20operativo%20al%20100%25%20para%20la%20%C3%A9poca%20estival%202024-25' aria-hidden='false' data-av_icon='\ue8f3' data-av_iconfont='entypo-fontello' title='' data-avia-related-tooltip='Compartir en Facebook' rel=\"noopener\"><span class='avia_hidden_link_text'>Compartir en Facebook<\/span><\/a><\/li><li class='av-share-link av-social-link-twitter' ><a target=\"_blank\" aria-label=\"Compartir en Twitter\" href='https:\/\/twitter.com\/share?text=El%20Parque%20Nacional%20Cerro%20Castillo%20ya%20est%C3%A1%20operativo%20al%20100%25%20para%20la%20%C3%A9poca%20estival%202024-25&#038;url=https:\/\/radiorevelacionfm.cl\/?p=49092' aria-hidden='false' data-av_icon='\ue8f1' data-av_iconfont='entypo-fontello' title='' data-avia-related-tooltip='Compartir en Twitter' rel=\"noopener\"><span class='avia_hidden_link_text'>Compartir en Twitter<\/span><\/a><\/li><li class='av-share-link av-social-link-whatsapp' ><a target=\"_blank\" aria-label=\"Compartir en Whatsapp\" href='https:\/\/api.whatsapp.com\/send?text=https:\/\/radiorevelacionfm.cl\/?p=49092' aria-hidden='false' data-av_icon='\uf232' data-av_iconfont='entypo-fontello' title='' data-avia-related-tooltip='Compartir en Whatsapp' rel=\"noopener\"><span class='avia_hidden_link_text'>Compartir en Whatsapp<\/span><\/a><\/li><li class='av-share-link av-social-link-linkedin' ><a target=\"_blank\" aria-label=\"Compartir en LinkedIn\" href='https:\/\/linkedin.com\/shareArticle?mini=true&#038;title=El%20Parque%20Nacional%20Cerro%20Castillo%20ya%20est%C3%A1%20operativo%20al%20100%25%20para%20la%20%C3%A9poca%20estival%202024-25&#038;url=https:\/\/radiorevelacionfm.cl\/?p=49092' aria-hidden='false' data-av_icon='\ue8fc' data-av_iconfont='entypo-fontello' title='' data-avia-related-tooltip='Compartir en LinkedIn' rel=\"noopener\"><span class='avia_hidden_link_text'>Compartir en LinkedIn<\/span><\/a><\/li><li class='av-share-link av-social-link-mail' ><a  aria-label=\"Compartir por correo\" href='mailto:?subject=El%20Parque%20Nacional%20Cerro%20Castillo%20ya%20est%C3%A1%20operativo%20al%20100%25%20para%20la%20%C3%A9poca%20estival%202024-25&#038;body=https:\/\/radiorevelacionfm.cl\/?p=49092' aria-hidden='false' data-av_icon='\ue805' data-av_iconfont='entypo-fontello' title='' data-avia-related-tooltip='Compartir por correo'><span class='avia_hidden_link_text'>Compartir por correo<\/span><\/a><\/li><\/ul><\/div><\/div>\n<div  style='height:50px' class='hr hr-invisible   avia-builder-el-8  el_after_av_social_share  el_before_av_comments_list '><span class='hr-inner ' ><span class='hr-inner-style'><\/span><\/span><\/div>\n<div  class='av-buildercomment  av-blog-meta-html-info-disabled av-blog-meta-tag-disabled  '><\/div>\n","protected":false},"excerpt":{"rendered":"","protected":false},"author":1,"featured_media":49096,"comment_status":"open","ping_status":"open","sticky":false,"template":"","format":"standard","meta":{"footnotes":""},"categories":[54],"tags":[],"class_list":["post-49092","post","type-post","status-publish","format-standard","has-post-thumbnail","hentry","category-turismo"],"jetpack_featured_media_url":"https:\/\/radiorevelacionfm.cl\/wp-content\/uploads\/2024\/12\/3-80-1-1.jpeg","_links":{"self":[{"href":"https:\/\/radiorevelacionfm.cl\/index.php?rest_route=\/wp\/v2\/posts\/49092","targetHints":{"allow":["GET"]}}],"collection":[{"href":"https:\/\/radiorevelacionfm.cl\/index.php?rest_route=\/wp\/v2\/posts"}],"about":[{"href":"https:\/\/radiorevelacionfm.cl\/index.php?rest_route=\/wp\/v2\/types\/post"}],"author":[{"embeddable":true,"href":"https:\/\/radiorevelacionfm.cl\/index.php?rest_route=\/wp\/v2\/users\/1"}],"replies":[{"embeddable":true,"href":"https:\/\/radiorevelacionfm.cl\/index.php?rest_route=%2Fwp%2Fv2%2Fcomments&post=49092"}],"version-history":[{"count":2,"href":"https:\/\/radiorevelacionfm.cl\/index.php?rest_route=\/wp\/v2\/posts\/49092\/revisions"}],"predecessor-version":[{"id":49097,"href":"https:\/\/radiorevelacionfm.cl\/index.php?rest_route=\/wp\/v2\/posts\/49092\/revisions\/49097"}],"wp:featuredmedia":[{"embeddable":true,"href":"https:\/\/radiorevelacionfm.cl\/index.php?rest_route=\/wp\/v2\/media\/49096"}],"wp:attachment":[{"href":"https:\/\/radiorevelacionfm.cl\/index.php?rest_route=%2Fwp%2Fv2%2Fmedia&parent=49092"}],"wp:term":[{"taxonomy":"category","embeddable":true,"href":"https:\/\/radiorevelacionfm.cl\/index.php?rest_route=%2Fwp%2Fv2%2Fcategories&post=49092"},{"taxonomy":"post_tag","embeddable":true,"href":"https:\/\/radiorevelacionfm.cl\/index.php?rest_route=%2Fwp%2Fv2%2Ftags&post=49092"}],"curies":[{"name":"wp","href":"https:\/\/api.w.org\/{rel}","templated":true}]}}