{"id":49082,"date":"2024-12-20T16:38:34","date_gmt":"2024-12-20T19:38:34","guid":{"rendered":"https:\/\/radiorevelacionfm.cl\/?p=49082"},"modified":"2024-12-20T16:38:34","modified_gmt":"2024-12-20T19:38:34","slug":"red-de-artistas-visuales-de-aysen-lanzan-sitio-web-al-cierre-del-proyecto-fondart-2024","status":"publish","type":"post","link":"https:\/\/radiorevelacionfm.cl\/?p=49082","title":{"rendered":"Red de Artistas Visuales de Ays\u00e9n lanzan sitio web al cierre del proyecto Fondart 2024"},"content":{"rendered":"<div class=\"flex_column av_one_full  flex_column_div av-zero-column-padding first  avia-builder-el-0  el_before_av_one_full  avia-builder-el-first  \" style='border-radius:0px; '><div  class='avia-image-container  av-styling-    avia-builder-el-1  avia-builder-el-no-sibling  avia-align-center '  itemprop=\"image\" itemscope=\"itemscope\" itemtype=\"https:\/\/schema.org\/ImageObject\"  ><div class='avia-image-container-inner'><div class='avia-image-overlay-wrap'><img decoding=\"async\" class='wp-image-49083 avia-img-lazy-loading-not-49083 avia_image' src=\"https:\/\/radiorevelacionfm.cl\/wp-content\/uploads\/2024\/12\/rava-adultos-1_optimized-1.jpg\" alt='' title='rava-adultos-(1)_optimized (1)' height=\"600\" width=\"910\"  itemprop=\"thumbnailUrl\" srcset=\"https:\/\/radiorevelacionfm.cl\/wp-content\/uploads\/2024\/12\/rava-adultos-1_optimized-1.jpg 910w, https:\/\/radiorevelacionfm.cl\/wp-content\/uploads\/2024\/12\/rava-adultos-1_optimized-1-300x198.jpg 300w, https:\/\/radiorevelacionfm.cl\/wp-content\/uploads\/2024\/12\/rava-adultos-1_optimized-1-768x506.jpg 768w, https:\/\/radiorevelacionfm.cl\/wp-content\/uploads\/2024\/12\/rava-adultos-1_optimized-1-705x465.jpg 705w, https:\/\/radiorevelacionfm.cl\/wp-content\/uploads\/2024\/12\/rava-adultos-1_optimized-1-450x297.jpg 450w, https:\/\/radiorevelacionfm.cl\/wp-content\/uploads\/2024\/12\/rava-adultos-1_optimized-1-600x396.jpg 600w\" sizes=\"(max-width: 910px) 100vw, 910px\" \/><\/div><\/div><\/div><\/div>\n<div class=\"flex_column av_one_full  flex_column_div av-zero-column-padding first  avia-builder-el-2  el_after_av_one_full  el_before_av_one_full  column-top-margin\" style='border-radius:0px; '><section class=\"av_textblock_section \"  itemscope=\"itemscope\" itemtype=\"https:\/\/schema.org\/BlogPosting\" itemprop=\"blogPost\" ><div class='avia_textblock  '   itemprop=\"text\" ><p style=\"text-align: center;\"><span style=\"font-size: 18pt;\"><strong>Red de Artistas Visuales de Ays\u00e9n lanzan sitio web al cierre del proyecto Fondart 2024<\/strong><\/span><\/p>\n<div id=\"gtx-trans\" style=\"position: absolute; left: -50px; top: 4.31534px;\">\n<div class=\"gtx-trans-icon\"><\/div>\n<\/div>\n<\/div><\/section><\/div>\n<div class=\"flex_column av_one_full  flex_column_div av-zero-column-padding first  avia-builder-el-4  el_after_av_one_full  el_before_av_hr  column-top-margin\" style='border-radius:0px; '><section class=\"av_textblock_section \"  itemscope=\"itemscope\" itemtype=\"https:\/\/schema.org\/BlogPosting\" itemprop=\"blogPost\" ><div class='avia_textblock  '   itemprop=\"text\" ><p style=\"text-align: justify;\">Pr\u00f3ximos a cumplir 5 a\u00f1os como organizaci\u00f3n, la Red de Artistas Visuales Rava Ays\u00e9n, lanz\u00f3 su sitio web y dio a conocer el balance del trabajo desarrollado durante este 2024.<\/p>\n<p style=\"text-align: justify;\">La nueva plataforma digital (<a href=\"http:\/\/www.ravaysen.cl\">www.ravaysen.cl<\/a>) contiene la historia y los proyectos de la red, as\u00ed como los perfiles y disciplinas de cada integrante: los y las artistas visuales Cristina Guti\u00e9rrez, Catalina Correa, Fredy Jofr\u00e9; la grabadora Cristina Pustela, y las y los fot\u00f3grafos Paola Zapata Felipe Soza y Tania Morgado. Las y los usuarios podr\u00e1n conocer, adem\u00e1s, los talleres disponibles de cada temporada.<\/p>\n<p style=\"text-align: justify;\">Rava Ays\u00e9n, compuesto por 7 artistas visuales, docentes y fot\u00f3grafos, desarroll\u00f3 dos ciclos de talleres en Coyhaique y Puerto Ays\u00e9n, primero con personas en situaci\u00f3n de discapacidad, y luego, con personas mayores. La iniciativa, denominada Conexi\u00f3n y bienestar a trav\u00e9s del arte, fue posible gracias al financiamiento del Fondo para el Desarrollo Cultural y las Artes 2024 del Ministerio de las Culturas. El equipo fue\u00a0 previamente capacitado por expertos de Senadis y Senama, con el objetivo de adquirir las herramientas para trabajar con p\u00fablicos diversos.<\/p>\n<p style=\"text-align: justify;\">Cristina Guti\u00e9rrez, presidenta de Rava Ays\u00e9n, ve positivamente el desarrollo de la agrupaci\u00f3n, que se vio potenciado desde que decidieron formalizarse: \u201cSi uno no se organiza en general y trabaja como isla -y eso pasa a todo nivel- va a costar el acceso\u00a0 y siempre vamos a estar solos. Es muy importante ir profesionaliz\u00e1ndose dentro de lo que estamos haciendo. Siempre tenemos que ir buscando los mejores recursos para cumplir los objetivos. En el fondo, la idea de organizarse es vincularse y hacer comunidad y uno de los objetivos superimportantes de Rava es tambi\u00e9n llegar a la comunidad, y para poder llegar con m\u00e1s fuerza hay que agruparse, sobre todo los artistas visuales, cuya creatividad generalmente trabaja muy sola, es como muy de introspecci\u00f3n\u201d.<\/p>\n<p style=\"text-align: justify;\">El Seremi de Culturas Ays\u00e9n, Felipe Quiroz, dijo que \u00abdesde el Ministerio de las Culturas, estamos convencidos de que el trabajo que ha desarrollado la Red de Artistas Visuales de nuestra regi\u00f3n ha permitido no solo visibilizar y poner en valor obras, sino proponer profundos periodos de formaci\u00f3n en grupos que generalmente tienen un acceso limitado a este tipo de actividades, por diversos motivos. Felicitamos el trabajo de la red y la continuidad que se le ha dado a trav\u00e9s de las diferentes etapas\u201d.<\/p>\n<\/div><\/section><\/div><div  style='height:50px' class='hr hr-invisible   avia-builder-el-6  el_after_av_one_full  el_before_av_social_share '><span class='hr-inner ' ><span class='hr-inner-style'><\/span><\/span><\/div><\/p>\n<div  class='av-social-sharing-box  avia-builder-el-7  el_after_av_hr  el_before_av_hr  '><div class='av-share-box'><h5 class='av-share-link-description av-no-toc '>Compartir esta noticia<\/h5><ul class='av-share-box-list noLightbox'><li class='av-share-link av-social-link-facebook' ><a target=\"_blank\" aria-label=\"Compartir en Facebook\" href='https:\/\/www.facebook.com\/sharer.php?u=https:\/\/radiorevelacionfm.cl\/?p=49082&#038;t=Red%20de%20Artistas%20Visuales%20de%20Ays%C3%A9n%20lanzan%20sitio%20web%20al%20cierre%20del%20proyecto%20Fondart%202024' aria-hidden='false' data-av_icon='\ue8f3' data-av_iconfont='entypo-fontello' title='' data-avia-related-tooltip='Compartir en Facebook' rel=\"noopener\"><span class='avia_hidden_link_text'>Compartir en Facebook<\/span><\/a><\/li><li class='av-share-link av-social-link-twitter' ><a target=\"_blank\" aria-label=\"Compartir en Twitter\" href='https:\/\/twitter.com\/share?text=Red%20de%20Artistas%20Visuales%20de%20Ays%C3%A9n%20lanzan%20sitio%20web%20al%20cierre%20del%20proyecto%20Fondart%202024&#038;url=https:\/\/radiorevelacionfm.cl\/?p=49082' aria-hidden='false' data-av_icon='\ue8f1' data-av_iconfont='entypo-fontello' title='' data-avia-related-tooltip='Compartir en Twitter' rel=\"noopener\"><span class='avia_hidden_link_text'>Compartir en Twitter<\/span><\/a><\/li><li class='av-share-link av-social-link-whatsapp' ><a target=\"_blank\" aria-label=\"Compartir en Whatsapp\" href='https:\/\/api.whatsapp.com\/send?text=https:\/\/radiorevelacionfm.cl\/?p=49082' aria-hidden='false' data-av_icon='\uf232' data-av_iconfont='entypo-fontello' title='' data-avia-related-tooltip='Compartir en Whatsapp' rel=\"noopener\"><span class='avia_hidden_link_text'>Compartir en Whatsapp<\/span><\/a><\/li><li class='av-share-link av-social-link-linkedin' ><a target=\"_blank\" aria-label=\"Compartir en LinkedIn\" href='https:\/\/linkedin.com\/shareArticle?mini=true&#038;title=Red%20de%20Artistas%20Visuales%20de%20Ays%C3%A9n%20lanzan%20sitio%20web%20al%20cierre%20del%20proyecto%20Fondart%202024&#038;url=https:\/\/radiorevelacionfm.cl\/?p=49082' aria-hidden='false' data-av_icon='\ue8fc' data-av_iconfont='entypo-fontello' title='' data-avia-related-tooltip='Compartir en LinkedIn' rel=\"noopener\"><span class='avia_hidden_link_text'>Compartir en LinkedIn<\/span><\/a><\/li><li class='av-share-link av-social-link-mail' ><a  aria-label=\"Compartir por correo\" href='mailto:?subject=Red%20de%20Artistas%20Visuales%20de%20Ays%C3%A9n%20lanzan%20sitio%20web%20al%20cierre%20del%20proyecto%20Fondart%202024&#038;body=https:\/\/radiorevelacionfm.cl\/?p=49082' aria-hidden='false' data-av_icon='\ue805' data-av_iconfont='entypo-fontello' title='' data-avia-related-tooltip='Compartir por correo'><span class='avia_hidden_link_text'>Compartir por correo<\/span><\/a><\/li><\/ul><\/div><\/div>\n<div  style='height:50px' class='hr hr-invisible   avia-builder-el-8  el_after_av_social_share  el_before_av_comments_list '><span class='hr-inner ' ><span class='hr-inner-style'><\/span><\/span><\/div>\n<div  class='av-buildercomment  av-blog-meta-html-info-disabled av-blog-meta-tag-disabled  '><\/div>\n","protected":false},"excerpt":{"rendered":"","protected":false},"author":1,"featured_media":49083,"comment_status":"open","ping_status":"open","sticky":false,"template":"","format":"standard","meta":{"footnotes":""},"categories":[52],"tags":[],"class_list":["post-49082","post","type-post","status-publish","format-standard","has-post-thumbnail","hentry","category-cultura"],"jetpack_featured_media_url":"https:\/\/radiorevelacionfm.cl\/wp-content\/uploads\/2024\/12\/rava-adultos-1_optimized-1.jpg","_links":{"self":[{"href":"https:\/\/radiorevelacionfm.cl\/index.php?rest_route=\/wp\/v2\/posts\/49082","targetHints":{"allow":["GET"]}}],"collection":[{"href":"https:\/\/radiorevelacionfm.cl\/index.php?rest_route=\/wp\/v2\/posts"}],"about":[{"href":"https:\/\/radiorevelacionfm.cl\/index.php?rest_route=\/wp\/v2\/types\/post"}],"author":[{"embeddable":true,"href":"https:\/\/radiorevelacionfm.cl\/index.php?rest_route=\/wp\/v2\/users\/1"}],"replies":[{"embeddable":true,"href":"https:\/\/radiorevelacionfm.cl\/index.php?rest_route=%2Fwp%2Fv2%2Fcomments&post=49082"}],"version-history":[{"count":2,"href":"https:\/\/radiorevelacionfm.cl\/index.php?rest_route=\/wp\/v2\/posts\/49082\/revisions"}],"predecessor-version":[{"id":49088,"href":"https:\/\/radiorevelacionfm.cl\/index.php?rest_route=\/wp\/v2\/posts\/49082\/revisions\/49088"}],"wp:featuredmedia":[{"embeddable":true,"href":"https:\/\/radiorevelacionfm.cl\/index.php?rest_route=\/wp\/v2\/media\/49083"}],"wp:attachment":[{"href":"https:\/\/radiorevelacionfm.cl\/index.php?rest_route=%2Fwp%2Fv2%2Fmedia&parent=49082"}],"wp:term":[{"taxonomy":"category","embeddable":true,"href":"https:\/\/radiorevelacionfm.cl\/index.php?rest_route=%2Fwp%2Fv2%2Fcategories&post=49082"},{"taxonomy":"post_tag","embeddable":true,"href":"https:\/\/radiorevelacionfm.cl\/index.php?rest_route=%2Fwp%2Fv2%2Ftags&post=49082"}],"curies":[{"name":"wp","href":"https:\/\/api.w.org\/{rel}","templated":true}]}}