{"id":49079,"date":"2024-12-20T17:35:23","date_gmt":"2024-12-20T20:35:23","guid":{"rendered":"https:\/\/radiorevelacionfm.cl\/?p=49079"},"modified":"2024-12-20T17:35:23","modified_gmt":"2024-12-20T20:35:23","slug":"convenio-entre-servicio-de-salud-y-capredena-reduce-listas-de-esperas-de-ecocardiogramas-y-mamografias-en-la-region-de-aysen","status":"publish","type":"post","link":"https:\/\/radiorevelacionfm.cl\/?p=49079","title":{"rendered":"Convenio entre Servicio de Salud y Capredena reduce listas de esperas de ecocardiogramas y mamograf\u00edas en la Regi\u00f3n de Ays\u00e9n"},"content":{"rendered":"<div class=\"flex_column av_one_full  flex_column_div av-zero-column-padding first  avia-builder-el-0  el_before_av_one_full  avia-builder-el-first  \" style='border-radius:0px; '><div  class='avia-image-container  av-styling-    avia-builder-el-1  avia-builder-el-no-sibling  avia-align-center '  itemprop=\"image\" itemscope=\"itemscope\" itemtype=\"https:\/\/schema.org\/ImageObject\"  ><div class='avia-image-container-inner'><div class='avia-image-overlay-wrap'><img decoding=\"async\" class='wp-image-49080 avia-img-lazy-loading-not-49080 avia_image' src=\"https:\/\/radiorevelacionfm.cl\/wp-content\/uploads\/2024\/12\/eco-cardiograma-2-1_optimized.jpeg\" alt='' title='eco-cardiograma-(2)-(1)_optimized' height=\"600\" width=\"800\"  itemprop=\"thumbnailUrl\" srcset=\"https:\/\/radiorevelacionfm.cl\/wp-content\/uploads\/2024\/12\/eco-cardiograma-2-1_optimized.jpeg 800w, https:\/\/radiorevelacionfm.cl\/wp-content\/uploads\/2024\/12\/eco-cardiograma-2-1_optimized-300x225.jpeg 300w, https:\/\/radiorevelacionfm.cl\/wp-content\/uploads\/2024\/12\/eco-cardiograma-2-1_optimized-768x576.jpeg 768w, https:\/\/radiorevelacionfm.cl\/wp-content\/uploads\/2024\/12\/eco-cardiograma-2-1_optimized-705x529.jpeg 705w, https:\/\/radiorevelacionfm.cl\/wp-content\/uploads\/2024\/12\/eco-cardiograma-2-1_optimized-450x338.jpeg 450w, https:\/\/radiorevelacionfm.cl\/wp-content\/uploads\/2024\/12\/eco-cardiograma-2-1_optimized-600x450.jpeg 600w\" sizes=\"(max-width: 800px) 100vw, 800px\" \/><\/div><\/div><\/div><\/div><div class=\"flex_column av_one_full  flex_column_div av-zero-column-padding first  avia-builder-el-2  el_after_av_one_full  el_before_av_one_full  column-top-margin\" style='border-radius:0px; '><section class=\"av_textblock_section \"  itemscope=\"itemscope\" itemtype=\"https:\/\/schema.org\/BlogPosting\" itemprop=\"blogPost\" ><div class='avia_textblock  '   itemprop=\"text\" ><p style=\"text-align: center;\"><span style=\"font-size: 18pt;\"><b>Convenio entre Servicio de Salud y Capredena reduce listas de esperas de ecocardiogramas y mamograf\u00edas en la Regi\u00f3n de Ays\u00e9n<\/b><\/span><\/p>\n<div id=\"gtx-trans\" style=\"position: absolute; left: -50px; top: 4.31534px;\">\n<div class=\"gtx-trans-icon\"><\/div>\n<\/div>\n<\/div><\/section><\/div><div class=\"flex_column av_one_full  flex_column_div av-zero-column-padding first  avia-builder-el-4  el_after_av_one_full  el_before_av_hr  column-top-margin\" style='border-radius:0px; '><section class=\"av_textblock_section \"  itemscope=\"itemscope\" itemtype=\"https:\/\/schema.org\/BlogPosting\" itemprop=\"blogPost\" ><div class='avia_textblock  '   itemprop=\"text\" ><p style=\"font-weight: 400; text-align: justify;\"><em>Esta iniciativa es parte del programa integral de reducci\u00f3n de listas de espera del Gobierno Regional y la Red Asistencial.<\/em><\/p>\n<p style=\"font-weight: 400; text-align: justify;\">Un total de 280 ex\u00e1menes de ecocardiogramas se est\u00e1n realizando desde el lunes 16 hasta el domingo 22 de diciembre gracias a un convenio de colaboraci\u00f3n entre la Caja de Previsi\u00f3n de la Defensa Nacional (CAPREDENA) y el Servicio de Salud Ays\u00e9n (SSA). Esta alianza estrat\u00e9gica entre ambas instituciones est\u00e1 permitiendo reducir las listas de espera en la salud p\u00fablica.<\/p>\n<p style=\"font-weight: 400; text-align: justify;\">Los ex\u00e1menes son realizados por un equipo profesional de la Red Salud de Capredena -integrado por un m\u00e9dico cardi\u00f3logo, un m\u00e9dico radi\u00f3logo y una t\u00e9cnica en enfermer\u00eda que viajaron especialmente a la zona para realizar este operativo- en las instalaciones el CESFAM V\u00edctor Domingo Silva y el Hospital de Puerto Ays\u00e9n, en el marco del cumplimiento del Programa GORE Reducci\u00f3n Integral de Tiempos de Espera, que se ejecuta hasta 2025.<\/p>\n<p style=\"font-weight: 400; text-align: justify;\">\u201cMe llamaron del hospital para atenci\u00f3n de cardi\u00f3logo, llevo m\u00e1s de un a\u00f1o esperando, ya me han dado dos pre infartos y para m\u00ed es una alegr\u00eda que me hayan llamado tan r\u00e1pido, porque hay gente que lleva esperando dos o tres a\u00f1os y tener un cardi\u00f3logo para m\u00ed es una alegr\u00eda y que no solo haya uno, sino dos o tres m\u00e1s para que se atiendan m\u00e1s r\u00e1pido y agradezco al gobierno, al gobernador y al doctor\u201d, dijo Jos\u00e9 Calbilao, uno de los pacientes en el CESFAM V\u00edctor Domingo Silva.<\/p>\n<p style=\"font-weight: 400; text-align: justify;\">El Servicio se encuentra permanentemente realizando gestiones para poder contar con especialistas de todas las ramas m\u00e9dicas.\u00a0\u201cHemos hecho las gestiones para formar especialistas en cardiolog\u00eda, solicitamos los cupos al Ministerio de Salud y esperamos pronto tener una respuesta y por otra parte hemos ido avanzando en buscar cardi\u00f3logos que vengan a la regi\u00f3n. Ha sido un trabajo algo lento, porque algunos tienen m\u00e1s inter\u00e9s que otros y tiene que ver tambi\u00e9n con el nivel de equipamiento que tenemos en la regi\u00f3n. Por eso el tema de poder contar con un angi\u00f3grafo es muy atractivo, sobre todo para los cardi\u00f3logos que viene a su especialidad de cardiolog\u00eda intervencional\u201d, declar\u00f3 el Dr. Ram\u00f3n Vergara, subdirector (S) de Gesti\u00f3n Asistencial del Servicio de Salud Ays\u00e9n.<\/p>\n<p style=\"font-weight: 400; text-align: justify;\">Solo con los ecocardiogramas realizados esta semana se logr\u00f3 una disminuci\u00f3n de un 18% del total de la lista de espera para este examen en la Regi\u00f3n. Adem\u00e1s, en paralelo se est\u00e1n realizando\u00a0otros 440 procedimientos distribuidos entre ecograf\u00edas mamarias y partes blandas.<\/p>\n<p style=\"font-weight: 400; text-align: justify;\">\u201cEste tipo de necesidades en salud son crecientes y cada vez m\u00e1s. No olvidemos que del total de personas que tenemos bajo control con problemas de salud cardiovascular solamente tenemos un tercio de la poblaci\u00f3n que sabemos que est\u00e1 enferma. El resto no consulta en su centro de salud, no accede a sus ex\u00e1menes preventivos y eso promueve que las manifestaciones de patolog\u00edas, por ejemplo, cr\u00f3nicas y cardiacas se presenten con m\u00e1s complejidad y requieren siempre de un nivel de especialidad m\u00e1s alto\u201d, indic\u00f3 Carmen Gloria Monsalve, Seremi de Salud Ays\u00e9n.<\/p>\n<p style=\"font-weight: 400; text-align: justify;\">De esta manera Monsalve G\u00f3mez, asume que se debe trabajar el nivel secundario de salud, pero por sobre todo la importancia de la atenci\u00f3n primaria en el rol de prevenci\u00f3n y promoci\u00f3n.<\/p>\n<p style=\"font-weight: 400; text-align: justify;\">Junto con reconocer el esfuerzo del Servicio de Salud Ays\u00e9n en materia sanitaria el gobernador agreg\u00f3 que \u201chemos estado en un trabajo conjunto, apoyando distintos proyectos de equipamiento como de infraestructura, pero adem\u00e1s hemos aprobado una importante cantidad de recursos para ir en disminuci\u00f3n de los tiempos de espera, de las listas que est\u00e1n en la regi\u00f3n y desde esa perspectiva contribuir a especialidades como cardiolog\u00eda\u201d, se\u00f1al\u00f3 Omar Mu\u00f1oz Sierra.<\/p>\n<p style=\"font-weight: 400; text-align: justify;\">Esta estrategia busca disminuir en un 43% la lista de espera para este procedimiento de ecocardiogramas en la Atenci\u00f3n Primaria de Salud para Coyhaique y localidades aleda\u00f1as. Mientras que para Puerto Ays\u00e9n y Puerto Chacabuco un 32% del total de la Lista de Espera.<\/p>\n<p style=\"font-weight: 400; text-align: justify;\"><strong>El aporte de Capredena<\/strong><\/p>\n<p style=\"font-weight: 400; text-align: justify;\">Este no es el primer operativo de la Red Salud Capredena en la Regi\u00f3n. Ya entre el 27 de noviembre y el\u00a01 de diciembre, su equipo m\u00e9dico realiz\u00f3 un total de 298 procedimientos de ecograf\u00eda mamar\u00eda y abdominal en Puerto Cisnes y Puerto Ays\u00e9n.<\/p>\n<p style=\"font-weight: 400; text-align: justify;\">Sobre este trabajo, el Vicepresidente Ejecutivo de Capredena, Andr\u00e9s Culagovski, destac\u00f3 que la Red Salud de la Caja realiza estos operativos de ex\u00e1menes, cirug\u00edas y consultas m\u00e9dicas en distintas regiones del pa\u00eds.\u00a0\u201cSon un reflejo del compromiso que tenemos como instituci\u00f3n de la Defensa Nacional de contribuir activamente en la necesidad de reducir las listas de espera y fortalecer la salud p\u00fablica\u201d.<\/p>\n<p style=\"font-weight: 400; text-align: justify;\">El cardi\u00f3logo de Capredena, Karl Clausdorff, que lidera el equipo de profesionales agradeci\u00f3 la opci\u00f3n de contribuir a la salud p\u00fablica de la regi\u00f3n:\u00a0\u201cMe parece bastante buena la disposici\u00f3n de todas las autoridades para los operativos, tanto como de la red de salud Capredena, de convocar a otras redes\u201d.<\/p>\n<\/div><\/section><\/div><div  style='height:50px' class='hr hr-invisible   avia-builder-el-6  el_after_av_one_full  el_before_av_social_share '><span class='hr-inner ' ><span class='hr-inner-style'><\/span><\/span><\/div><\/p>\n<div  class='av-social-sharing-box  avia-builder-el-7  el_after_av_hr  el_before_av_hr  '><div class='av-share-box'><h5 class='av-share-link-description av-no-toc '>Compartir esta noticia<\/h5><ul class='av-share-box-list noLightbox'><li class='av-share-link av-social-link-facebook' ><a target=\"_blank\" aria-label=\"Compartir en Facebook\" href='https:\/\/www.facebook.com\/sharer.php?u=https:\/\/radiorevelacionfm.cl\/?p=49079&#038;t=Convenio%20entre%20Servicio%20de%20Salud%20y%20Capredena%20reduce%20listas%20de%20esperas%20de%20ecocardiogramas%20y%20mamograf%C3%ADas%20en%20la%20Regi%C3%B3n%20de%20Ays%C3%A9n' aria-hidden='false' data-av_icon='\ue8f3' data-av_iconfont='entypo-fontello' title='' data-avia-related-tooltip='Compartir en Facebook' rel=\"noopener\"><span class='avia_hidden_link_text'>Compartir en Facebook<\/span><\/a><\/li><li class='av-share-link av-social-link-twitter' ><a target=\"_blank\" aria-label=\"Compartir en Twitter\" href='https:\/\/twitter.com\/share?text=Convenio%20entre%20Servicio%20de%20Salud%20y%20Capredena%20reduce%20listas%20de%20esperas%20de%20ecocardiogramas%20y%20mamograf%C3%ADas%20en%20la%20Regi%C3%B3n%20de%20Ays%C3%A9n&#038;url=https:\/\/radiorevelacionfm.cl\/?p=49079' aria-hidden='false' data-av_icon='\ue8f1' data-av_iconfont='entypo-fontello' title='' data-avia-related-tooltip='Compartir en Twitter' rel=\"noopener\"><span class='avia_hidden_link_text'>Compartir en Twitter<\/span><\/a><\/li><li class='av-share-link av-social-link-whatsapp' ><a target=\"_blank\" aria-label=\"Compartir en Whatsapp\" href='https:\/\/api.whatsapp.com\/send?text=https:\/\/radiorevelacionfm.cl\/?p=49079' aria-hidden='false' data-av_icon='\uf232' data-av_iconfont='entypo-fontello' title='' data-avia-related-tooltip='Compartir en Whatsapp' rel=\"noopener\"><span class='avia_hidden_link_text'>Compartir en Whatsapp<\/span><\/a><\/li><li class='av-share-link av-social-link-linkedin' ><a target=\"_blank\" aria-label=\"Compartir en LinkedIn\" href='https:\/\/linkedin.com\/shareArticle?mini=true&#038;title=Convenio%20entre%20Servicio%20de%20Salud%20y%20Capredena%20reduce%20listas%20de%20esperas%20de%20ecocardiogramas%20y%20mamograf%C3%ADas%20en%20la%20Regi%C3%B3n%20de%20Ays%C3%A9n&#038;url=https:\/\/radiorevelacionfm.cl\/?p=49079' aria-hidden='false' data-av_icon='\ue8fc' data-av_iconfont='entypo-fontello' title='' data-avia-related-tooltip='Compartir en LinkedIn' rel=\"noopener\"><span class='avia_hidden_link_text'>Compartir en LinkedIn<\/span><\/a><\/li><li class='av-share-link av-social-link-mail' ><a  aria-label=\"Compartir por correo\" href='mailto:?subject=Convenio%20entre%20Servicio%20de%20Salud%20y%20Capredena%20reduce%20listas%20de%20esperas%20de%20ecocardiogramas%20y%20mamograf%C3%ADas%20en%20la%20Regi%C3%B3n%20de%20Ays%C3%A9n&#038;body=https:\/\/radiorevelacionfm.cl\/?p=49079' aria-hidden='false' data-av_icon='\ue805' data-av_iconfont='entypo-fontello' title='' data-avia-related-tooltip='Compartir por correo'><span class='avia_hidden_link_text'>Compartir por correo<\/span><\/a><\/li><\/ul><\/div><\/div>\n<div  style='height:50px' class='hr hr-invisible   avia-builder-el-8  el_after_av_social_share  el_before_av_comments_list '><span class='hr-inner ' ><span class='hr-inner-style'><\/span><\/span><\/div>\n<div  class='av-buildercomment  av-blog-meta-html-info-disabled av-blog-meta-tag-disabled  '><\/div>\n","protected":false},"excerpt":{"rendered":"","protected":false},"author":1,"featured_media":49080,"comment_status":"open","ping_status":"open","sticky":false,"template":"","format":"standard","meta":{"footnotes":""},"categories":[46],"tags":[],"class_list":["post-49079","post","type-post","status-publish","format-standard","has-post-thumbnail","hentry","category-salud"],"jetpack_featured_media_url":"https:\/\/radiorevelacionfm.cl\/wp-content\/uploads\/2024\/12\/eco-cardiograma-2-1_optimized.jpeg","_links":{"self":[{"href":"https:\/\/radiorevelacionfm.cl\/index.php?rest_route=\/wp\/v2\/posts\/49079","targetHints":{"allow":["GET"]}}],"collection":[{"href":"https:\/\/radiorevelacionfm.cl\/index.php?rest_route=\/wp\/v2\/posts"}],"about":[{"href":"https:\/\/radiorevelacionfm.cl\/index.php?rest_route=\/wp\/v2\/types\/post"}],"author":[{"embeddable":true,"href":"https:\/\/radiorevelacionfm.cl\/index.php?rest_route=\/wp\/v2\/users\/1"}],"replies":[{"embeddable":true,"href":"https:\/\/radiorevelacionfm.cl\/index.php?rest_route=%2Fwp%2Fv2%2Fcomments&post=49079"}],"version-history":[{"count":1,"href":"https:\/\/radiorevelacionfm.cl\/index.php?rest_route=\/wp\/v2\/posts\/49079\/revisions"}],"predecessor-version":[{"id":49081,"href":"https:\/\/radiorevelacionfm.cl\/index.php?rest_route=\/wp\/v2\/posts\/49079\/revisions\/49081"}],"wp:featuredmedia":[{"embeddable":true,"href":"https:\/\/radiorevelacionfm.cl\/index.php?rest_route=\/wp\/v2\/media\/49080"}],"wp:attachment":[{"href":"https:\/\/radiorevelacionfm.cl\/index.php?rest_route=%2Fwp%2Fv2%2Fmedia&parent=49079"}],"wp:term":[{"taxonomy":"category","embeddable":true,"href":"https:\/\/radiorevelacionfm.cl\/index.php?rest_route=%2Fwp%2Fv2%2Fcategories&post=49079"},{"taxonomy":"post_tag","embeddable":true,"href":"https:\/\/radiorevelacionfm.cl\/index.php?rest_route=%2Fwp%2Fv2%2Ftags&post=49079"}],"curies":[{"name":"wp","href":"https:\/\/api.w.org\/{rel}","templated":true}]}}