{"id":49076,"date":"2024-12-20T15:19:39","date_gmt":"2024-12-20T18:19:39","guid":{"rendered":"https:\/\/radiorevelacionfm.cl\/?p=49076"},"modified":"2024-12-20T15:19:39","modified_gmt":"2024-12-20T18:19:39","slug":"cerca-de-50-personas-emprendedoras-de-chile-chico-dan-un-impulso-a-sus-negocios-con-el-fosis","status":"publish","type":"post","link":"https:\/\/radiorevelacionfm.cl\/?p=49076","title":{"rendered":"Cerca de 50 personas emprendedoras de Chile Chico dan un impulso a sus negocios con el FOSIS"},"content":{"rendered":"<div class=\"flex_column av_one_full  flex_column_div av-zero-column-padding first  avia-builder-el-0  el_before_av_one_full  avia-builder-el-first  \" style='border-radius:0px; '><div  class='avia-image-container  av-styling-    avia-builder-el-1  avia-builder-el-no-sibling  avia-align-center '  itemprop=\"image\" itemscope=\"itemscope\" itemtype=\"https:\/\/schema.org\/ImageObject\"  ><div class='avia-image-container-inner'><div class='avia-image-overlay-wrap'><img decoding=\"async\" class='wp-image-49077 avia-img-lazy-loading-not-49077 avia_image' src=\"https:\/\/radiorevelacionfm.cl\/wp-content\/uploads\/2024\/12\/Chile-Chico-1-1.jpeg\" alt='' title='Chile Chico (1) (1)' height=\"600\" width=\"1067\"  itemprop=\"thumbnailUrl\" srcset=\"https:\/\/radiorevelacionfm.cl\/wp-content\/uploads\/2024\/12\/Chile-Chico-1-1.jpeg 1067w, https:\/\/radiorevelacionfm.cl\/wp-content\/uploads\/2024\/12\/Chile-Chico-1-1-300x169.jpeg 300w, https:\/\/radiorevelacionfm.cl\/wp-content\/uploads\/2024\/12\/Chile-Chico-1-1-1030x579.jpeg 1030w, https:\/\/radiorevelacionfm.cl\/wp-content\/uploads\/2024\/12\/Chile-Chico-1-1-768x432.jpeg 768w, https:\/\/radiorevelacionfm.cl\/wp-content\/uploads\/2024\/12\/Chile-Chico-1-1-705x396.jpeg 705w, https:\/\/radiorevelacionfm.cl\/wp-content\/uploads\/2024\/12\/Chile-Chico-1-1-450x253.jpeg 450w, https:\/\/radiorevelacionfm.cl\/wp-content\/uploads\/2024\/12\/Chile-Chico-1-1-600x337.jpeg 600w\" sizes=\"(max-width: 1067px) 100vw, 1067px\" \/><\/div><\/div><\/div><\/div><div class=\"flex_column av_one_full  flex_column_div av-zero-column-padding first  avia-builder-el-2  el_after_av_one_full  el_before_av_one_full  column-top-margin\" style='border-radius:0px; '><section class=\"av_textblock_section \"  itemscope=\"itemscope\" itemtype=\"https:\/\/schema.org\/BlogPosting\" itemprop=\"blogPost\" ><div class='avia_textblock  '   itemprop=\"text\" ><p style=\"text-align: center;\"><span style=\"font-size: 18pt;\"><strong>Cerca de 50 personas emprendedoras de Chile Chico dan un impulso a sus negocios con el FOSIS<\/strong><\/span><\/p>\n<div id=\"gtx-trans\" style=\"position: absolute; left: -50px; top: 4.31534px;\">\n<div class=\"gtx-trans-icon\"><\/div>\n<\/div>\n<\/div><\/section><\/div><div class=\"flex_column av_one_full  flex_column_div av-zero-column-padding first  avia-builder-el-4  el_after_av_one_full  el_before_av_hr  column-top-margin\" style='border-radius:0px; '><section class=\"av_textblock_section \"  itemscope=\"itemscope\" itemtype=\"https:\/\/schema.org\/BlogPosting\" itemprop=\"blogPost\" ><div class='avia_textblock  '   itemprop=\"text\" ><p style=\"text-align: justify;\"><em>Las personas usuarias de los programas de autonom\u00eda econ\u00f3mica del FOSIS recibieron capacitaci\u00f3n, asesor\u00eda, financiamiento y la oportunidad de mostrar sus productos y servicios a la comunidad local.<\/em><\/p>\n<p style=\"text-align: justify;\">La ceremonia de certificaci\u00f3n y muestra de emprendimientos de los programas Emprendamos B\u00e1sico y Emprendamos Semilla para familias del Subsistema de Seguridades y Oportunidades, financiados por el Fondo de Solidaridad e Inversi\u00f3n Social, FOSIS, se realiz\u00f3 en el Terminal de Buses de Chile Chico y cont\u00f3 con la participaci\u00f3n de la directora regional del FOSIS, Fernanda Leiva; el alcalde de Chile Chico, Ariel Keim y la representante de la Delegaci\u00f3n Presidencial Provincial de General Carrera, Claudia Carrasco.<\/p>\n<p style=\"text-align: justify;\">Estefan\u00eda Grand\u00f3n, emprendedora y manicurista de Chile Chico, valor\u00f3 positivamente su participaci\u00f3n en el programa Emprendamos y asegur\u00f3 que \u201cfue una experiencia enriquecedora, a pesar de que llevo tiempo emprendiendo, desconoc\u00eda algunas cosas en relaci\u00f3n a calcular el costo y el valor de mi servicio, eso me ha ayudado mucho, identificar qu\u00e9 cosas me costaba m\u00e1s y qu\u00e9 cosas iban haciendo que mi servicio durara m\u00e1s tiempo. Adquir\u00ed dos l\u00e1mparas profesionales para mi estudio e insumos que ac\u00e1 no se encuentran y que su costo es elevado en esta zona\u201d.<\/p>\n<p style=\"text-align: justify;\">Fernanda Leiva, directora regional del FOSIS, enfatiz\u00f3 que \u201cestamos muy contentos porque pudimos ver emprendimientos muy originales y podemos destacar las caracter\u00edsticas y el potencial que existe en los emprendedores y emprendedoras de la comuna de Chile Chico, mucho empuje y mucha responsabilidad. Vemos que las herramientas y las oportunidades que entregamos como FOSIS son aprovechadas por nuestros usuarios y usuarias. Seguiremos trabajando para que estos programas puedan seguir llegando a la comuna, para seguir potenciando el emprendimiento y mejorando la calidad de vida de los vecinos y vecinas de Chile Chico\u201d.<\/p>\n<p style=\"text-align: justify;\">El alcalde de Chile Chico, Ariel Keim, asegur\u00f3 estar \u201cconforme y agradecido de las gestiones que se realizaron desde el FOSIS para poder genera esta red de apoyo, donde cerca de 50 emprendedores locales han logrado proyectar sus negocios para el desarrollo comunal. Convers\u00e1bamos con la directora regional para reforzar los v\u00ednculos de trabajo conjunto entre el FOSIS y el Municipio para continuar con estas instancias de apoyo que son sumamente importante, porque es donde se entregan las herramientas a nuestros emprendedores, que muchas veces tienen ganas de hacer cosas pero no tiene los insumos t\u00e9cnicos para desarrollar cada una de sus iniciativas y generar una proyecci\u00f3n econ\u00f3mica en el planos familiar y local\u201d.<\/p>\n<p style=\"text-align: justify;\">Los programas de autonom\u00eda econ\u00f3mica del FOSIS buscan apoyar a personas que desarrollan actividades econ\u00f3micas de manera aut\u00f3noma y personas que se encuentran desocupadas y buscan un trabajo por primera vez, para que puedan generar ingresos a trav\u00e9s de un negocio o servicio, haciendo uso de sus capacidades para mejorar su condici\u00f3n de vida a trav\u00e9s del emprendimiento.<\/p>\n<\/div><\/section><\/div><div  style='height:50px' class='hr hr-invisible   avia-builder-el-6  el_after_av_one_full  el_before_av_social_share '><span class='hr-inner ' ><span class='hr-inner-style'><\/span><\/span><\/div><\/p>\n<div  class='av-social-sharing-box  avia-builder-el-7  el_after_av_hr  el_before_av_hr  '><div class='av-share-box'><h5 class='av-share-link-description av-no-toc '>Compartir esta noticia<\/h5><ul class='av-share-box-list noLightbox'><li class='av-share-link av-social-link-facebook' ><a target=\"_blank\" aria-label=\"Compartir en Facebook\" href='https:\/\/www.facebook.com\/sharer.php?u=https:\/\/radiorevelacionfm.cl\/?p=49076&#038;t=Cerca%20de%2050%20personas%20emprendedoras%20de%20Chile%20Chico%20dan%20un%20impulso%20a%20sus%20negocios%20con%20el%20FOSIS' aria-hidden='false' data-av_icon='\ue8f3' data-av_iconfont='entypo-fontello' title='' data-avia-related-tooltip='Compartir en Facebook' rel=\"noopener\"><span class='avia_hidden_link_text'>Compartir en Facebook<\/span><\/a><\/li><li class='av-share-link av-social-link-twitter' ><a target=\"_blank\" aria-label=\"Compartir en Twitter\" href='https:\/\/twitter.com\/share?text=Cerca%20de%2050%20personas%20emprendedoras%20de%20Chile%20Chico%20dan%20un%20impulso%20a%20sus%20negocios%20con%20el%20FOSIS&#038;url=https:\/\/radiorevelacionfm.cl\/?p=49076' aria-hidden='false' data-av_icon='\ue8f1' data-av_iconfont='entypo-fontello' title='' data-avia-related-tooltip='Compartir en Twitter' rel=\"noopener\"><span class='avia_hidden_link_text'>Compartir en Twitter<\/span><\/a><\/li><li class='av-share-link av-social-link-whatsapp' ><a target=\"_blank\" aria-label=\"Compartir en Whatsapp\" href='https:\/\/api.whatsapp.com\/send?text=https:\/\/radiorevelacionfm.cl\/?p=49076' aria-hidden='false' data-av_icon='\uf232' data-av_iconfont='entypo-fontello' title='' data-avia-related-tooltip='Compartir en Whatsapp' rel=\"noopener\"><span class='avia_hidden_link_text'>Compartir en Whatsapp<\/span><\/a><\/li><li class='av-share-link av-social-link-linkedin' ><a target=\"_blank\" aria-label=\"Compartir en LinkedIn\" href='https:\/\/linkedin.com\/shareArticle?mini=true&#038;title=Cerca%20de%2050%20personas%20emprendedoras%20de%20Chile%20Chico%20dan%20un%20impulso%20a%20sus%20negocios%20con%20el%20FOSIS&#038;url=https:\/\/radiorevelacionfm.cl\/?p=49076' aria-hidden='false' data-av_icon='\ue8fc' data-av_iconfont='entypo-fontello' title='' data-avia-related-tooltip='Compartir en LinkedIn' rel=\"noopener\"><span class='avia_hidden_link_text'>Compartir en LinkedIn<\/span><\/a><\/li><li class='av-share-link av-social-link-mail' ><a  aria-label=\"Compartir por correo\" href='mailto:?subject=Cerca%20de%2050%20personas%20emprendedoras%20de%20Chile%20Chico%20dan%20un%20impulso%20a%20sus%20negocios%20con%20el%20FOSIS&#038;body=https:\/\/radiorevelacionfm.cl\/?p=49076' aria-hidden='false' data-av_icon='\ue805' data-av_iconfont='entypo-fontello' title='' data-avia-related-tooltip='Compartir por correo'><span class='avia_hidden_link_text'>Compartir por correo<\/span><\/a><\/li><\/ul><\/div><\/div>\n<div  style='height:50px' class='hr hr-invisible   avia-builder-el-8  el_after_av_social_share  el_before_av_comments_list '><span class='hr-inner ' ><span class='hr-inner-style'><\/span><\/span><\/div>\n<div  class='av-buildercomment  av-blog-meta-html-info-disabled av-blog-meta-tag-disabled  '><\/div>\n","protected":false},"excerpt":{"rendered":"","protected":false},"author":1,"featured_media":49077,"comment_status":"open","ping_status":"open","sticky":false,"template":"","format":"standard","meta":{"footnotes":""},"categories":[38],"tags":[],"class_list":["post-49076","post","type-post","status-publish","format-standard","has-post-thumbnail","hentry","category-regional"],"jetpack_featured_media_url":"https:\/\/radiorevelacionfm.cl\/wp-content\/uploads\/2024\/12\/Chile-Chico-1-1.jpeg","_links":{"self":[{"href":"https:\/\/radiorevelacionfm.cl\/index.php?rest_route=\/wp\/v2\/posts\/49076","targetHints":{"allow":["GET"]}}],"collection":[{"href":"https:\/\/radiorevelacionfm.cl\/index.php?rest_route=\/wp\/v2\/posts"}],"about":[{"href":"https:\/\/radiorevelacionfm.cl\/index.php?rest_route=\/wp\/v2\/types\/post"}],"author":[{"embeddable":true,"href":"https:\/\/radiorevelacionfm.cl\/index.php?rest_route=\/wp\/v2\/users\/1"}],"replies":[{"embeddable":true,"href":"https:\/\/radiorevelacionfm.cl\/index.php?rest_route=%2Fwp%2Fv2%2Fcomments&post=49076"}],"version-history":[{"count":1,"href":"https:\/\/radiorevelacionfm.cl\/index.php?rest_route=\/wp\/v2\/posts\/49076\/revisions"}],"predecessor-version":[{"id":49078,"href":"https:\/\/radiorevelacionfm.cl\/index.php?rest_route=\/wp\/v2\/posts\/49076\/revisions\/49078"}],"wp:featuredmedia":[{"embeddable":true,"href":"https:\/\/radiorevelacionfm.cl\/index.php?rest_route=\/wp\/v2\/media\/49077"}],"wp:attachment":[{"href":"https:\/\/radiorevelacionfm.cl\/index.php?rest_route=%2Fwp%2Fv2%2Fmedia&parent=49076"}],"wp:term":[{"taxonomy":"category","embeddable":true,"href":"https:\/\/radiorevelacionfm.cl\/index.php?rest_route=%2Fwp%2Fv2%2Fcategories&post=49076"},{"taxonomy":"post_tag","embeddable":true,"href":"https:\/\/radiorevelacionfm.cl\/index.php?rest_route=%2Fwp%2Fv2%2Ftags&post=49076"}],"curies":[{"name":"wp","href":"https:\/\/api.w.org\/{rel}","templated":true}]}}