{"id":49073,"date":"2024-12-20T15:42:55","date_gmt":"2024-12-20T18:42:55","guid":{"rendered":"https:\/\/radiorevelacionfm.cl\/?p=49073"},"modified":"2024-12-20T15:42:55","modified_gmt":"2024-12-20T18:42:55","slug":"calisto-valora-operativo-cardiologico-pero-insiste-con-cardiologo-permanente-para-aysen","status":"publish","type":"post","link":"https:\/\/radiorevelacionfm.cl\/?p=49073","title":{"rendered":"Calisto valora operativo cardiol\u00f3gico pero insiste con cardi\u00f3logo permanente para Ays\u00e9n"},"content":{"rendered":"<div class=\"flex_column av_one_full  flex_column_div av-zero-column-padding first  avia-builder-el-0  el_before_av_one_full  avia-builder-el-first  \" style='border-radius:0px; '><div  class='avia-image-container  av-styling-    avia-builder-el-1  avia-builder-el-no-sibling  avia-align-center '  itemprop=\"image\" itemscope=\"itemscope\" itemtype=\"https:\/\/schema.org\/ImageObject\"  ><div class='avia-image-container-inner'><div class='avia-image-overlay-wrap'><img decoding=\"async\" class='wp-image-49074 avia-img-lazy-loading-not-49074 avia_image' src=\"https:\/\/radiorevelacionfm.cl\/wp-content\/uploads\/2024\/12\/agrupaciOn-cardiologIa-para-aysEn-1_optimized-1.jpg\" alt='' title='agrupaci\u00d3n-cardiolog\u00cda-para-ays\u00c9n-(1)_optimized (1)' height=\"600\" width=\"1067\"  itemprop=\"thumbnailUrl\" srcset=\"https:\/\/radiorevelacionfm.cl\/wp-content\/uploads\/2024\/12\/agrupaciOn-cardiologIa-para-aysEn-1_optimized-1.jpg 1067w, https:\/\/radiorevelacionfm.cl\/wp-content\/uploads\/2024\/12\/agrupaciOn-cardiologIa-para-aysEn-1_optimized-1-300x169.jpg 300w, https:\/\/radiorevelacionfm.cl\/wp-content\/uploads\/2024\/12\/agrupaciOn-cardiologIa-para-aysEn-1_optimized-1-1030x579.jpg 1030w, https:\/\/radiorevelacionfm.cl\/wp-content\/uploads\/2024\/12\/agrupaciOn-cardiologIa-para-aysEn-1_optimized-1-768x432.jpg 768w, https:\/\/radiorevelacionfm.cl\/wp-content\/uploads\/2024\/12\/agrupaciOn-cardiologIa-para-aysEn-1_optimized-1-705x396.jpg 705w, https:\/\/radiorevelacionfm.cl\/wp-content\/uploads\/2024\/12\/agrupaciOn-cardiologIa-para-aysEn-1_optimized-1-450x253.jpg 450w, https:\/\/radiorevelacionfm.cl\/wp-content\/uploads\/2024\/12\/agrupaciOn-cardiologIa-para-aysEn-1_optimized-1-600x337.jpg 600w\" sizes=\"(max-width: 1067px) 100vw, 1067px\" \/><\/div><\/div><\/div><\/div><div class=\"flex_column av_one_full  flex_column_div av-zero-column-padding first  avia-builder-el-2  el_after_av_one_full  el_before_av_one_full  column-top-margin\" style='border-radius:0px; '><section class=\"av_textblock_section \"  itemscope=\"itemscope\" itemtype=\"https:\/\/schema.org\/BlogPosting\" itemprop=\"blogPost\" ><div class='avia_textblock  '   itemprop=\"text\" ><p style=\"text-align: center;\"><span style=\"font-size: 18pt;\"><b>Calisto valora operativo cardiol\u00f3gico pero insiste con cardi\u00f3logo permanente para Ays\u00e9n<\/b><\/span><\/p>\n<div id=\"gtx-trans\" style=\"position: absolute; left: -50px; top: 4.31534px;\">\n<div class=\"gtx-trans-icon\"><\/div>\n<\/div>\n<\/div><\/section><\/div><div class=\"flex_column av_one_full  flex_column_div av-zero-column-padding first  avia-builder-el-4  el_after_av_one_full  el_before_av_hr  column-top-margin\" style='border-radius:0px; '><section class=\"av_textblock_section \"  itemscope=\"itemscope\" itemtype=\"https:\/\/schema.org\/BlogPosting\" itemprop=\"blogPost\" ><div class='avia_textblock  '   itemprop=\"text\" ><p style=\"font-weight: 400; text-align: justify;\">Aunque calific\u00f3 como un avance el operativo m\u00e9dico de cardiolog\u00eda que se est\u00e1 realizando en la regi\u00f3n, el que se realiza en Coyhaique y Puerto Ays\u00e9n, el diputado Miguel \u00c1ngel Calisto asegur\u00f3 la necesidad de apuntar a una soluci\u00f3n definitiva que permita contar con un cardi\u00f3logo permanente en la regi\u00f3n de Ays\u00e9n.<\/p>\n<p style=\"font-weight: 400; text-align: justify;\">Seg\u00fan el diputado Calisto, \u201csin duda que la llegada a la regi\u00f3n de este cardi\u00f3logo que realizar\u00e1 ecocardiogramas es una buena noticia, esto tomando en cuenta que permitir\u00e1 disminuir la lista de personas que est\u00e1n esperando por hacerse este examen. Este M\u00e9dico ya estuvo entre lunes y mi\u00e9rcoles en Coyhaique y desde hoy hasta el domingo estar\u00e1 en Puerto Ays\u00e9n realizando los ex\u00e1menes\u201d.<\/p>\n<p style=\"font-weight: 400; text-align: justify;\">Calisto agreg\u00f3 que \u201csin embargo, a pesar que esto es un avance, voy a seguir insistiendo con la necesidad de contar con un cardi\u00f3logo de forma permanente en la regi\u00f3n. No puede ser que por vivir en Ays\u00e9n estemos expuestos a no recibir el tratamiento necesario cuando sufrimos alg\u00fan tipo de afecci\u00f3n cardiaca\u201d.<\/p>\n<p style=\"font-weight: 400; text-align: justify;\">\u201cEl Estado debe cumplir con su deber y asegurar la atenci\u00f3n adecuada en materia de salud. En este sentido, tenemos que tener especialistas y apuntar a disminuir lo m\u00e1s posible el traslado de los pacientes a otras regiones del pa\u00eds. Si esto es algo que afecta enormemente a las familias de Coyhaique y Puerto Ays\u00e9n, en localidades m\u00e1s aisladas como Lago Verde o Villa O\u00b4Higgins, la situaci\u00f3n es a\u00fan m\u00e1s compleja\u201d, enfatiz\u00f3 el legislador.<\/p>\n<p style=\"font-weight: 400; text-align: justify;\">El diputado Calisto se\u00f1al\u00f3 que \u201chace algunas semanas, en el marco de la discusi\u00f3n de presupuesto, le insistimos a la Ministra de Salud, Ximena Aguilera por este tema. Necesitamos que este tipo de operativos se realicen con m\u00e1s frecuencia mientras no tengamos al cardi\u00f3logo estable, pro lo que hacemos un llamado al Gobierno para que esto no sea algo aislado, sino que se repita varias veces en el a\u00f1o\u201d.<\/p>\n<p style=\"font-weight: 400; text-align: justify;\">Por su parte, Melanie Rojas, vocera de la agrupaci\u00f3n Cardiolog\u00eda para Ays\u00e9n, indic\u00f3 que es genial que se est\u00e9 realizando este operativo y que puedan disminuir la lista grand\u00edsima que tenemos de espera de ecocardiogramas. Estamos muy contentos que nos est\u00e9n trayendo cardi\u00f3logos para hacer la ecocardiograma, pero obvio que es mejor tener ojal\u00e1 unos dos cardi\u00f3logos ac\u00e1 definitivos en la regi\u00f3n\u201d.<\/p>\n<p style=\"font-weight: 400; text-align: justify;\">Finalmente, la dirigente se\u00f1al\u00f3 que \u201cyo tengo a cuatro familiares que requieren tratamiento por temas cardiacos, entonces existe una angustia constante por no tener un cardi\u00f3logo estable, por cualquier episodio importante que pueda suceder. Y bueno, la lista de espera por ex\u00e1menes es grande\u201d.<\/p>\n<\/div><\/section><\/div><div  style='height:50px' class='hr hr-invisible   avia-builder-el-6  el_after_av_one_full  el_before_av_social_share '><span class='hr-inner ' ><span class='hr-inner-style'><\/span><\/span><\/div><\/p>\n<div  class='av-social-sharing-box  avia-builder-el-7  el_after_av_hr  el_before_av_hr  '><div class='av-share-box'><h5 class='av-share-link-description av-no-toc '>Compartir esta noticia<\/h5><ul class='av-share-box-list noLightbox'><li class='av-share-link av-social-link-facebook' ><a target=\"_blank\" aria-label=\"Compartir en Facebook\" href='https:\/\/www.facebook.com\/sharer.php?u=https:\/\/radiorevelacionfm.cl\/?p=49073&#038;t=Calisto%20valora%20operativo%20cardiol%C3%B3gico%20pero%20insiste%20con%20cardi%C3%B3logo%20permanente%20para%20Ays%C3%A9n' aria-hidden='false' data-av_icon='\ue8f3' data-av_iconfont='entypo-fontello' title='' data-avia-related-tooltip='Compartir en Facebook' rel=\"noopener\"><span class='avia_hidden_link_text'>Compartir en Facebook<\/span><\/a><\/li><li class='av-share-link av-social-link-twitter' ><a target=\"_blank\" aria-label=\"Compartir en Twitter\" href='https:\/\/twitter.com\/share?text=Calisto%20valora%20operativo%20cardiol%C3%B3gico%20pero%20insiste%20con%20cardi%C3%B3logo%20permanente%20para%20Ays%C3%A9n&#038;url=https:\/\/radiorevelacionfm.cl\/?p=49073' aria-hidden='false' data-av_icon='\ue8f1' data-av_iconfont='entypo-fontello' title='' data-avia-related-tooltip='Compartir en Twitter' rel=\"noopener\"><span class='avia_hidden_link_text'>Compartir en Twitter<\/span><\/a><\/li><li class='av-share-link av-social-link-whatsapp' ><a target=\"_blank\" aria-label=\"Compartir en Whatsapp\" href='https:\/\/api.whatsapp.com\/send?text=https:\/\/radiorevelacionfm.cl\/?p=49073' aria-hidden='false' data-av_icon='\uf232' data-av_iconfont='entypo-fontello' title='' data-avia-related-tooltip='Compartir en Whatsapp' rel=\"noopener\"><span class='avia_hidden_link_text'>Compartir en Whatsapp<\/span><\/a><\/li><li class='av-share-link av-social-link-linkedin' ><a target=\"_blank\" aria-label=\"Compartir en LinkedIn\" href='https:\/\/linkedin.com\/shareArticle?mini=true&#038;title=Calisto%20valora%20operativo%20cardiol%C3%B3gico%20pero%20insiste%20con%20cardi%C3%B3logo%20permanente%20para%20Ays%C3%A9n&#038;url=https:\/\/radiorevelacionfm.cl\/?p=49073' aria-hidden='false' data-av_icon='\ue8fc' data-av_iconfont='entypo-fontello' title='' data-avia-related-tooltip='Compartir en LinkedIn' rel=\"noopener\"><span class='avia_hidden_link_text'>Compartir en LinkedIn<\/span><\/a><\/li><li class='av-share-link av-social-link-mail' ><a  aria-label=\"Compartir por correo\" href='mailto:?subject=Calisto%20valora%20operativo%20cardiol%C3%B3gico%20pero%20insiste%20con%20cardi%C3%B3logo%20permanente%20para%20Ays%C3%A9n&#038;body=https:\/\/radiorevelacionfm.cl\/?p=49073' aria-hidden='false' data-av_icon='\ue805' data-av_iconfont='entypo-fontello' title='' data-avia-related-tooltip='Compartir por correo'><span class='avia_hidden_link_text'>Compartir por correo<\/span><\/a><\/li><\/ul><\/div><\/div>\n<div  style='height:50px' class='hr hr-invisible   avia-builder-el-8  el_after_av_social_share  el_before_av_comments_list '><span class='hr-inner ' ><span class='hr-inner-style'><\/span><\/span><\/div>\n<div  class='av-buildercomment  av-blog-meta-html-info-disabled av-blog-meta-tag-disabled  '><\/div>\n","protected":false},"excerpt":{"rendered":"","protected":false},"author":1,"featured_media":49074,"comment_status":"open","ping_status":"open","sticky":false,"template":"","format":"standard","meta":{"footnotes":""},"categories":[35],"tags":[],"class_list":["post-49073","post","type-post","status-publish","format-standard","has-post-thumbnail","hentry","category-politica"],"jetpack_featured_media_url":"https:\/\/radiorevelacionfm.cl\/wp-content\/uploads\/2024\/12\/agrupaciOn-cardiologIa-para-aysEn-1_optimized-1.jpg","_links":{"self":[{"href":"https:\/\/radiorevelacionfm.cl\/index.php?rest_route=\/wp\/v2\/posts\/49073","targetHints":{"allow":["GET"]}}],"collection":[{"href":"https:\/\/radiorevelacionfm.cl\/index.php?rest_route=\/wp\/v2\/posts"}],"about":[{"href":"https:\/\/radiorevelacionfm.cl\/index.php?rest_route=\/wp\/v2\/types\/post"}],"author":[{"embeddable":true,"href":"https:\/\/radiorevelacionfm.cl\/index.php?rest_route=\/wp\/v2\/users\/1"}],"replies":[{"embeddable":true,"href":"https:\/\/radiorevelacionfm.cl\/index.php?rest_route=%2Fwp%2Fv2%2Fcomments&post=49073"}],"version-history":[{"count":1,"href":"https:\/\/radiorevelacionfm.cl\/index.php?rest_route=\/wp\/v2\/posts\/49073\/revisions"}],"predecessor-version":[{"id":49075,"href":"https:\/\/radiorevelacionfm.cl\/index.php?rest_route=\/wp\/v2\/posts\/49073\/revisions\/49075"}],"wp:featuredmedia":[{"embeddable":true,"href":"https:\/\/radiorevelacionfm.cl\/index.php?rest_route=\/wp\/v2\/media\/49074"}],"wp:attachment":[{"href":"https:\/\/radiorevelacionfm.cl\/index.php?rest_route=%2Fwp%2Fv2%2Fmedia&parent=49073"}],"wp:term":[{"taxonomy":"category","embeddable":true,"href":"https:\/\/radiorevelacionfm.cl\/index.php?rest_route=%2Fwp%2Fv2%2Fcategories&post=49073"},{"taxonomy":"post_tag","embeddable":true,"href":"https:\/\/radiorevelacionfm.cl\/index.php?rest_route=%2Fwp%2Fv2%2Ftags&post=49073"}],"curies":[{"name":"wp","href":"https:\/\/api.w.org\/{rel}","templated":true}]}}