{"id":49070,"date":"2024-12-20T14:55:38","date_gmt":"2024-12-20T17:55:38","guid":{"rendered":"https:\/\/radiorevelacionfm.cl\/?p=49070"},"modified":"2024-12-20T14:55:38","modified_gmt":"2024-12-20T17:55:38","slug":"sernapesca-presento-denuncia-por-presunto-delito-contra-lobos-marinos","status":"publish","type":"post","link":"https:\/\/radiorevelacionfm.cl\/?p=49070","title":{"rendered":"Sernapesca present\u00f3 denuncia por presunto delito contra lobos marinos"},"content":{"rendered":"<div class=\"flex_column av_one_full  flex_column_div av-zero-column-padding first  avia-builder-el-0  el_before_av_one_full  avia-builder-el-first  \" style='border-radius:0px; '><div  class='avia-image-container  av-styling-    avia-builder-el-1  avia-builder-el-no-sibling  avia-align-center '  itemprop=\"image\" itemscope=\"itemscope\" itemtype=\"https:\/\/schema.org\/ImageObject\"  ><div class='avia-image-container-inner'><div class='avia-image-overlay-wrap'><img decoding=\"async\" class='wp-image-49071 avia-img-lazy-loading-not-49071 avia_image' src=\"https:\/\/radiorevelacionfm.cl\/wp-content\/uploads\/2024\/12\/75-1-1-1.jpg\" alt='' title='75 (1) (1) (1)' height=\"600\" width=\"800\"  itemprop=\"thumbnailUrl\" srcset=\"https:\/\/radiorevelacionfm.cl\/wp-content\/uploads\/2024\/12\/75-1-1-1.jpg 800w, https:\/\/radiorevelacionfm.cl\/wp-content\/uploads\/2024\/12\/75-1-1-1-300x225.jpg 300w, https:\/\/radiorevelacionfm.cl\/wp-content\/uploads\/2024\/12\/75-1-1-1-768x576.jpg 768w, https:\/\/radiorevelacionfm.cl\/wp-content\/uploads\/2024\/12\/75-1-1-1-705x529.jpg 705w, https:\/\/radiorevelacionfm.cl\/wp-content\/uploads\/2024\/12\/75-1-1-1-450x338.jpg 450w, https:\/\/radiorevelacionfm.cl\/wp-content\/uploads\/2024\/12\/75-1-1-1-600x450.jpg 600w\" sizes=\"(max-width: 800px) 100vw, 800px\" \/><\/div><\/div><\/div><\/div><div class=\"flex_column av_one_full  flex_column_div av-zero-column-padding first  avia-builder-el-2  el_after_av_one_full  el_before_av_one_full  column-top-margin\" style='border-radius:0px; '><section class=\"av_textblock_section \"  itemscope=\"itemscope\" itemtype=\"https:\/\/schema.org\/BlogPosting\" itemprop=\"blogPost\" ><div class='avia_textblock  '   itemprop=\"text\" ><p style=\"text-align: center;\"><strong><span style=\"font-size: 18pt;\">Sernapesca present\u00f3 denuncia por presunto delito contra lobos marinos<\/span><\/strong><\/p>\n<div id=\"gtx-trans\" style=\"position: absolute; left: -50px; top: 4.31534px;\">\n<div class=\"gtx-trans-icon\"><\/div>\n<\/div>\n<\/div><\/section><\/div><div class=\"flex_column av_one_full  flex_column_div av-zero-column-padding first  avia-builder-el-4  el_after_av_one_full  el_before_av_hr  column-top-margin\" style='border-radius:0px; '><section class=\"av_textblock_section \"  itemscope=\"itemscope\" itemtype=\"https:\/\/schema.org\/BlogPosting\" itemprop=\"blogPost\" ><div class='avia_textblock  '   itemprop=\"text\" ><p style=\"font-weight: 400; text-align: justify;\">Los hechos fueron autodenunciados por la empresa MultiX, luego de detectar \u201cuna situaci\u00f3n an\u00f3mala\u201d durante la mantenci\u00f3n de redes en un taller especializado para estas labores. Espec\u00edficamente, en el taller Salmonet ubicado en Chonchi, recibieron 5 contenedores con redes sucias provenientes desde un centro de cultivo de la regi\u00f3n de Ays\u00e9n. Al retirar las redes, encontraron 3 lobos marinos sin vida en el fondo del contenedor.<\/p>\n<p style=\"font-weight: 400; text-align: justify;\">Ante el presunto delito de maltrato o crueldad con animales, causando lesiones que provocaren la muerte de ejemplares de fauna marina protegida y teniendo los antecedentes entregados por la empresa, Sernapesca gener\u00f3 la denuncia acogi\u00e9ndose al Art. 291bis del C\u00f3digo Penal, que sanciona estas conductas, con la pena de presidio menor en sus grados m\u00ednimo a medio (desde 61 d\u00edas hasta 3 a\u00f1os) y\/o multas que van desde los 2 a 30 UTM.<\/p>\n<p style=\"font-weight: 400; text-align: justify;\">El lobo com\u00fan, es una especie protegida por una veda extractiva permanente mediante Decreto Exento N\u00b0 4 del a\u00f1o 2021, de la Subsecretar\u00eda de Pesca y Acuicultura, lo que proh\u00edbe la tenencia, posesi\u00f3n, transporte, desembarque, elaboraci\u00f3n o cualquier proceso de comercializaci\u00f3n o almacenamiento, sea de ejemplares enteros o partes de \u00e9stos.<\/p>\n<p style=\"font-weight: 400; text-align: justify;\">Una vez presentada la denuncia ante la Fiscal\u00eda Local de Puerto Ays\u00e9n, con fecha 16 de diciembre, causa RUC 2401559990-8, se le orden\u00f3 a Sernapesca coordinar la realizaci\u00f3n de las respectivas necropsias, con el fin de conocer las posibles causas de muerte, siendo esto una evidencia importante para la investigaci\u00f3n. Las necropsias ser\u00e1n realizadas por profesionales del Centro de Rehabilitaci\u00f3n de Fauna Silvestre (CEREFAS) de la Universidad San Sebasti\u00e1n en Puerto Montt y monitoreadas por profesionales de Sernapesca.<\/p>\n<p style=\"font-weight: 400; text-align: justify;\">Daniela Leiva, directora regional de Sernapesca en Ays\u00e9n, se refiri\u00f3 a la denuncia: \u201cNos parece que es de suma importancia esclarecer los hechos, ya que se trata de un presunto delito que afecta a ejemplares de fauna marina protegida. En ese sentido nos ponemos a disposici\u00f3n de la Fiscal\u00eda a fin de colaborar con la investigaci\u00f3n penal\u201d.<\/p>\n<\/div><\/section><\/div><div  style='height:50px' class='hr hr-invisible   avia-builder-el-6  el_after_av_one_full  el_before_av_social_share '><span class='hr-inner ' ><span class='hr-inner-style'><\/span><\/span><\/div><\/p>\n<div  class='av-social-sharing-box  avia-builder-el-7  el_after_av_hr  el_before_av_hr  '><div class='av-share-box'><h5 class='av-share-link-description av-no-toc '>Compartir esta noticia<\/h5><ul class='av-share-box-list noLightbox'><li class='av-share-link av-social-link-facebook' ><a target=\"_blank\" aria-label=\"Compartir en Facebook\" href='https:\/\/www.facebook.com\/sharer.php?u=https:\/\/radiorevelacionfm.cl\/?p=49070&#038;t=Sernapesca%20present%C3%B3%20denuncia%20por%20presunto%20delito%20contra%20lobos%20marinos' aria-hidden='false' data-av_icon='\ue8f3' data-av_iconfont='entypo-fontello' title='' data-avia-related-tooltip='Compartir en Facebook' rel=\"noopener\"><span class='avia_hidden_link_text'>Compartir en Facebook<\/span><\/a><\/li><li class='av-share-link av-social-link-twitter' ><a target=\"_blank\" aria-label=\"Compartir en Twitter\" href='https:\/\/twitter.com\/share?text=Sernapesca%20present%C3%B3%20denuncia%20por%20presunto%20delito%20contra%20lobos%20marinos&#038;url=https:\/\/radiorevelacionfm.cl\/?p=49070' aria-hidden='false' data-av_icon='\ue8f1' data-av_iconfont='entypo-fontello' title='' data-avia-related-tooltip='Compartir en Twitter' rel=\"noopener\"><span class='avia_hidden_link_text'>Compartir en Twitter<\/span><\/a><\/li><li class='av-share-link av-social-link-whatsapp' ><a target=\"_blank\" aria-label=\"Compartir en Whatsapp\" href='https:\/\/api.whatsapp.com\/send?text=https:\/\/radiorevelacionfm.cl\/?p=49070' aria-hidden='false' data-av_icon='\uf232' data-av_iconfont='entypo-fontello' title='' data-avia-related-tooltip='Compartir en Whatsapp' rel=\"noopener\"><span class='avia_hidden_link_text'>Compartir en Whatsapp<\/span><\/a><\/li><li class='av-share-link av-social-link-linkedin' ><a target=\"_blank\" aria-label=\"Compartir en LinkedIn\" href='https:\/\/linkedin.com\/shareArticle?mini=true&#038;title=Sernapesca%20present%C3%B3%20denuncia%20por%20presunto%20delito%20contra%20lobos%20marinos&#038;url=https:\/\/radiorevelacionfm.cl\/?p=49070' aria-hidden='false' data-av_icon='\ue8fc' data-av_iconfont='entypo-fontello' title='' data-avia-related-tooltip='Compartir en LinkedIn' rel=\"noopener\"><span class='avia_hidden_link_text'>Compartir en LinkedIn<\/span><\/a><\/li><li class='av-share-link av-social-link-mail' ><a  aria-label=\"Compartir por correo\" href='mailto:?subject=Sernapesca%20present%C3%B3%20denuncia%20por%20presunto%20delito%20contra%20lobos%20marinos&#038;body=https:\/\/radiorevelacionfm.cl\/?p=49070' aria-hidden='false' data-av_icon='\ue805' data-av_iconfont='entypo-fontello' title='' data-avia-related-tooltip='Compartir por correo'><span class='avia_hidden_link_text'>Compartir por correo<\/span><\/a><\/li><\/ul><\/div><\/div>\n<div  style='height:50px' class='hr hr-invisible   avia-builder-el-8  el_after_av_social_share  el_before_av_comments_list '><span class='hr-inner ' ><span class='hr-inner-style'><\/span><\/span><\/div>\n<div  class='av-buildercomment  av-blog-meta-html-info-disabled av-blog-meta-tag-disabled  '><\/div>\n","protected":false},"excerpt":{"rendered":"","protected":false},"author":1,"featured_media":49071,"comment_status":"open","ping_status":"open","sticky":false,"template":"","format":"standard","meta":{"footnotes":""},"categories":[60],"tags":[],"class_list":["post-49070","post","type-post","status-publish","format-standard","has-post-thumbnail","hentry","category-pesca"],"jetpack_featured_media_url":"https:\/\/radiorevelacionfm.cl\/wp-content\/uploads\/2024\/12\/75-1-1-1.jpg","_links":{"self":[{"href":"https:\/\/radiorevelacionfm.cl\/index.php?rest_route=\/wp\/v2\/posts\/49070","targetHints":{"allow":["GET"]}}],"collection":[{"href":"https:\/\/radiorevelacionfm.cl\/index.php?rest_route=\/wp\/v2\/posts"}],"about":[{"href":"https:\/\/radiorevelacionfm.cl\/index.php?rest_route=\/wp\/v2\/types\/post"}],"author":[{"embeddable":true,"href":"https:\/\/radiorevelacionfm.cl\/index.php?rest_route=\/wp\/v2\/users\/1"}],"replies":[{"embeddable":true,"href":"https:\/\/radiorevelacionfm.cl\/index.php?rest_route=%2Fwp%2Fv2%2Fcomments&post=49070"}],"version-history":[{"count":1,"href":"https:\/\/radiorevelacionfm.cl\/index.php?rest_route=\/wp\/v2\/posts\/49070\/revisions"}],"predecessor-version":[{"id":49072,"href":"https:\/\/radiorevelacionfm.cl\/index.php?rest_route=\/wp\/v2\/posts\/49070\/revisions\/49072"}],"wp:featuredmedia":[{"embeddable":true,"href":"https:\/\/radiorevelacionfm.cl\/index.php?rest_route=\/wp\/v2\/media\/49071"}],"wp:attachment":[{"href":"https:\/\/radiorevelacionfm.cl\/index.php?rest_route=%2Fwp%2Fv2%2Fmedia&parent=49070"}],"wp:term":[{"taxonomy":"category","embeddable":true,"href":"https:\/\/radiorevelacionfm.cl\/index.php?rest_route=%2Fwp%2Fv2%2Fcategories&post=49070"},{"taxonomy":"post_tag","embeddable":true,"href":"https:\/\/radiorevelacionfm.cl\/index.php?rest_route=%2Fwp%2Fv2%2Ftags&post=49070"}],"curies":[{"name":"wp","href":"https:\/\/api.w.org\/{rel}","templated":true}]}}