{"id":4907,"date":"2021-06-04T15:56:20","date_gmt":"2021-06-04T18:56:20","guid":{"rendered":"https:\/\/radiorevelacionfm.cl\/?p=4907"},"modified":"2021-06-04T16:07:40","modified_gmt":"2021-06-04T19:07:40","slug":"gobierno-promulga-extension-del-postnatal-de-emergencia-por-tres-meses","status":"publish","type":"post","link":"https:\/\/radiorevelacionfm.cl\/?p=4907","title":{"rendered":"Gobierno promulga extensi\u00f3n del postnatal de emergencia por tres meses"},"content":{"rendered":"<div class=\"flex_column av_one_full  flex_column_div av-zero-column-padding first  avia-builder-el-0  el_before_av_one_full  avia-builder-el-first  \" style='border-radius:0px; '><div  class='avia-image-container  av-styling-    avia-builder-el-1  avia-builder-el-no-sibling  avia-align-center '  itemprop=\"image\" itemscope=\"itemscope\" itemtype=\"https:\/\/schema.org\/ImageObject\"  ><div class='avia-image-container-inner'><div class='avia-image-overlay-wrap'><img decoding=\"async\" class='wp-image-0 avia-img-lazy-loading-not-0 avia_image' src=\"https:\/\/radiorevelacionfm.cl\/wp-content\/uploads\/2021\/06\/FOTO-postnatal-de-emergencia-1.jpeg\" alt='' title=''   itemprop=\"thumbnailUrl\"  \/><\/div><\/div><\/div><\/div><div class=\"flex_column av_one_full  flex_column_div av-zero-column-padding first  avia-builder-el-2  el_after_av_one_full  el_before_av_one_full  column-top-margin\" style='border-radius:0px; '><section class=\"av_textblock_section \"  itemscope=\"itemscope\" itemtype=\"https:\/\/schema.org\/BlogPosting\" itemprop=\"blogPost\" ><div class='avia_textblock  '   itemprop=\"text\" ><p style=\"text-align: center;\"><strong><span style=\"font-size: 18pt;\">Gobierno promulga extensi\u00f3n del postnatal de emergencia por tres meses<\/span><\/strong><\/p>\n<div id=\"gtx-trans\" style=\"position: absolute; left: -50px; top: 4.31534px;\">\n<div class=\"gtx-trans-icon\"><\/div>\n<\/div>\n<\/div><\/section><\/div><div class=\"flex_column av_one_full  flex_column_div av-zero-column-padding first  avia-builder-el-4  el_after_av_one_full  el_before_av_hr  column-top-margin\" style='border-radius:0px; '><section class=\"av_textblock_section \"  itemscope=\"itemscope\" itemtype=\"https:\/\/schema.org\/BlogPosting\" itemprop=\"blogPost\" ><div class='avia_textblock  '   itemprop=\"text\" ><p style=\"font-weight: 400; text-align: justify;\">Extender la licencia m\u00e9dica preventiva para el cuidado de lactantes, es parte del objetivo del proyecto que extiende el postnatal de emergencia y que este viernes fue promulgado por el Gobierno en La Moneda, cuya propuesta busca ampliar por otros tres meses la licencia Covid-19, asegurando que todos los que son padres trabajadores (dependientes, independientes y del sector p\u00fablico) puedan contar con un respaldo econ\u00f3mico.<\/p>\n<p style=\"font-weight: 400; text-align: justify;\">\u201cComo Gobierno valoramos este proyecto promulgado por el Presidente Sebasti\u00e1n Pi\u00f1era, el cual dar\u00e1 acceso universal a madres y padres que han tenido que asumir el cuidado de sus hijos producto de la pandemia. Adem\u00e1s, es una ley que ayuda y apoya a la maternidad y a la familia, porque compatibiliza el mejor trabajo con la familia\u201d,\u00a0coment\u00f3 el\u00a0Intendente (S) Juan Luis Amen\u00e1bar.<\/p>\n<p style=\"font-weight: 400; text-align: justify;\">Por su parte, la\u00a0Secretaria Regional Ministerial de la Mujer y la Equidad de G\u00e9nero, B\u00e1rbara Ort\u00fazar, dijo que\u00a0\u00abla ley promulgada el d\u00eda de hoy es una muy buena noticia para todas aquellas madres de nuestra regi\u00f3n, 26.844 mujeres potenciales beneficiarias, seg\u00fan las proyecciones realizadas por el INE. Y como Ministerio nuestro compromiso es con ellas, para que no tengan que elegir entre el cuidado de sus hijos y la continuidad de su fuente laboral\u00bb.<\/p>\n<p style=\"font-weight: 400; text-align: justify;\">La iniciativa otorga prestaciones excepcionales a aquellas trabajadoras y trabajadores que, habiendo hecho uso de una o m\u00e1s licencias m\u00e9dicas preventivas parentales, no pueden volver a sus empleos por motivos de cuidado, y que producto de la pandemia se han visto afectados por la necesidad de conciliar trabajo y cuidado de los hijos \u2013considerando las restricciones de desplazamiento, cierre de jardines infantiles y establecimientos educacionales\u2013.<\/p>\n<p style=\"font-weight: 400; text-align: justify;\"><strong>Beneficiarios del postnatal de emergencia<\/strong><\/p>\n<p style=\"font-weight: 400; text-align: justify;\">Tanto los trabajadores dependientes, independientes y funcionarios del sector p\u00fablico que hayan hecho de una o m\u00e1s licencias m\u00e9dicas preventivas parentales, y que no puedan retornar a sus funciones por motivos de cuidado, tendr\u00e1 los siguientes derechos:<\/p>\n<ul style=\"text-align: justify;\">\n<li style=\"font-weight: 400;\"><strong>Dependientes:<\/strong>\u00a0tienen la opci\u00f3n de suspender unilateralmente los efectos de su contrato, obteniendo una prestaci\u00f3n equivalente al 100% del subsidio derivado de la licencia m\u00e9dica parental (en el caso de trabajadores que hubieran percibido por concepto de dicha licencia una suma igual o inferior a $1 mill\u00f3n) o un 70% del subsidio, con un piso m\u00ednimo de $1 mill\u00f3n (en el caso de los trabajadores que hubieran percibido por concepto de dicha licencia una suma superior).<\/li>\n<li style=\"font-weight: 400;\"><strong>Independientes:<\/strong>\u00a0tienen derecho a percibir un bono de cargo fiscal equivalente al 100% del subsidio derivado de la licencia m\u00e9dica preventiva parental (en caso de trabajadores que hubieran percibido por dicha licencia una suma igual o inferior a $1 mill\u00f3n) o un 70% del subsidio, con un piso m\u00ednimo de $1 mill\u00f3n (en caso que los trabajadores hubiera percibido por esta licencia una suma superior). Adem\u00e1s, el bono deber\u00e1 ser solicitado ante el Instituto de Previsi\u00f3n social, y no ser\u00e1 imponible ni tributable.<\/li>\n<li style=\"font-weight: 400;\"><strong>Sector p\u00fablico:<\/strong>\u00a0tendr\u00e1n derecho a un permiso sin goce de remuneraci\u00f3n por hasta tres meses, periodo durante el cual recibir\u00e1n un bono mensual equivalente al 100% del subsidio derivado de la licencia m\u00e9dica preventiva parental (en aquellos casos en que los funcionarios hubieran percibido por concepto de dicha licencia mensual una suma igual o inferior a $1 mill\u00f3n) o un 70% del subsidio, con un piso m\u00ednimo de $1 mill\u00f3n (en aquellos casos en que estos funcionarios hubieran percibido por concepto de dicha licencia mensual una suma superior). Este permiso deber\u00e1 ser solicitado por el funcionario ante su entidad empleadora, la que pagar\u00e1 el bono que corresponda. Adem\u00e1s, el bono no ser\u00e1 tributable.<\/li>\n<\/ul>\n<p style=\"font-weight: 400; text-align: justify;\">Cabe destacar que esta iniciativa viene a complementar la robusta agenda de protecci\u00f3n social y econ\u00f3mica que ha promovido el gobierno, y que tiene el foco de brindar resguardo a todas aquellas personas que se encuentran en una situaci\u00f3n de mayor desigualdad laboral, como es el caso de las mujeres.<\/p>\n<\/div><\/section><\/div><div  style='height:50px' class='hr hr-invisible   avia-builder-el-6  el_after_av_one_full  el_before_av_social_share '><span class='hr-inner ' ><span class='hr-inner-style'><\/span><\/span><\/div><\/p>\n<div  class='av-social-sharing-box  avia-builder-el-7  el_after_av_hr  el_before_av_hr  '><div class='av-share-box'><h5 class='av-share-link-description av-no-toc '>Compartir esta noticia<\/h5><ul class='av-share-box-list noLightbox'><li class='av-share-link av-social-link-facebook' ><a target=\"_blank\" aria-label=\"Compartir en Facebook\" href='https:\/\/www.facebook.com\/sharer.php?u=https:\/\/radiorevelacionfm.cl\/?p=4907&#038;t=Gobierno%20promulga%20extensi%C3%B3n%20del%20postnatal%20de%20emergencia%20por%20tres%20meses' aria-hidden='false' data-av_icon='\ue8f3' data-av_iconfont='entypo-fontello' title='' data-avia-related-tooltip='Compartir en Facebook' rel=\"noopener\"><span class='avia_hidden_link_text'>Compartir en Facebook<\/span><\/a><\/li><li class='av-share-link av-social-link-twitter' ><a target=\"_blank\" aria-label=\"Compartir en Twitter\" href='https:\/\/twitter.com\/share?text=Gobierno%20promulga%20extensi%C3%B3n%20del%20postnatal%20de%20emergencia%20por%20tres%20meses&#038;url=https:\/\/radiorevelacionfm.cl\/?p=4907' aria-hidden='false' data-av_icon='\ue8f1' data-av_iconfont='entypo-fontello' title='' data-avia-related-tooltip='Compartir en Twitter' rel=\"noopener\"><span class='avia_hidden_link_text'>Compartir en Twitter<\/span><\/a><\/li><li class='av-share-link av-social-link-whatsapp' ><a target=\"_blank\" aria-label=\"Compartir en Whatsapp\" href='https:\/\/api.whatsapp.com\/send?text=https:\/\/radiorevelacionfm.cl\/?p=4907' aria-hidden='false' data-av_icon='\uf232' data-av_iconfont='entypo-fontello' title='' data-avia-related-tooltip='Compartir en Whatsapp' rel=\"noopener\"><span class='avia_hidden_link_text'>Compartir en Whatsapp<\/span><\/a><\/li><li class='av-share-link av-social-link-linkedin' ><a target=\"_blank\" aria-label=\"Compartir en LinkedIn\" href='https:\/\/linkedin.com\/shareArticle?mini=true&#038;title=Gobierno%20promulga%20extensi%C3%B3n%20del%20postnatal%20de%20emergencia%20por%20tres%20meses&#038;url=https:\/\/radiorevelacionfm.cl\/?p=4907' aria-hidden='false' data-av_icon='\ue8fc' data-av_iconfont='entypo-fontello' title='' data-avia-related-tooltip='Compartir en LinkedIn' rel=\"noopener\"><span class='avia_hidden_link_text'>Compartir en LinkedIn<\/span><\/a><\/li><li class='av-share-link av-social-link-mail' ><a  aria-label=\"Compartir por correo\" href='mailto:?subject=Gobierno%20promulga%20extensi%C3%B3n%20del%20postnatal%20de%20emergencia%20por%20tres%20meses&#038;body=https:\/\/radiorevelacionfm.cl\/?p=4907' aria-hidden='false' data-av_icon='\ue805' data-av_iconfont='entypo-fontello' title='' data-avia-related-tooltip='Compartir por correo'><span class='avia_hidden_link_text'>Compartir por correo<\/span><\/a><\/li><\/ul><\/div><\/div>\n<div  style='height:50px' class='hr hr-invisible   avia-builder-el-8  el_after_av_social_share  el_before_av_comments_list '><span class='hr-inner ' ><span class='hr-inner-style'><\/span><\/span><\/div>\n<div  class='av-buildercomment  av-blog-meta-html-info-disabled av-blog-meta-tag-disabled  '><\/div>\n","protected":false},"excerpt":{"rendered":"","protected":false},"author":1,"featured_media":4911,"comment_status":"open","ping_status":"open","sticky":false,"template":"","format":"standard","meta":{"footnotes":""},"categories":[38],"tags":[],"class_list":["post-4907","post","type-post","status-publish","format-standard","has-post-thumbnail","hentry","category-regional"],"jetpack_featured_media_url":"https:\/\/radiorevelacionfm.cl\/wp-content\/uploads\/2021\/06\/FOTO-postnatal-de-emergencia1-1.jpg","_links":{"self":[{"href":"https:\/\/radiorevelacionfm.cl\/index.php?rest_route=\/wp\/v2\/posts\/4907","targetHints":{"allow":["GET"]}}],"collection":[{"href":"https:\/\/radiorevelacionfm.cl\/index.php?rest_route=\/wp\/v2\/posts"}],"about":[{"href":"https:\/\/radiorevelacionfm.cl\/index.php?rest_route=\/wp\/v2\/types\/post"}],"author":[{"embeddable":true,"href":"https:\/\/radiorevelacionfm.cl\/index.php?rest_route=\/wp\/v2\/users\/1"}],"replies":[{"embeddable":true,"href":"https:\/\/radiorevelacionfm.cl\/index.php?rest_route=%2Fwp%2Fv2%2Fcomments&post=4907"}],"version-history":[{"count":1,"href":"https:\/\/radiorevelacionfm.cl\/index.php?rest_route=\/wp\/v2\/posts\/4907\/revisions"}],"predecessor-version":[{"id":4909,"href":"https:\/\/radiorevelacionfm.cl\/index.php?rest_route=\/wp\/v2\/posts\/4907\/revisions\/4909"}],"wp:featuredmedia":[{"embeddable":true,"href":"https:\/\/radiorevelacionfm.cl\/index.php?rest_route=\/wp\/v2\/media\/4911"}],"wp:attachment":[{"href":"https:\/\/radiorevelacionfm.cl\/index.php?rest_route=%2Fwp%2Fv2%2Fmedia&parent=4907"}],"wp:term":[{"taxonomy":"category","embeddable":true,"href":"https:\/\/radiorevelacionfm.cl\/index.php?rest_route=%2Fwp%2Fv2%2Fcategories&post=4907"},{"taxonomy":"post_tag","embeddable":true,"href":"https:\/\/radiorevelacionfm.cl\/index.php?rest_route=%2Fwp%2Fv2%2Ftags&post=4907"}],"curies":[{"name":"wp","href":"https:\/\/api.w.org\/{rel}","templated":true}]}}