{"id":49067,"date":"2024-12-20T10:42:59","date_gmt":"2024-12-20T13:42:59","guid":{"rendered":"https:\/\/radiorevelacionfm.cl\/?p=49067"},"modified":"2024-12-20T10:42:59","modified_gmt":"2024-12-20T13:42:59","slug":"comienza-a-funcionar-anotate-en-la-lista-en-la-zona-sur-del-pais-apoderados-de-nueve-regiones-podran-solicitar-vacantes-en-los-establecimientos","status":"publish","type":"post","link":"https:\/\/radiorevelacionfm.cl\/?p=49067","title":{"rendered":"Comienza a funcionar \u00abAn\u00f3tate en la Lista\u00bb en la zona sur del pa\u00eds: apoderados de nueve regiones podr\u00e1n solicitar vacantes en los establecimientos"},"content":{"rendered":"<div class=\"flex_column av_one_full  flex_column_div av-zero-column-padding first  avia-builder-el-0  el_before_av_one_full  avia-builder-el-first  \" style='border-radius:0px; '><div  class='avia-image-container  av-styling-    avia-builder-el-1  avia-builder-el-no-sibling  avia-align-center '  itemprop=\"image\" itemscope=\"itemscope\" itemtype=\"https:\/\/schema.org\/ImageObject\"  ><div class='avia-image-container-inner'><div class='avia-image-overlay-wrap'><img decoding=\"async\" class='wp-image-49068 avia-img-lazy-loading-not-49068 avia_image' src=\"https:\/\/radiorevelacionfm.cl\/wp-content\/uploads\/2024\/12\/colegios1-1-1.jpg\" alt='' title='colegios1 (1) (1)' height=\"600\" width=\"907\"  itemprop=\"thumbnailUrl\" srcset=\"https:\/\/radiorevelacionfm.cl\/wp-content\/uploads\/2024\/12\/colegios1-1-1.jpg 907w, https:\/\/radiorevelacionfm.cl\/wp-content\/uploads\/2024\/12\/colegios1-1-1-300x198.jpg 300w, https:\/\/radiorevelacionfm.cl\/wp-content\/uploads\/2024\/12\/colegios1-1-1-768x508.jpg 768w, https:\/\/radiorevelacionfm.cl\/wp-content\/uploads\/2024\/12\/colegios1-1-1-705x466.jpg 705w, https:\/\/radiorevelacionfm.cl\/wp-content\/uploads\/2024\/12\/colegios1-1-1-450x298.jpg 450w, https:\/\/radiorevelacionfm.cl\/wp-content\/uploads\/2024\/12\/colegios1-1-1-600x397.jpg 600w\" sizes=\"(max-width: 907px) 100vw, 907px\" \/><\/div><\/div><\/div><\/div><div class=\"flex_column av_one_full  flex_column_div av-zero-column-padding first  avia-builder-el-2  el_after_av_one_full  el_before_av_one_full  column-top-margin\" style='border-radius:0px; '><section class=\"av_textblock_section \"  itemscope=\"itemscope\" itemtype=\"https:\/\/schema.org\/BlogPosting\" itemprop=\"blogPost\" ><div class='avia_textblock  '   itemprop=\"text\" ><p style=\"text-align: center;\"><span style=\"font-size: 18pt;\"><b>Comienza a funcionar \u00abAn\u00f3tate en la Lista\u00bb en la zona sur del pa\u00eds: apoderados de nueve regiones podr\u00e1n solicitar vacantes en los establecimientos<\/b><\/span><\/p>\n<div id=\"gtx-trans\" style=\"position: absolute; left: -50px; top: 4.31534px;\">\n<div class=\"gtx-trans-icon\"><\/div>\n<\/div>\n<\/div><\/section><\/div><div class=\"flex_column av_one_full  flex_column_div av-zero-column-padding first  avia-builder-el-4  el_after_av_one_full  el_before_av_hr  column-top-margin\" style='border-radius:0px; '><section class=\"av_textblock_section \"  itemscope=\"itemscope\" itemtype=\"https:\/\/schema.org\/BlogPosting\" itemprop=\"blogPost\" ><div class='avia_textblock  '   itemprop=\"text\" ><p class=\"v1MsoNormal\" style=\"text-align: justify;\"><i>A partir de este viernes 20 de diciembre las familias que a\u00fan no tengan un cupo para sus estudiantes en las regiones de O&#8217;Higgins, Maule, \u00d1uble, Biob\u00edo, La Araucan\u00eda, Los R\u00edos, Los Lagos, Ays\u00e9n y Magallanes, podr\u00e1n pedir uno a trav\u00e9s de esta herramienta virtual.<\/i><\/p>\n<p class=\"v1MsoNormal\" style=\"text-align: justify;\">Este viernes 20 de diciembre comienza a funcionar en la zona centro-sur del pa\u00eds \u00abAn\u00f3tate en la Lista\u00bb, la plataforma que permite a las familias que no participaron del Sistema de Admisi\u00f3n Escolar (SAE) o que a\u00fan no cuentan con un cupo para el a\u00f1o escolar 2025 pedir uno en los establecimientos de su preferencia y que todav\u00eda tengan vacantes para asignar.<\/p>\n<p class=\"v1MsoNormal\" style=\"text-align: justify;\">A partir de las 9:00 horas, las y los apoderados de las regiones O&#8217;Higgins, Maule, \u00d1uble, Biob\u00edo, La Araucan\u00eda, Los R\u00edos, Los Lagos, Ays\u00e9n y Magallanes podr\u00e1n entrar en el sitio web\u00a0<u><a href=\"https:\/\/www.sistemadeadmisionescolar.cl\/\" target=\"_blank\" rel=\"noopener noreferrer\">www.sistemadeadmisionescolar.cl<\/a>, pinchar en el bot\u00f3n \u00abAn\u00f3tate en la Lista\u00bb e ingresar a su cuenta (o crear la suya) para solicitar las vacantes en los colegios de su inter\u00e9s.<\/u><\/p>\n<p class=\"v1MsoNormal\" style=\"text-align: justify;\">La\u00a0<b>herramienta es gratuita y transparente<\/b>. Genera una lista de espera de todas las solicitudes que llegan a los establecimientos, orden\u00e1ndolas de forma cronol\u00f3gica,<b>\u00a0tal como ocurrir\u00eda si el tr\u00e1mite fuese presencial, pero evitando que las personas hagan filas<\/b>\u00a0y permiti\u00e9ndoles ahorrar tiempo y abarcar m\u00e1s establecimientos para hacer solicitudes.<\/p>\n<p class=\"v1MsoNormal\" style=\"text-align: justify;\">\u00abAn\u00f3tate en la Lista\u00bb estar\u00e1 habilitada en distintas fechas para todos los apoderados que necesiten vacantes. En d\u00edas anteriores ya comenz\u00f3 a funcionar para familias cuyos estudiantes repitieron, para quienes participaron del SAE y no obtuvieron cupo, y para las familias de la zona norte del pa\u00eds que no participaron del SAE.<\/p>\n<p class=\"v1MsoNormal\" style=\"text-align: justify;\">A partir de este viernes 20 de diciembre funcionar\u00e1 para aquellos estudiantes de la zona centro-sur del pa\u00eds que no participaron del SAE (O&#8217;Higgins, Maule, \u00d1uble, Biob\u00edo, La Araucan\u00eda, Los R\u00edos, Los Lagos, Ays\u00e9n y Magallanes), y el 26 de diciembre funcionar\u00e1 para las familias de la Regi\u00f3n Metropolitana que no participaron del SAE.<\/p>\n<p class=\"v1MsoNormal\" style=\"text-align: justify;\"><b>\u00bfC\u00f3mo funciona \u00abAn\u00f3tate en la Lista\u00bb?<\/b><\/p>\n<ol style=\"text-align: justify;\" start=\"1\" type=\"1\">\n<li class=\"v1MsoNormal\">Los apoderados deben ingresar al sitio web\u00a0<u><a href=\"https:\/\/www.sistemadeadmisionescolar.cl\/\" target=\"_blank\" rel=\"noopener noreferrer\">www.sistemadeadmisionescolar.cl<\/a>, pinchar en el bot\u00f3n \u00abAn\u00f3tate en la Lista\u00bb e ingresar a su cuenta o crearse una. Luego de eso, y seg\u00fan las fechas indicadas, podr\u00e1n solicitar vacantes en los establecimientos.\u00a0<b>El Mineduc sugiere marcar seis o m\u00e1s opciones para que el proceso tenga \u00e9xito.<\/b><\/u><\/li>\n<li class=\"v1MsoNormal\">Una vez marcadas las opciones, deben confirmar el ingreso de la solicitud y la informaci\u00f3n de contacto. Las familias sabr\u00e1n siempre en qu\u00e9 n\u00famero de la lista se encuentran.<\/li>\n<li class=\"v1MsoNormal\">Los establecimientos recibir\u00e1n la informaci\u00f3n de las postulaciones y, si tienen vacantes disponibles, las asignar\u00e1n por orden cronol\u00f3gico de solicitud, es decir, partiendo por quienes se inscribieron primero, tal como habr\u00eda ocurrido si el proceso fuese presencial.<\/li>\n<li class=\"v1MsoNormal\">Por \u00faltimo, los establecimientos educacionales contactar\u00e1n directamente a las familias cuando se les asigne una vacante, para continuar con el tr\u00e1mite de matr\u00edcula.<\/li>\n<\/ol>\n<p class=\"v1MsoNormal\" style=\"text-align: justify;\">\u00abAn\u00f3tate en la Lista\u00bb servir\u00e1 para que las familias que lo necesiten busquen cupos durante todo el a\u00f1o escolar 2025, hasta el pr\u00f3ximo proceso del SAE, por lo que se mantendr\u00e1 habilitada durante todo el a\u00f1o.<\/p>\n<\/div><\/section><\/div><div  style='height:50px' class='hr hr-invisible   avia-builder-el-6  el_after_av_one_full  el_before_av_social_share '><span class='hr-inner ' ><span class='hr-inner-style'><\/span><\/span><\/div><\/p>\n<div  class='av-social-sharing-box  avia-builder-el-7  el_after_av_hr  el_before_av_hr  '><div class='av-share-box'><h5 class='av-share-link-description av-no-toc '>Compartir esta noticia<\/h5><ul class='av-share-box-list noLightbox'><li class='av-share-link av-social-link-facebook' ><a target=\"_blank\" aria-label=\"Compartir en Facebook\" href='https:\/\/www.facebook.com\/sharer.php?u=https:\/\/radiorevelacionfm.cl\/?p=49067&#038;t=Comienza%20a%20funcionar%20%C2%ABAn%C3%B3tate%20en%20la%20Lista%C2%BB%20en%20la%20zona%20sur%20del%20pa%C3%ADs%3A%20apoderados%20de%20nueve%20regiones%20podr%C3%A1n%20solicitar%20vacantes%20en%20los%20establecimientos' aria-hidden='false' data-av_icon='\ue8f3' data-av_iconfont='entypo-fontello' title='' data-avia-related-tooltip='Compartir en Facebook' rel=\"noopener\"><span class='avia_hidden_link_text'>Compartir en Facebook<\/span><\/a><\/li><li class='av-share-link av-social-link-twitter' ><a target=\"_blank\" aria-label=\"Compartir en Twitter\" href='https:\/\/twitter.com\/share?text=Comienza%20a%20funcionar%20%C2%ABAn%C3%B3tate%20en%20la%20Lista%C2%BB%20en%20la%20zona%20sur%20del%20pa%C3%ADs%3A%20apoderados%20de%20nueve%20regiones%20podr%C3%A1n%20solicitar%20vacantes%20en%20los%20establecimientos&#038;url=https:\/\/radiorevelacionfm.cl\/?p=49067' aria-hidden='false' data-av_icon='\ue8f1' data-av_iconfont='entypo-fontello' title='' data-avia-related-tooltip='Compartir en Twitter' rel=\"noopener\"><span class='avia_hidden_link_text'>Compartir en Twitter<\/span><\/a><\/li><li class='av-share-link av-social-link-whatsapp' ><a target=\"_blank\" aria-label=\"Compartir en Whatsapp\" href='https:\/\/api.whatsapp.com\/send?text=https:\/\/radiorevelacionfm.cl\/?p=49067' aria-hidden='false' data-av_icon='\uf232' data-av_iconfont='entypo-fontello' title='' data-avia-related-tooltip='Compartir en Whatsapp' rel=\"noopener\"><span class='avia_hidden_link_text'>Compartir en Whatsapp<\/span><\/a><\/li><li class='av-share-link av-social-link-linkedin' ><a target=\"_blank\" aria-label=\"Compartir en LinkedIn\" href='https:\/\/linkedin.com\/shareArticle?mini=true&#038;title=Comienza%20a%20funcionar%20%C2%ABAn%C3%B3tate%20en%20la%20Lista%C2%BB%20en%20la%20zona%20sur%20del%20pa%C3%ADs%3A%20apoderados%20de%20nueve%20regiones%20podr%C3%A1n%20solicitar%20vacantes%20en%20los%20establecimientos&#038;url=https:\/\/radiorevelacionfm.cl\/?p=49067' aria-hidden='false' data-av_icon='\ue8fc' data-av_iconfont='entypo-fontello' title='' data-avia-related-tooltip='Compartir en LinkedIn' rel=\"noopener\"><span class='avia_hidden_link_text'>Compartir en LinkedIn<\/span><\/a><\/li><li class='av-share-link av-social-link-mail' ><a  aria-label=\"Compartir por correo\" href='mailto:?subject=Comienza%20a%20funcionar%20%C2%ABAn%C3%B3tate%20en%20la%20Lista%C2%BB%20en%20la%20zona%20sur%20del%20pa%C3%ADs%3A%20apoderados%20de%20nueve%20regiones%20podr%C3%A1n%20solicitar%20vacantes%20en%20los%20establecimientos&#038;body=https:\/\/radiorevelacionfm.cl\/?p=49067' aria-hidden='false' data-av_icon='\ue805' data-av_iconfont='entypo-fontello' title='' data-avia-related-tooltip='Compartir por correo'><span class='avia_hidden_link_text'>Compartir por correo<\/span><\/a><\/li><\/ul><\/div><\/div>\n<div  style='height:50px' class='hr hr-invisible   avia-builder-el-8  el_after_av_social_share  el_before_av_comments_list '><span class='hr-inner ' ><span class='hr-inner-style'><\/span><\/span><\/div>\n<div  class='av-buildercomment  av-blog-meta-html-info-disabled av-blog-meta-tag-disabled  '><\/div>\n","protected":false},"excerpt":{"rendered":"","protected":false},"author":1,"featured_media":49068,"comment_status":"open","ping_status":"open","sticky":false,"template":"","format":"standard","meta":{"footnotes":""},"categories":[49],"tags":[],"class_list":["post-49067","post","type-post","status-publish","format-standard","has-post-thumbnail","hentry","category-educacion"],"jetpack_featured_media_url":"https:\/\/radiorevelacionfm.cl\/wp-content\/uploads\/2024\/12\/colegios1-1-1.jpg","_links":{"self":[{"href":"https:\/\/radiorevelacionfm.cl\/index.php?rest_route=\/wp\/v2\/posts\/49067","targetHints":{"allow":["GET"]}}],"collection":[{"href":"https:\/\/radiorevelacionfm.cl\/index.php?rest_route=\/wp\/v2\/posts"}],"about":[{"href":"https:\/\/radiorevelacionfm.cl\/index.php?rest_route=\/wp\/v2\/types\/post"}],"author":[{"embeddable":true,"href":"https:\/\/radiorevelacionfm.cl\/index.php?rest_route=\/wp\/v2\/users\/1"}],"replies":[{"embeddable":true,"href":"https:\/\/radiorevelacionfm.cl\/index.php?rest_route=%2Fwp%2Fv2%2Fcomments&post=49067"}],"version-history":[{"count":1,"href":"https:\/\/radiorevelacionfm.cl\/index.php?rest_route=\/wp\/v2\/posts\/49067\/revisions"}],"predecessor-version":[{"id":49069,"href":"https:\/\/radiorevelacionfm.cl\/index.php?rest_route=\/wp\/v2\/posts\/49067\/revisions\/49069"}],"wp:featuredmedia":[{"embeddable":true,"href":"https:\/\/radiorevelacionfm.cl\/index.php?rest_route=\/wp\/v2\/media\/49068"}],"wp:attachment":[{"href":"https:\/\/radiorevelacionfm.cl\/index.php?rest_route=%2Fwp%2Fv2%2Fmedia&parent=49067"}],"wp:term":[{"taxonomy":"category","embeddable":true,"href":"https:\/\/radiorevelacionfm.cl\/index.php?rest_route=%2Fwp%2Fv2%2Fcategories&post=49067"},{"taxonomy":"post_tag","embeddable":true,"href":"https:\/\/radiorevelacionfm.cl\/index.php?rest_route=%2Fwp%2Fv2%2Ftags&post=49067"}],"curies":[{"name":"wp","href":"https:\/\/api.w.org\/{rel}","templated":true}]}}