{"id":49065,"date":"2024-12-21T12:04:02","date_gmt":"2024-12-21T15:04:02","guid":{"rendered":"https:\/\/radiorevelacionfm.cl\/?p=49065"},"modified":"2024-12-21T12:04:02","modified_gmt":"2024-12-21T15:04:02","slug":"los-otros-cuestionamientos-a-la-industria-salmonera-se-pone-en-duda-su-aporte-real-al-empleo-en-aysen","status":"publish","type":"post","link":"https:\/\/radiorevelacionfm.cl\/?p=49065","title":{"rendered":"Los otros cuestionamientos a la industria salmonera: Se pone en duda su aporte real al empleo en Ays\u00e9n"},"content":{"rendered":"<div class=\"flex_column av_one_full  flex_column_div av-zero-column-padding first  avia-builder-el-0  el_before_av_one_full  avia-builder-el-first  \" style='border-radius:0px; '><div  class='avia-image-container  av-styling-    avia-builder-el-1  avia-builder-el-no-sibling  avia-align-center '  itemprop=\"image\" itemscope=\"itemscope\" itemtype=\"https:\/\/schema.org\/ImageObject\"  ><div class='avia-image-container-inner'><div class='avia-image-overlay-wrap'><img decoding=\"async\" class='wp-image-31260 avia-img-lazy-loading-not-31260 avia_image' src=\"https:\/\/radiorevelacionfm.cl\/wp-content\/uploads\/2023\/05\/Salmoneras_1-P-1-1.jpg\" alt='' title='Salmoneras_1-P (1) (1)' height=\"600\" width=\"1021\"  itemprop=\"thumbnailUrl\" srcset=\"https:\/\/radiorevelacionfm.cl\/wp-content\/uploads\/2023\/05\/Salmoneras_1-P-1-1.jpg 1021w, https:\/\/radiorevelacionfm.cl\/wp-content\/uploads\/2023\/05\/Salmoneras_1-P-1-1-300x176.jpg 300w, https:\/\/radiorevelacionfm.cl\/wp-content\/uploads\/2023\/05\/Salmoneras_1-P-1-1-768x451.jpg 768w, https:\/\/radiorevelacionfm.cl\/wp-content\/uploads\/2023\/05\/Salmoneras_1-P-1-1-705x414.jpg 705w, https:\/\/radiorevelacionfm.cl\/wp-content\/uploads\/2023\/05\/Salmoneras_1-P-1-1-450x264.jpg 450w, https:\/\/radiorevelacionfm.cl\/wp-content\/uploads\/2023\/05\/Salmoneras_1-P-1-1-600x353.jpg 600w\" sizes=\"(max-width: 1021px) 100vw, 1021px\" \/><\/div><\/div><\/div><\/div><div class=\"flex_column av_one_full  flex_column_div av-zero-column-padding first  avia-builder-el-2  el_after_av_one_full  el_before_av_one_full  column-top-margin\" style='border-radius:0px; '><section class=\"av_textblock_section \"  itemscope=\"itemscope\" itemtype=\"https:\/\/schema.org\/BlogPosting\" itemprop=\"blogPost\" ><div class='avia_textblock  '   itemprop=\"text\" ><p style=\"text-align: center;\"><strong><span style=\"font-size: 18pt;\"><span lang=\"es\">Los otros cuestionamientos a la industria salmonera: Se pone en duda su aporte real al empleo en Ays\u00e9n<\/span><\/span><\/strong><\/p>\n<div id=\"gtx-trans\" style=\"position: absolute; left: -50px; top: 4.31534px;\">\n<div class=\"gtx-trans-icon\"><\/div>\n<\/div>\n<\/div><\/section><\/div><div class=\"flex_column av_one_full  flex_column_div av-zero-column-padding first  avia-builder-el-4  el_after_av_one_full  el_before_av_hr  column-top-margin\" style='border-radius:0px; '><section class=\"av_textblock_section \"  itemscope=\"itemscope\" itemtype=\"https:\/\/schema.org\/BlogPosting\" itemprop=\"blogPost\" ><div class='avia_textblock  '   itemprop=\"text\" ><p class=\"v1MsoNormal\" style=\"text-align: justify;\"><i><span lang=\"es\">Nuevo gobernador de Ays\u00e9n expres\u00f3 que \u00abno es un sector que impacte tanto en el empleo. Revisando los datos del INE, la salmonicultura es el quinto o sexto rubro productivo en impacto laboral en la regi\u00f3n\u00bb.<\/span><\/i><\/p>\n<p class=\"v1MsoNormal\" style=\"text-align: justify;\"><i><span lang=\"es\">En paralelo, en el rubro se est\u00e1n incorporando tecnolog\u00edas que a la larga ir\u00e1n disminuyendo a\u00fan m\u00e1s la mano de obra en diversas \u00e1reas, por ejemplo el de fileteo de salm\u00f3n.<\/span><\/i><\/p>\n<p class=\"v1MsoNormal\" style=\"text-align: justify;\"><span lang=\"es\">Una sombra de dudas sobre el real impacto en el empleo que genera la salmonicultura genera en la regi\u00f3n de Ays\u00e9n despleg\u00f3 recientemente el\u00a0<b>nuevo gobernador regional de Ays\u00e9n, Marcelo Santana<\/b>. En una <a href=\"https:\/\/litoralpress.cl\/sitio\/Prensa_Texto?LPKey=CTJDFYG2CDF6M7NKFI6E2CO5VCYR3ZOJ7LRONZ3RGN4FGYOIHAAA\" target=\"_blank\" rel=\"noopener noreferrer\">entrevista dada al diario El Divisadero<\/a>\u00a0afirm\u00f3 que requiri\u00f3 a los representantes de la industria que \u00ab<i>no vean a la regi\u00f3n de Ays\u00e9n s\u00f3lo como parte de su proceso productivo, donde se engorda pr\u00e1cticamente todo el salm\u00f3n de Chile, pero que no ha generado impactos sociales significativos en las comunidades aleda\u00f1as ni tampoco un gran impacto en la econom\u00eda regional. No es un sector que impacte tanto en el empleo. Revisando los datos del INE, la salmonicultura es el quinto o sexto rubro productivo en impacto laboral en la regi\u00f3n. S\u00ed influye en el PIB, pero no tanto en el empleo<\/i>\u00ab.<\/span><\/p>\n<p class=\"v1MsoNormal\" style=\"text-align: justify;\"><span lang=\"es\">Sus palabras colisionan con un sector que se ha\u00a0<a href=\"https:\/\/www.consejodelsalmon.cl\/reporte-impacto-sostenible-2022\/social\/crecimiento-laboral-y-generacion-de-empleo\/\" target=\"_blank\" rel=\"noopener noreferrer\">presentado<\/a>\u00a0hist\u00f3ricamente como el \u00ab<i>pilar esencial para las regiones del sur del pa\u00eds, ya que, generan empleos directos e indirectos a trav\u00e9s de diversas actividades relacionadas con el salm\u00f3n<\/i>\u00ab, seg\u00fan declara el Consejo del Salm\u00f3n. Sin embargo, los avances en la automatizaci\u00f3n y las nuevas tecnolog\u00edas, bajo la promesa de aumentar la eficiencia y reducir costos, est\u00e1n poniendo en riesgo los empleos de los y las trabajadores\/as de la industria.<\/span><\/p>\n<p class=\"v1MsoNormal\" style=\"text-align: justify;\"><span lang=\"es\">Ejemplo de ello es la nueva tecnolog\u00eda de fileteado MS 2750, desarrollada por la empresa\u00a0<b>islandesa Marel<\/b>. Este equipamiento promete procesar hasta 25 peces por minuto en un flujo constante sin intervenci\u00f3n del operador.\u00a0\u00a0Recientemente la <b>noruega Sotra Fiskeindustri<\/b>\u00a0firm\u00f3 un contrato para incorporar esta tecnolog\u00eda, con el fin de \u00ab<a href=\"https:\/\/infosalmon.cl\/presentan-tecnologia-de-vanguardia-para-fileteado-de-salmon-y-trucha\/?utm_source=mailpoet&amp;utm_medium=email&amp;utm_source_platform=mailpoet&amp;utm_campaign=enterate-primero-con-infosalmon-303\" target=\"_blank\" rel=\"noopener noreferrer\">reducir la dependencia de la mano de obra<\/a>\u00ab.<\/span><\/p>\n<p class=\"v1MsoNormal\" style=\"text-align: justify;\"><span lang=\"es\">La nueva maquinaria ya\u00a0<a href=\"https:\/\/www.aqua-sur.cl\/descargas\/Cierre-Post%20Show-AQUASUR%202024.pdf\" target=\"_blank\" rel=\"noopener noreferrer\">se present\u00f3 en Puerto Montt en marzo de este a\u00f1o<\/a>, durante el desarrollo de Aquasur 2024, espacio autodefinido como \u00ab<i>la feria de acuicultura m\u00e1s grande del mundo<\/i>\u00ab.<\/span><\/p>\n<p class=\"v1MsoNormal\" style=\"text-align: justify;\"><span lang=\"es\">Esta situaci\u00f3n no est\u00e1 alejada de la realidad de Ays\u00e9n.\u00a0\u00a0El proyecto de \u00ab<a href=\"https:\/\/seia.sea.gob.cl\/expediente\/ficha\/fichaPrincipal.php?modo=normal&amp;id_expediente=2151509195\" target=\"_blank\" rel=\"noopener noreferrer\">Modernizaci\u00f3n y Modificaci\u00f3n del Centro de Faenamiento de Bah\u00eda Chacabuco<\/a>\u00bb de la planta de procesos de MOWI en la comuna de Ays\u00e9n, aprobado en 2022 mediante declaraci\u00f3n de impacto ambiental, m\u00e1s que triplic\u00f3 la capacidad de procesos de la planta (de 8 ton\/h a 27 ton\/h), y por ende sus utilidades, principalmente v\u00eda aumento de infraestructura y automatizaci\u00f3n. Tal crecimiento no se dio a la par con la generaci\u00f3n de nuevos empleos.\u00a0<\/span><\/p>\n<p class=\"v1MsoNormal\" style=\"text-align: justify;\"><span lang=\"es\">En este sentido, un\u00a0<b><a href=\"https:\/\/www.terram.cl\/descargar\/recursos_naturales\/salmonicultura\/Informe-empleo-industria-salmonera-2005-2021.pdf\" target=\"_blank\" rel=\"noopener noreferrer\">informe publicado por Terram<\/a><\/b>\u00a0en 2023 concluy\u00f3 que la industria salmonera gener\u00f3 menos de 17 mil empleos directos en promedio entre 2005 y 2021, debajo de los datos que habitualmente reporta este sector, donde han afirmado generar casi 28 mil empleos directos anuales al a\u00f1o 2020.\u00a0<\/span><\/p>\n<p class=\"v1MsoNormal\" style=\"text-align: justify;\"><span lang=\"es\">Mientras que \u00ab<i>los trabajadores dependientes informados por la industria alcanzan anualmente los 27.958 empleos, los trabajadores ponderados por meses trabajados representan en promedio s\u00f3lo un 61% de este total, lo que equivale, en promedio, a 16.999 empleos en el periodo 2005-2021<\/i>\u00bb se se\u00f1ala en el estudio seg\u00fan datos comparativos del Servicio de Impuestos Internos.\u00a0<\/span><\/p>\n<p class=\"v1MsoNormal\" style=\"text-align: justify;\"><span lang=\"es\">Adem\u00e1s, el informe estableci\u00f3 que el aumento laboral no fue proporcional al aumento de la extracci\u00f3n, ya que en el periodo 2010-2020, las cosechas crecieron un 131%, mientras el empleo ponderado s\u00f3lo se elev\u00f3 un 62% en el mismo periodo. \u00ab<i>En t\u00e9rminos proporcionales, una mayor producci\u00f3n de salmones no se ha traducido en una mayor cantidad de puestos de trabajo<\/i>\u00bb puntualiza el informe de Terram.<\/span><\/p>\n<p class=\"v1MsoNormal\" style=\"text-align: justify;\"><span lang=\"es\">Esta perspectiva es compartida por el presidente de\u00a0<b>Fundaci\u00f3n Aysenda, Patricio Segura Ortiz,<\/b>\u00a0quien expres\u00f3 que \u00ab<i>lo que confirman estas cifras<\/i>\u00a0<i>es que la preocupaci\u00f3n de la industria salmonera no es ni ha sido dar empleo en la regi\u00f3n, aunque as\u00ed lo publiciten. Su inter\u00e9s \u00faltimo es maximizar sus ganancias, aunque sea a costa del medio ambiente e incluso de los trabajadores. Prospectivamente es bueno preguntarse qu\u00e9 cambios generar\u00e1n las nuevas tecnolog\u00edas para el futuro de la industria salmonera en t\u00e9rminos de empleo. Qu\u00e9 pasar\u00e1 con los trabajadores que hoy dependen de ella\u00bb<\/i>. <i>Plante\u00f3 que \u00abde no hacernos cargo como regi\u00f3n hoy de sus impactos, en el futuro nos quedaremos con la contaminaci\u00f3n y el desempleo, como lo han hecho otras industrias extractivas que cuando se agotan los recursos, emigran dejando los pasivos ambientales y sociales<\/i>\u00ab.\u00a0\u00a0<\/span><\/p>\n<p class=\"v1MsoNormal\" style=\"text-align: justify;\"><b><span lang=\"es\">Fundaci\u00f3n Aysenda<\/span><\/b><span lang=\"es\">\u00a0forma parte de la campa\u00f1a \u00a1Salvemos la Patagonia! que impulsa la Alianza por la Defensa de las \u00c1reas Protegidas, compuesta por m\u00e1s de 50 organizaciones regionales, nacionales y del extranjero, cuyo prop\u00f3sito es retirar las concesiones de salmonicultura de parques nacionales y reservas nacionales del sur austral de Chile, por la relevancia de estos maritorios para la biodiversidad.<\/span><\/p>\n<\/div><\/section><\/div><div  style='height:50px' class='hr hr-invisible   avia-builder-el-6  el_after_av_one_full  el_before_av_social_share '><span class='hr-inner ' ><span class='hr-inner-style'><\/span><\/span><\/div><\/p>\n<div  class='av-social-sharing-box  avia-builder-el-7  el_after_av_hr  el_before_av_hr  '><div class='av-share-box'><h5 class='av-share-link-description av-no-toc '>Compartir esta noticia<\/h5><ul class='av-share-box-list noLightbox'><li class='av-share-link av-social-link-facebook' ><a target=\"_blank\" aria-label=\"Compartir en Facebook\" href='https:\/\/www.facebook.com\/sharer.php?u=https:\/\/radiorevelacionfm.cl\/?p=49065&#038;t=Los%20otros%20cuestionamientos%20a%20la%20industria%20salmonera%3A%20Se%20pone%20en%20duda%20su%20aporte%20real%20al%20empleo%20en%20Ays%C3%A9n' aria-hidden='false' data-av_icon='\ue8f3' data-av_iconfont='entypo-fontello' title='' data-avia-related-tooltip='Compartir en Facebook' rel=\"noopener\"><span class='avia_hidden_link_text'>Compartir en Facebook<\/span><\/a><\/li><li class='av-share-link av-social-link-twitter' ><a target=\"_blank\" aria-label=\"Compartir en Twitter\" href='https:\/\/twitter.com\/share?text=Los%20otros%20cuestionamientos%20a%20la%20industria%20salmonera%3A%20Se%20pone%20en%20duda%20su%20aporte%20real%20al%20empleo%20en%20Ays%C3%A9n&#038;url=https:\/\/radiorevelacionfm.cl\/?p=49065' aria-hidden='false' data-av_icon='\ue8f1' data-av_iconfont='entypo-fontello' title='' data-avia-related-tooltip='Compartir en Twitter' rel=\"noopener\"><span class='avia_hidden_link_text'>Compartir en Twitter<\/span><\/a><\/li><li class='av-share-link av-social-link-whatsapp' ><a target=\"_blank\" aria-label=\"Compartir en Whatsapp\" href='https:\/\/api.whatsapp.com\/send?text=https:\/\/radiorevelacionfm.cl\/?p=49065' aria-hidden='false' data-av_icon='\uf232' data-av_iconfont='entypo-fontello' title='' data-avia-related-tooltip='Compartir en Whatsapp' rel=\"noopener\"><span class='avia_hidden_link_text'>Compartir en Whatsapp<\/span><\/a><\/li><li class='av-share-link av-social-link-linkedin' ><a target=\"_blank\" aria-label=\"Compartir en LinkedIn\" href='https:\/\/linkedin.com\/shareArticle?mini=true&#038;title=Los%20otros%20cuestionamientos%20a%20la%20industria%20salmonera%3A%20Se%20pone%20en%20duda%20su%20aporte%20real%20al%20empleo%20en%20Ays%C3%A9n&#038;url=https:\/\/radiorevelacionfm.cl\/?p=49065' aria-hidden='false' data-av_icon='\ue8fc' data-av_iconfont='entypo-fontello' title='' data-avia-related-tooltip='Compartir en LinkedIn' rel=\"noopener\"><span class='avia_hidden_link_text'>Compartir en LinkedIn<\/span><\/a><\/li><li class='av-share-link av-social-link-mail' ><a  aria-label=\"Compartir por correo\" href='mailto:?subject=Los%20otros%20cuestionamientos%20a%20la%20industria%20salmonera%3A%20Se%20pone%20en%20duda%20su%20aporte%20real%20al%20empleo%20en%20Ays%C3%A9n&#038;body=https:\/\/radiorevelacionfm.cl\/?p=49065' aria-hidden='false' data-av_icon='\ue805' data-av_iconfont='entypo-fontello' title='' data-avia-related-tooltip='Compartir por correo'><span class='avia_hidden_link_text'>Compartir por correo<\/span><\/a><\/li><\/ul><\/div><\/div>\n<div  style='height:50px' class='hr hr-invisible   avia-builder-el-8  el_after_av_social_share  el_before_av_comments_list '><span class='hr-inner ' ><span class='hr-inner-style'><\/span><\/span><\/div>\n<div  class='av-buildercomment  av-blog-meta-html-info-disabled av-blog-meta-tag-disabled  '><\/div>\n","protected":false},"excerpt":{"rendered":"","protected":false},"author":1,"featured_media":31260,"comment_status":"open","ping_status":"open","sticky":false,"template":"","format":"standard","meta":{"footnotes":""},"categories":[38],"tags":[],"class_list":["post-49065","post","type-post","status-publish","format-standard","has-post-thumbnail","hentry","category-regional"],"jetpack_featured_media_url":"https:\/\/radiorevelacionfm.cl\/wp-content\/uploads\/2023\/05\/Salmoneras_1-P-1-1.jpg","_links":{"self":[{"href":"https:\/\/radiorevelacionfm.cl\/index.php?rest_route=\/wp\/v2\/posts\/49065","targetHints":{"allow":["GET"]}}],"collection":[{"href":"https:\/\/radiorevelacionfm.cl\/index.php?rest_route=\/wp\/v2\/posts"}],"about":[{"href":"https:\/\/radiorevelacionfm.cl\/index.php?rest_route=\/wp\/v2\/types\/post"}],"author":[{"embeddable":true,"href":"https:\/\/radiorevelacionfm.cl\/index.php?rest_route=\/wp\/v2\/users\/1"}],"replies":[{"embeddable":true,"href":"https:\/\/radiorevelacionfm.cl\/index.php?rest_route=%2Fwp%2Fv2%2Fcomments&post=49065"}],"version-history":[{"count":1,"href":"https:\/\/radiorevelacionfm.cl\/index.php?rest_route=\/wp\/v2\/posts\/49065\/revisions"}],"predecessor-version":[{"id":49066,"href":"https:\/\/radiorevelacionfm.cl\/index.php?rest_route=\/wp\/v2\/posts\/49065\/revisions\/49066"}],"wp:featuredmedia":[{"embeddable":true,"href":"https:\/\/radiorevelacionfm.cl\/index.php?rest_route=\/wp\/v2\/media\/31260"}],"wp:attachment":[{"href":"https:\/\/radiorevelacionfm.cl\/index.php?rest_route=%2Fwp%2Fv2%2Fmedia&parent=49065"}],"wp:term":[{"taxonomy":"category","embeddable":true,"href":"https:\/\/radiorevelacionfm.cl\/index.php?rest_route=%2Fwp%2Fv2%2Fcategories&post=49065"},{"taxonomy":"post_tag","embeddable":true,"href":"https:\/\/radiorevelacionfm.cl\/index.php?rest_route=%2Fwp%2Fv2%2Ftags&post=49065"}],"curies":[{"name":"wp","href":"https:\/\/api.w.org\/{rel}","templated":true}]}}