{"id":49062,"date":"2024-12-19T20:19:11","date_gmt":"2024-12-19T23:19:11","guid":{"rendered":"https:\/\/radiorevelacionfm.cl\/?p=49062"},"modified":"2024-12-19T20:19:11","modified_gmt":"2024-12-19T23:19:11","slug":"mujeres-rurales-jovenes-de-aysen-reciben-diplomas-en-la-escuela-de-lideresas","status":"publish","type":"post","link":"https:\/\/radiorevelacionfm.cl\/?p=49062","title":{"rendered":"Mujeres Rurales J\u00f3venes de Ays\u00e9n reciben diplomas en la Escuela de Lideresas"},"content":{"rendered":"<div class=\"flex_column av_one_full  flex_column_div av-zero-column-padding first  avia-builder-el-0  el_before_av_one_full  avia-builder-el-first  \" style='border-radius:0px; '><div  class='avia-image-container  av-styling-    avia-builder-el-1  avia-builder-el-no-sibling  avia-align-center '  itemprop=\"image\" itemscope=\"itemscope\" itemtype=\"https:\/\/schema.org\/ImageObject\"  ><div class='avia-image-container-inner'><div class='avia-image-overlay-wrap'><img decoding=\"async\" class='wp-image-49063 avia-img-lazy-loading-not-49063 avia_image' src=\"https:\/\/radiorevelacionfm.cl\/wp-content\/uploads\/2024\/12\/esc_optimized.-lideresas-4-1.jpeg\" alt='' title='esc_optimized.-lideresas-4-(1)' height=\"600\" width=\"967\"  itemprop=\"thumbnailUrl\" srcset=\"https:\/\/radiorevelacionfm.cl\/wp-content\/uploads\/2024\/12\/esc_optimized.-lideresas-4-1.jpeg 967w, https:\/\/radiorevelacionfm.cl\/wp-content\/uploads\/2024\/12\/esc_optimized.-lideresas-4-1-300x186.jpeg 300w, https:\/\/radiorevelacionfm.cl\/wp-content\/uploads\/2024\/12\/esc_optimized.-lideresas-4-1-768x477.jpeg 768w, https:\/\/radiorevelacionfm.cl\/wp-content\/uploads\/2024\/12\/esc_optimized.-lideresas-4-1-705x437.jpeg 705w, https:\/\/radiorevelacionfm.cl\/wp-content\/uploads\/2024\/12\/esc_optimized.-lideresas-4-1-450x279.jpeg 450w, https:\/\/radiorevelacionfm.cl\/wp-content\/uploads\/2024\/12\/esc_optimized.-lideresas-4-1-600x372.jpeg 600w\" sizes=\"(max-width: 967px) 100vw, 967px\" \/><\/div><\/div><\/div><\/div><div class=\"flex_column av_one_full  flex_column_div av-zero-column-padding first  avia-builder-el-2  el_after_av_one_full  el_before_av_one_full  column-top-margin\" style='border-radius:0px; '><section class=\"av_textblock_section \"  itemscope=\"itemscope\" itemtype=\"https:\/\/schema.org\/BlogPosting\" itemprop=\"blogPost\" ><div class='avia_textblock  '   itemprop=\"text\" ><p style=\"text-align: center;\"><strong><span style=\"font-size: 18pt;\">Mujeres Rurales J\u00f3venes de Ays\u00e9n reciben diplomas en la Escuela de Lideresas<\/span><\/strong><\/p>\n<div id=\"gtx-trans\" style=\"position: absolute; left: -50px; top: 4.31534px;\">\n<div class=\"gtx-trans-icon\"><\/div>\n<\/div>\n<\/div><\/section><\/div><div class=\"flex_column av_one_full  flex_column_div av-zero-column-padding first  avia-builder-el-4  el_after_av_one_full  el_before_av_hr  column-top-margin\" style='border-radius:0px; '><section class=\"av_textblock_section \"  itemscope=\"itemscope\" itemtype=\"https:\/\/schema.org\/BlogPosting\" itemprop=\"blogPost\" ><div class='avia_textblock  '   itemprop=\"text\" ><p style=\"text-align: justify;\">Con una emotiva ceremonia, INDAP Ays\u00e9n del Ministerio de Agricultura junto a autoridades del Ministerio de la Mujer y Equidad de G\u00e9nero, entregaron diplomas a las participantes de la Escuela de Lideresas para Mujeres Rurales J\u00f3venes, realizada en La Junta y Coyhaique. Este programa, financiado por los Fondos para la Igualdad 2024, cuyo objetivo es reforzar las acciones de la agenda de g\u00e9nero trazada por el Gobierno del Presidente Gabriel Boric, muestra el compromiso de los distintos organismos del Estado de avanzar en pol\u00edticas p\u00fablicas que respondan adecuadamente a las necesidades y derechos de las mujeres.<\/p>\n<p style=\"text-align: justify;\">El evento cont\u00f3 con la presencia de destacadas autoridades regionales, como el SEREMI de Agricultura, Eugenio Ruiz, quien se\u00f1al\u00f3: \u00abestuvimos con 14 mujeres rurales j\u00f3venes que felizmente obtuvieron su diploma, quienes se suman al proceso que igualmente se desarroll\u00f3 este a\u00f1o en La Junta. Destacamos a las 24 mujeres campesinas de la regi\u00f3n que con un gran compromiso se sumaron a esta iniciativa, dando un paso m\u00e1s en fortalecer su liderazgo y rol en comunidades rurales porque son un pilar clave en la agricultura familiar campesina e ind\u00edgena de la Patagonia\u00bb.<\/p>\n<p style=\"text-align: justify;\">Asimismo, la directora regional de INDAP Ays\u00e9n, Yessica Lagos C\u00e1rdenas, destac\u00f3 la importancia de este tipo de iniciativas para INDAP: \u00abver a estas mujeres recibir sus diplomas es un gran orgullo, porque sabemos que est\u00e1n preparadas para asumir roles clave en sus comunidades. Ellas son la voz de una nueva generaci\u00f3n que viene a aportar al desarrollo rural con compromiso y visi\u00f3n.\u00bb<\/p>\n<p style=\"text-align: justify;\">Tambi\u00e9n participaron Ingrid Osorio Santana, directora regional de PRODEMU, y Paola Salazar Quilaleo, directora subrogante de SERNAMEG, quienes coincidieron en valorar esta instancia como un espacio clave para visibilizar el aporte de las mujeres j\u00f3venes en sus comunidades. La ceremonia incluy\u00f3 un emotivo n\u00famero musical a cargo de la artista local Naara Andariega, que entreg\u00f3 un especial ambiente y mensaje a la ceremonia.<\/p>\n<p style=\"text-align: justify;\">Las participantes provienen de diversas localidades de la regi\u00f3n, como Cochrane, R\u00edo Tranquilo, R\u00edo Paloma, Sector San Miguel, Sector La Chilenita, Ensenada Valle Simpson, Santa Elena, Valle Lagunas, El Salto Chacabuco, y Ays\u00e9n. Durante su formaci\u00f3n abordaron temas como liderazgo, comunicaci\u00f3n efectiva y equidad de g\u00e9nero.<\/p>\n<p style=\"text-align: justify;\">La Escuela de Lideresas es un espacio que promueve la participaci\u00f3n de mujeres rurales j\u00f3venes, incentivando su protagonismo en espacios de decisi\u00f3n. Contar con liderazgos renovados y con enfoque de g\u00e9nero es esencial para enfrentar los desaf\u00edos del campo actual, garantizando un desarrollo rural sostenible y con bienestar para las comunidades.<\/p>\n<p style=\"text-align: justify;\">Con esta entrega de diplomas, INDAP del Ministerio de Agricultura junto al Ministerio de la Mujer y Equidad de G\u00e9nero reafirma su compromiso de seguir apoyando a las mujeres rurales de Ays\u00e9n, impulsando su liderazgo y reconociendo el importante rol que tienen en el desarrollo rural y el futuro de la regi\u00f3n.<\/p>\n<\/div><\/section><\/div><div  style='height:50px' class='hr hr-invisible   avia-builder-el-6  el_after_av_one_full  el_before_av_social_share '><span class='hr-inner ' ><span class='hr-inner-style'><\/span><\/span><\/div><\/p>\n<div  class='av-social-sharing-box  avia-builder-el-7  el_after_av_hr  el_before_av_hr  '><div class='av-share-box'><h5 class='av-share-link-description av-no-toc '>Compartir esta noticia<\/h5><ul class='av-share-box-list noLightbox'><li class='av-share-link av-social-link-facebook' ><a target=\"_blank\" aria-label=\"Compartir en Facebook\" href='https:\/\/www.facebook.com\/sharer.php?u=https:\/\/radiorevelacionfm.cl\/?p=49062&#038;t=Mujeres%20Rurales%20J%C3%B3venes%20de%20Ays%C3%A9n%20reciben%20diplomas%20en%20la%20Escuela%20de%20Lideresas' aria-hidden='false' data-av_icon='\ue8f3' data-av_iconfont='entypo-fontello' title='' data-avia-related-tooltip='Compartir en Facebook' rel=\"noopener\"><span class='avia_hidden_link_text'>Compartir en Facebook<\/span><\/a><\/li><li class='av-share-link av-social-link-twitter' ><a target=\"_blank\" aria-label=\"Compartir en Twitter\" href='https:\/\/twitter.com\/share?text=Mujeres%20Rurales%20J%C3%B3venes%20de%20Ays%C3%A9n%20reciben%20diplomas%20en%20la%20Escuela%20de%20Lideresas&#038;url=https:\/\/radiorevelacionfm.cl\/?p=49062' aria-hidden='false' data-av_icon='\ue8f1' data-av_iconfont='entypo-fontello' title='' data-avia-related-tooltip='Compartir en Twitter' rel=\"noopener\"><span class='avia_hidden_link_text'>Compartir en Twitter<\/span><\/a><\/li><li class='av-share-link av-social-link-whatsapp' ><a target=\"_blank\" aria-label=\"Compartir en Whatsapp\" href='https:\/\/api.whatsapp.com\/send?text=https:\/\/radiorevelacionfm.cl\/?p=49062' aria-hidden='false' data-av_icon='\uf232' data-av_iconfont='entypo-fontello' title='' data-avia-related-tooltip='Compartir en Whatsapp' rel=\"noopener\"><span class='avia_hidden_link_text'>Compartir en Whatsapp<\/span><\/a><\/li><li class='av-share-link av-social-link-linkedin' ><a target=\"_blank\" aria-label=\"Compartir en LinkedIn\" href='https:\/\/linkedin.com\/shareArticle?mini=true&#038;title=Mujeres%20Rurales%20J%C3%B3venes%20de%20Ays%C3%A9n%20reciben%20diplomas%20en%20la%20Escuela%20de%20Lideresas&#038;url=https:\/\/radiorevelacionfm.cl\/?p=49062' aria-hidden='false' data-av_icon='\ue8fc' data-av_iconfont='entypo-fontello' title='' data-avia-related-tooltip='Compartir en LinkedIn' rel=\"noopener\"><span class='avia_hidden_link_text'>Compartir en LinkedIn<\/span><\/a><\/li><li class='av-share-link av-social-link-mail' ><a  aria-label=\"Compartir por correo\" href='mailto:?subject=Mujeres%20Rurales%20J%C3%B3venes%20de%20Ays%C3%A9n%20reciben%20diplomas%20en%20la%20Escuela%20de%20Lideresas&#038;body=https:\/\/radiorevelacionfm.cl\/?p=49062' aria-hidden='false' data-av_icon='\ue805' data-av_iconfont='entypo-fontello' title='' data-avia-related-tooltip='Compartir por correo'><span class='avia_hidden_link_text'>Compartir por correo<\/span><\/a><\/li><\/ul><\/div><\/div>\n<div  style='height:50px' class='hr hr-invisible   avia-builder-el-8  el_after_av_social_share  el_before_av_comments_list '><span class='hr-inner ' ><span class='hr-inner-style'><\/span><\/span><\/div>\n<div  class='av-buildercomment  av-blog-meta-html-info-disabled av-blog-meta-tag-disabled  '><\/div>\n","protected":false},"excerpt":{"rendered":"","protected":false},"author":1,"featured_media":49063,"comment_status":"open","ping_status":"open","sticky":false,"template":"","format":"standard","meta":{"footnotes":""},"categories":[58],"tags":[],"class_list":["post-49062","post","type-post","status-publish","format-standard","has-post-thumbnail","hentry","category-agricultura"],"jetpack_featured_media_url":"https:\/\/radiorevelacionfm.cl\/wp-content\/uploads\/2024\/12\/esc_optimized.-lideresas-4-1.jpeg","_links":{"self":[{"href":"https:\/\/radiorevelacionfm.cl\/index.php?rest_route=\/wp\/v2\/posts\/49062","targetHints":{"allow":["GET"]}}],"collection":[{"href":"https:\/\/radiorevelacionfm.cl\/index.php?rest_route=\/wp\/v2\/posts"}],"about":[{"href":"https:\/\/radiorevelacionfm.cl\/index.php?rest_route=\/wp\/v2\/types\/post"}],"author":[{"embeddable":true,"href":"https:\/\/radiorevelacionfm.cl\/index.php?rest_route=\/wp\/v2\/users\/1"}],"replies":[{"embeddable":true,"href":"https:\/\/radiorevelacionfm.cl\/index.php?rest_route=%2Fwp%2Fv2%2Fcomments&post=49062"}],"version-history":[{"count":1,"href":"https:\/\/radiorevelacionfm.cl\/index.php?rest_route=\/wp\/v2\/posts\/49062\/revisions"}],"predecessor-version":[{"id":49064,"href":"https:\/\/radiorevelacionfm.cl\/index.php?rest_route=\/wp\/v2\/posts\/49062\/revisions\/49064"}],"wp:featuredmedia":[{"embeddable":true,"href":"https:\/\/radiorevelacionfm.cl\/index.php?rest_route=\/wp\/v2\/media\/49063"}],"wp:attachment":[{"href":"https:\/\/radiorevelacionfm.cl\/index.php?rest_route=%2Fwp%2Fv2%2Fmedia&parent=49062"}],"wp:term":[{"taxonomy":"category","embeddable":true,"href":"https:\/\/radiorevelacionfm.cl\/index.php?rest_route=%2Fwp%2Fv2%2Fcategories&post=49062"},{"taxonomy":"post_tag","embeddable":true,"href":"https:\/\/radiorevelacionfm.cl\/index.php?rest_route=%2Fwp%2Fv2%2Ftags&post=49062"}],"curies":[{"name":"wp","href":"https:\/\/api.w.org\/{rel}","templated":true}]}}