{"id":49056,"date":"2024-12-19T18:36:15","date_gmt":"2024-12-19T21:36:15","guid":{"rendered":"https:\/\/radiorevelacionfm.cl\/?p=49056"},"modified":"2024-12-19T18:36:15","modified_gmt":"2024-12-19T21:36:15","slug":"egresados-del-liceo-bicentenario-agricola-e-industrial-de-la-patagonia-certificaron-competencias-laborales-como-instaladores-electricos-clase-d","status":"publish","type":"post","link":"https:\/\/radiorevelacionfm.cl\/?p=49056","title":{"rendered":"Egresados del Liceo Bicentenario Agr\u00edcola e Industrial de la Patagonia certificaron competencias laborales como Instaladores El\u00e9ctricos Clase D"},"content":{"rendered":"<div class=\"flex_column av_one_full  flex_column_div av-zero-column-padding first  avia-builder-el-0  el_before_av_one_full  avia-builder-el-first  \" style='border-radius:0px; '><div  class='avia-image-container  av-styling-    avia-builder-el-1  avia-builder-el-no-sibling  avia-align-center '  itemprop=\"image\" itemscope=\"itemscope\" itemtype=\"https:\/\/schema.org\/ImageObject\"  ><div class='avia-image-container-inner'><div class='avia-image-overlay-wrap'><img decoding=\"async\" class='wp-image-49057 avia-img-lazy-loading-not-49057 avia_image' src=\"https:\/\/radiorevelacionfm.cl\/wp-content\/uploads\/2024\/12\/chilevalora_electricos_clased-1_optimized-1.jpeg\" alt='' title='chilevalora_electricos_clased-(1)_optimized (1)' height=\"600\" width=\"800\"  itemprop=\"thumbnailUrl\" srcset=\"https:\/\/radiorevelacionfm.cl\/wp-content\/uploads\/2024\/12\/chilevalora_electricos_clased-1_optimized-1.jpeg 800w, https:\/\/radiorevelacionfm.cl\/wp-content\/uploads\/2024\/12\/chilevalora_electricos_clased-1_optimized-1-300x225.jpeg 300w, https:\/\/radiorevelacionfm.cl\/wp-content\/uploads\/2024\/12\/chilevalora_electricos_clased-1_optimized-1-768x576.jpeg 768w, https:\/\/radiorevelacionfm.cl\/wp-content\/uploads\/2024\/12\/chilevalora_electricos_clased-1_optimized-1-705x529.jpeg 705w, https:\/\/radiorevelacionfm.cl\/wp-content\/uploads\/2024\/12\/chilevalora_electricos_clased-1_optimized-1-450x338.jpeg 450w, https:\/\/radiorevelacionfm.cl\/wp-content\/uploads\/2024\/12\/chilevalora_electricos_clased-1_optimized-1-600x450.jpeg 600w\" sizes=\"(max-width: 800px) 100vw, 800px\" \/><\/div><\/div><\/div><\/div><div class=\"flex_column av_one_full  flex_column_div av-zero-column-padding first  avia-builder-el-2  el_after_av_one_full  el_before_av_one_full  column-top-margin\" style='border-radius:0px; '><section class=\"av_textblock_section \"  itemscope=\"itemscope\" itemtype=\"https:\/\/schema.org\/BlogPosting\" itemprop=\"blogPost\" ><div class='avia_textblock  '   itemprop=\"text\" ><p style=\"text-align: center;\"><strong><span style=\"font-size: 18pt;\">Egresados del Liceo Bicentenario Agr\u00edcola e Industrial de la Patagonia certificaron competencias laborales como Instaladores El\u00e9ctricos Clase D<\/span><\/strong><\/p>\n<div id=\"gtx-trans\" style=\"position: absolute; left: -50px; top: 4.31534px;\">\n<div class=\"gtx-trans-icon\"><\/div>\n<\/div>\n<\/div><\/section><\/div><div class=\"flex_column av_one_full  flex_column_div av-zero-column-padding first  avia-builder-el-4  el_after_av_one_full  el_before_av_hr  column-top-margin\" style='border-radius:0px; '><section class=\"av_textblock_section \"  itemscope=\"itemscope\" itemtype=\"https:\/\/schema.org\/BlogPosting\" itemprop=\"blogPost\" ><div class='avia_textblock  '   itemprop=\"text\" ><p style=\"text-align: justify;\"><em>Los j\u00f3venes, adem\u00e1s, quedaron habilitados para obtener la credencial de la SEC como instaladores autorizados.<\/em><\/p>\n<p style=\"text-align: justify;\">Con el financiamiento a trav\u00e9s de franquicia tributaria por parte de Empresa El\u00e9ctrica de Ais\u00e9n S.A. (grupo SAESA), siete alumnos egresados ese a\u00f1o del Liceo Bicentenario Agr\u00edcola e Industrial de la Patagonia de la Regi\u00f3n de Ays\u00e9n se sometieron un proceso de evaluaci\u00f3n y certificaci\u00f3n de competencias laborales, obteniendo as\u00ed la certificaci\u00f3n en el perfil ocupacional de ChileValora como Instalador\/a El\u00e9ctrico\/a Clase D. Con esto, adem\u00e1s, los j\u00f3venes quedaron habilitados para obtener la credencial como instaladores autorizados que entrega la Superintendencia de Electricidad y Combustibles (Sec), gracias al convenio entre dicho organismo y ChileValora.<\/p>\n<p style=\"text-align: justify;\">Durante un mes, la totalidad de los egresados fueron evaluados por el centro certificador y evaluador Chilecap, en materias propias de la especialidad, como elaborar un proyecto el\u00e9ctrico, verificar el funcionamiento de una instalaci\u00f3n el\u00e9ctrica de una obra, instalar tableros de distribuci\u00f3n, equipos, artefactos y accesorios, as\u00ed como tambi\u00e9n canalizar la distribuci\u00f3n en pilares y tuber\u00edas, todo de acuerdo a la normativa vigente de la SEC.<\/p>\n<p style=\"text-align: justify;\">Desde ChileValora, su directora ejecutiva, Ximena Rivillo, expres\u00f3 que \u201clos siete j\u00f3venes que hoy se certificaron como instaladores el\u00e9ctricos pueden ingresar al mundo laboral y pueden superar la brecha de experiencia que pide una empresa, porque con el certificado de ChileValora claramente son trabajadores calificados para trabajar y aumentar la competitividad\u201d.<\/p>\n<p style=\"text-align: justify;\">Por su parte, la Seremi del Trabajo y Previsi\u00f3n Social, Camila Covarrubias, afirm\u00f3 en esta certificaci\u00f3n \u201cEstamos muy contentos de hoy poder entregar 7 certificaciones de competencias laborales a alumnos recientemente egresados del Liceo Agr\u00edcola de la Patagonia, certificaci\u00f3n en instalador el\u00e9ctrico clase de D, sello SEC, que va a permitir mejorar la empleabilidad de estos j\u00f3venes y tambi\u00e9n su calidad de vida y la de sus familias. Esta certificaci\u00f3n es entregada por el Ministerio del Trabajo y Previsi\u00f3n Social, a trav\u00e9s de ChileValora, que es una instituci\u00f3n tripartita, logr\u00e1ndose con un trabajo conjunto entre el Liceo Agr\u00edcola, la empresa Edelays\u00e9n y ChileValora, lo que mejorar\u00e1 su empleabilidad en el futuro\u201d, manifest\u00f3.<\/p>\n<p style=\"text-align: justify;\">El proceso de certificaci\u00f3n se produjo gracias al uso de franquicia tributaria utilizada por la empresa del grupo SAESA, que adem\u00e1s utiliz\u00f3 la opci\u00f3n de precontrato con los estudiantes egresados. Al respecto, la ejecutiva de relacionamiento Edelays\u00e9n, Yasna Vera Dur\u00e1n, coment\u00f3 que \u201ccomo empresa estamos contentos de aportar, que los alumnos salgan con su t\u00edtulo y con la certificaci\u00f3n es un aporte para ellos y para la comunidad\u201d.<\/p>\n<p style=\"text-align: justify;\">Por su parte, el director del establecimiento educacional del que egresaron los j\u00f3venes, Fabi\u00e1n Saavedra Escobar, detall\u00f3 que \u201ccomo liceo de la Corporaci\u00f3n SNA Educa buscamos la forma de entregar no s\u00f3lo el t\u00edtulo t\u00e9cnico de ense\u00f1anza media, sino que tambi\u00e9n nuevas herramientas que a los alumnos les permitan abrirse camino en el mundo laboral. Con esa idea es que surgen voluntades, desde la seremi del Trabajo y Previsi\u00f3n Social, la ONG Canales, Edelays\u00e9n y el apoyo de los propios \u00a0\u00a0del liceo surgi\u00f3 la posibilidad de que los alumnos se certifiquen como el\u00e9ctricos Clase D. Esto marca un hito, por el logro de los alumnos y por lo que les podemos entregar como establecimiento\u201d.<\/p>\n<p style=\"text-align: justify;\">Uno de los alumnos egresados que obtuvo la certificaci\u00f3n como Instalador El\u00e9ctrico Clase D de ChileValora, Edison Alonso, \u201ccontento y agradecido por la tremenda oportunidad que nos dio el liceo en conjunto con la empresa y ChileValora, me certifiqu\u00e9 como instalador el\u00e9ctrico Clase D. Esto nos abre muchas de oportunidades laborales\u201d.<\/p>\n<p style=\"text-align: justify;\">Tal como mencionaron la Seremi Camila Covarrubias Retamal y el director Fabi\u00e1n Saavedra Escobar, hace algunos meses comenzaron las conversaciones para levantar este proyecto, entre el liceo, la Seremi de Trabajo y Previsi\u00f3n Social y ChileValora con miras a entregar mayores herramientas a los j\u00f3venes que egresaban de esta instituci\u00f3n educacional y vincularlos con las necesidades concretas de demanda laboral en la Regi\u00f3n de Ays\u00e9n. Entre las instituciones vinculadas, tambi\u00e9n estuvo la ONG Canales, en conjunto con la Red Futuro T\u00e9cnico del Ministerio de Educaci\u00f3n y El Programa Construyo Mi Futuro de la C\u00e1mara Chilena de la Construcci\u00f3n.<\/p>\n<\/div><\/section><\/div><div  style='height:50px' class='hr hr-invisible   avia-builder-el-6  el_after_av_one_full  el_before_av_social_share '><span class='hr-inner ' ><span class='hr-inner-style'><\/span><\/span><\/div><\/p>\n<div  class='av-social-sharing-box  avia-builder-el-7  el_after_av_hr  el_before_av_hr  '><div class='av-share-box'><h5 class='av-share-link-description av-no-toc '>Compartir esta noticia<\/h5><ul class='av-share-box-list noLightbox'><li class='av-share-link av-social-link-facebook' ><a target=\"_blank\" aria-label=\"Compartir en Facebook\" href='https:\/\/www.facebook.com\/sharer.php?u=https:\/\/radiorevelacionfm.cl\/?p=49056&#038;t=Egresados%20del%20Liceo%20Bicentenario%20Agr%C3%ADcola%20e%20Industrial%20de%20la%20Patagonia%20certificaron%20competencias%20laborales%20como%20Instaladores%20El%C3%A9ctricos%20Clase%20D' aria-hidden='false' data-av_icon='\ue8f3' data-av_iconfont='entypo-fontello' title='' data-avia-related-tooltip='Compartir en Facebook' rel=\"noopener\"><span class='avia_hidden_link_text'>Compartir en Facebook<\/span><\/a><\/li><li class='av-share-link av-social-link-twitter' ><a target=\"_blank\" aria-label=\"Compartir en Twitter\" href='https:\/\/twitter.com\/share?text=Egresados%20del%20Liceo%20Bicentenario%20Agr%C3%ADcola%20e%20Industrial%20de%20la%20Patagonia%20certificaron%20competencias%20laborales%20como%20Instaladores%20El%C3%A9ctricos%20Clase%20D&#038;url=https:\/\/radiorevelacionfm.cl\/?p=49056' aria-hidden='false' data-av_icon='\ue8f1' data-av_iconfont='entypo-fontello' title='' data-avia-related-tooltip='Compartir en Twitter' rel=\"noopener\"><span class='avia_hidden_link_text'>Compartir en Twitter<\/span><\/a><\/li><li class='av-share-link av-social-link-whatsapp' ><a target=\"_blank\" aria-label=\"Compartir en Whatsapp\" href='https:\/\/api.whatsapp.com\/send?text=https:\/\/radiorevelacionfm.cl\/?p=49056' aria-hidden='false' data-av_icon='\uf232' data-av_iconfont='entypo-fontello' title='' data-avia-related-tooltip='Compartir en Whatsapp' rel=\"noopener\"><span class='avia_hidden_link_text'>Compartir en Whatsapp<\/span><\/a><\/li><li class='av-share-link av-social-link-linkedin' ><a target=\"_blank\" aria-label=\"Compartir en LinkedIn\" href='https:\/\/linkedin.com\/shareArticle?mini=true&#038;title=Egresados%20del%20Liceo%20Bicentenario%20Agr%C3%ADcola%20e%20Industrial%20de%20la%20Patagonia%20certificaron%20competencias%20laborales%20como%20Instaladores%20El%C3%A9ctricos%20Clase%20D&#038;url=https:\/\/radiorevelacionfm.cl\/?p=49056' aria-hidden='false' data-av_icon='\ue8fc' data-av_iconfont='entypo-fontello' title='' data-avia-related-tooltip='Compartir en LinkedIn' rel=\"noopener\"><span class='avia_hidden_link_text'>Compartir en LinkedIn<\/span><\/a><\/li><li class='av-share-link av-social-link-mail' ><a  aria-label=\"Compartir por correo\" href='mailto:?subject=Egresados%20del%20Liceo%20Bicentenario%20Agr%C3%ADcola%20e%20Industrial%20de%20la%20Patagonia%20certificaron%20competencias%20laborales%20como%20Instaladores%20El%C3%A9ctricos%20Clase%20D&#038;body=https:\/\/radiorevelacionfm.cl\/?p=49056' aria-hidden='false' data-av_icon='\ue805' data-av_iconfont='entypo-fontello' title='' data-avia-related-tooltip='Compartir por correo'><span class='avia_hidden_link_text'>Compartir por correo<\/span><\/a><\/li><\/ul><\/div><\/div>\n<div  style='height:50px' class='hr hr-invisible   avia-builder-el-8  el_after_av_social_share  el_before_av_comments_list '><span class='hr-inner ' ><span class='hr-inner-style'><\/span><\/span><\/div>\n<div  class='av-buildercomment  av-blog-meta-html-info-disabled av-blog-meta-tag-disabled  '><\/div>\n","protected":false},"excerpt":{"rendered":"","protected":false},"author":1,"featured_media":49057,"comment_status":"open","ping_status":"open","sticky":false,"template":"","format":"standard","meta":{"footnotes":""},"categories":[49],"tags":[],"class_list":["post-49056","post","type-post","status-publish","format-standard","has-post-thumbnail","hentry","category-educacion"],"jetpack_featured_media_url":"https:\/\/radiorevelacionfm.cl\/wp-content\/uploads\/2024\/12\/chilevalora_electricos_clased-1_optimized-1.jpeg","_links":{"self":[{"href":"https:\/\/radiorevelacionfm.cl\/index.php?rest_route=\/wp\/v2\/posts\/49056","targetHints":{"allow":["GET"]}}],"collection":[{"href":"https:\/\/radiorevelacionfm.cl\/index.php?rest_route=\/wp\/v2\/posts"}],"about":[{"href":"https:\/\/radiorevelacionfm.cl\/index.php?rest_route=\/wp\/v2\/types\/post"}],"author":[{"embeddable":true,"href":"https:\/\/radiorevelacionfm.cl\/index.php?rest_route=\/wp\/v2\/users\/1"}],"replies":[{"embeddable":true,"href":"https:\/\/radiorevelacionfm.cl\/index.php?rest_route=%2Fwp%2Fv2%2Fcomments&post=49056"}],"version-history":[{"count":1,"href":"https:\/\/radiorevelacionfm.cl\/index.php?rest_route=\/wp\/v2\/posts\/49056\/revisions"}],"predecessor-version":[{"id":49058,"href":"https:\/\/radiorevelacionfm.cl\/index.php?rest_route=\/wp\/v2\/posts\/49056\/revisions\/49058"}],"wp:featuredmedia":[{"embeddable":true,"href":"https:\/\/radiorevelacionfm.cl\/index.php?rest_route=\/wp\/v2\/media\/49057"}],"wp:attachment":[{"href":"https:\/\/radiorevelacionfm.cl\/index.php?rest_route=%2Fwp%2Fv2%2Fmedia&parent=49056"}],"wp:term":[{"taxonomy":"category","embeddable":true,"href":"https:\/\/radiorevelacionfm.cl\/index.php?rest_route=%2Fwp%2Fv2%2Fcategories&post=49056"},{"taxonomy":"post_tag","embeddable":true,"href":"https:\/\/radiorevelacionfm.cl\/index.php?rest_route=%2Fwp%2Fv2%2Ftags&post=49056"}],"curies":[{"name":"wp","href":"https:\/\/api.w.org\/{rel}","templated":true}]}}