{"id":49050,"date":"2024-12-20T09:41:24","date_gmt":"2024-12-20T12:41:24","guid":{"rendered":"https:\/\/radiorevelacionfm.cl\/?p=49050"},"modified":"2024-12-20T09:41:24","modified_gmt":"2024-12-20T12:41:24","slug":"patagonia-impulsa-la-sostenibilidad-alimentaria-seminario-internacional-reune-especialistas-y-emprendedores","status":"publish","type":"post","link":"https:\/\/radiorevelacionfm.cl\/?p=49050","title":{"rendered":"Patagonia impulsa la sostenibilidad alimentaria: Seminario Internacional re\u00fane especialistas y emprendedores"},"content":{"rendered":"<div class=\"flex_column av_one_full  flex_column_div av-zero-column-padding first  avia-builder-el-0  el_before_av_one_full  avia-builder-el-first  \" style='border-radius:0px; '><div  class='avia-image-container  av-styling-    avia-builder-el-1  avia-builder-el-no-sibling  avia-align-center '  itemprop=\"image\" itemscope=\"itemscope\" itemtype=\"https:\/\/schema.org\/ImageObject\"  ><div class='avia-image-container-inner'><div class='avia-image-overlay-wrap'><img decoding=\"async\" class='wp-image-49051 avia-img-lazy-loading-not-49051 avia_image' src=\"https:\/\/radiorevelacionfm.cl\/wp-content\/uploads\/2024\/12\/02_seminario-1-1.jpg\" alt='' title='02_seminario (1) (1)' height=\"600\" width=\"900\"  itemprop=\"thumbnailUrl\" srcset=\"https:\/\/radiorevelacionfm.cl\/wp-content\/uploads\/2024\/12\/02_seminario-1-1.jpg 900w, https:\/\/radiorevelacionfm.cl\/wp-content\/uploads\/2024\/12\/02_seminario-1-1-300x200.jpg 300w, https:\/\/radiorevelacionfm.cl\/wp-content\/uploads\/2024\/12\/02_seminario-1-1-768x512.jpg 768w, https:\/\/radiorevelacionfm.cl\/wp-content\/uploads\/2024\/12\/02_seminario-1-1-705x470.jpg 705w, https:\/\/radiorevelacionfm.cl\/wp-content\/uploads\/2024\/12\/02_seminario-1-1-450x300.jpg 450w, https:\/\/radiorevelacionfm.cl\/wp-content\/uploads\/2024\/12\/02_seminario-1-1-600x400.jpg 600w\" sizes=\"(max-width: 900px) 100vw, 900px\" \/><\/div><\/div><\/div><\/div><div class=\"flex_column av_one_full  flex_column_div av-zero-column-padding first  avia-builder-el-2  el_after_av_one_full  el_before_av_one_full  column-top-margin\" style='border-radius:0px; '><section class=\"av_textblock_section \"  itemscope=\"itemscope\" itemtype=\"https:\/\/schema.org\/BlogPosting\" itemprop=\"blogPost\" ><div class='avia_textblock  '   itemprop=\"text\" ><p style=\"text-align: center;\"><span style=\"font-size: 18pt;\"><b>Patagonia impulsa la sostenibilidad alimentaria: Seminario Internacional re\u00fane especialistas y emprendedores<\/b><\/span><\/p>\n<div id=\"gtx-trans\" style=\"position: absolute; left: -50px; top: 4.31534px;\">\n<div class=\"gtx-trans-icon\"><\/div>\n<\/div>\n<\/div><\/section><\/div><div class=\"flex_column av_one_full  flex_column_div av-zero-column-padding first  avia-builder-el-4  el_after_av_one_full  el_before_av_hr  column-top-margin\" style='border-radius:0px; '><section class=\"av_textblock_section \"  itemscope=\"itemscope\" itemtype=\"https:\/\/schema.org\/BlogPosting\" itemprop=\"blogPost\" ><div class='avia_textblock  '   itemprop=\"text\" ><p style=\"font-weight: 400; text-align: justify;\"><em>El Seminario Internacional de Sostenibilidad Alimentaria 2025 en Coyhaique convocar\u00e1 a personas expertas, iniciativas emprendedoras y actores clave para debatir y promover soluciones innovadoras que fortalezcan la soberan\u00eda alimentaria y la sostenibilidad en la Regi\u00f3n de Ays\u00e9n.<\/em><\/p>\n<p style=\"font-weight: 400; text-align: justify;\">Del 19 al 21 de marzo de 2025, el Centro Cultural de Coyhaique ser\u00e1 sede del Seminario Internacional de Sostenibilidad Alimentaria, una iniciativa que busca transformar los retos agroalimentarios en oportunidades para la Regi\u00f3n de Ays\u00e9n. Este evento, organizado por la Universidad de Ays\u00e9n y apoyado por Corfo a trav\u00e9s del programa Viraliza Eventos de Alta Convocatoria, reunir\u00e1 a personas expertas nacionales e internacionales, iniciativas emprendedoras, acad\u00e9micas y representantes de los sectores p\u00fablico y privado.<\/p>\n<p style=\"font-weight: 400; text-align: justify;\">Con el lema \u00abResiliencia, soberan\u00eda y desarrollo sostenible desde la Patagonia\u00bb, el seminario abordar\u00e1 temas cr\u00edticos como la seguridad alimentaria, la agroecolog\u00eda y la gobernanza territorial. Ser\u00e1 un espacio \u00fanico para el intercambio de conocimientos, experiencias y tecnolog\u00edas que fortalezcan la sostenibilidad y resiliencia del ecosistema agroalimentario.<\/p>\n<p style=\"font-weight: 400; text-align: justify;\"><strong>PLATAFORMA PARA EL CAMBIO<\/strong><\/p>\n<p style=\"font-weight: 400; text-align: justify;\">El evento contar\u00e1 con conferencias magistrales de especialistas como Miguel Altieri, referente global en agroecolog\u00eda, Agust\u00edn Infante y Fernando Pia, expertos en agricultura sostenible. Tambi\u00e9n incluir\u00e1 mesas de di\u00e1logo, talleres pr\u00e1cticos y un mercado agroalimentario, donde los asistentes podr\u00e1n interactuar con productores locales y conocer iniciativas innovadoras.<\/p>\n<p style=\"font-weight: 400; text-align: justify;\">\u201cEl seminario no solo es un espacio de aprendizaje, sino tambi\u00e9n una oportunidad para construir redes de colaboraci\u00f3n y proyectar la Regi\u00f3n de Ays\u00e9n como un modelo replicable de sostenibilidad agroalimentaria\u201d, destac\u00f3 Humberto Mar\u00edn Leiva, director de Corfo Ays\u00e9n.<\/p>\n<p style=\"font-weight: 400; text-align: justify;\">Fernanda Guarda, representante de la Red de Catalizadores Agroalimentarios, agreg\u00f3: \u201cNuestra organizaci\u00f3n tiene un compromiso profundo con la soberan\u00eda alimentaria. Muchas de las personas que asistir\u00e1n trabajan d\u00eda a d\u00eda para generar alimentos sanos y vivos para los habitantes de la regi\u00f3n. Este seminario es clave para fortalecer esos esfuerzos\u201d.<\/p>\n<p style=\"font-weight: 400; text-align: justify;\">Por otro lado, Cristian Alarc\u00f3n, acad\u00e9mico de la Universidad de Ays\u00e9n, coment\u00f3: \u201cEste seminario refleja la articulaci\u00f3n que hemos logrado como red de catalizadores del agro. Es una instancia para compartir experiencias locales e internacionales y generar soluciones concretas frente a los desaf\u00edos del cambio clim\u00e1tico y la seguridad alimentaria\u201d.<\/p>\n<p style=\"font-weight: 400; text-align: justify;\"><strong>IMPACTO LOCAL<\/strong><\/p>\n<p style=\"font-weight: 400; text-align: justify;\">La Regi\u00f3n de Ays\u00e9n, con su biodiversidad y riqueza natural, enfrenta retos como el aislamiento geogr\u00e1fico y la estacionalidad en la producci\u00f3n. Sin embargo, este evento busca convertir estas dificultades en fortalezas, promoviendo la diversificaci\u00f3n productiva, la integraci\u00f3n de tecnolog\u00edas sostenibles y la creaci\u00f3n de pol\u00edticas p\u00fablicas que impulsen el desarrollo regional.<\/p>\n<p style=\"font-weight: 400; text-align: justify;\">Juan Pablo Prieto Cox, administrador provisional de la Universidad de Ays\u00e9n, se\u00f1al\u00f3 que \u201cQueremos que este seminario sea el inicio de una colaboraci\u00f3n permanente que potencie la soberan\u00eda alimentaria y el desarrollo de capacidades en la regi\u00f3n\u201d.<\/p>\n<p style=\"font-weight: 400; text-align: justify;\">La inscripci\u00f3n al seminario es gratuita, pero con cupos limitados. Estudiantes, emprendedores y acad\u00e9micas\/os interesados en el sector agroalimentario est\u00e1n invitados a registrarse en el sitio oficial. Adem\u00e1s, podr\u00e1n participar en talleres sobre tecnolog\u00edas aplicadas, buenas pr\u00e1cticas agr\u00edcolas y creaci\u00f3n de proyectos colaborativos.<\/p>\n<p style=\"font-weight: 400; text-align: justify;\">Ays\u00e9n, con el apoyo de Corfo, se consolida como un referente global en sostenibilidad agroalimentaria, demostrando que desde la Patagonia se puede construir un futuro m\u00e1s resiliente y equitativo para todas las personas.<\/p>\n<\/div><\/section><\/div><div  style='height:50px' class='hr hr-invisible   avia-builder-el-6  el_after_av_one_full  el_before_av_social_share '><span class='hr-inner ' ><span class='hr-inner-style'><\/span><\/span><\/div><\/p>\n<div  class='av-social-sharing-box  avia-builder-el-7  el_after_av_hr  el_before_av_hr  '><div class='av-share-box'><h5 class='av-share-link-description av-no-toc '>Compartir esta noticia<\/h5><ul class='av-share-box-list noLightbox'><li class='av-share-link av-social-link-facebook' ><a target=\"_blank\" aria-label=\"Compartir en Facebook\" href='https:\/\/www.facebook.com\/sharer.php?u=https:\/\/radiorevelacionfm.cl\/?p=49050&#038;t=Patagonia%20impulsa%20la%20sostenibilidad%20alimentaria%3A%20Seminario%20Internacional%20re%C3%BAne%20especialistas%20y%20emprendedores' aria-hidden='false' data-av_icon='\ue8f3' data-av_iconfont='entypo-fontello' title='' data-avia-related-tooltip='Compartir en Facebook' rel=\"noopener\"><span class='avia_hidden_link_text'>Compartir en Facebook<\/span><\/a><\/li><li class='av-share-link av-social-link-twitter' ><a target=\"_blank\" aria-label=\"Compartir en Twitter\" href='https:\/\/twitter.com\/share?text=Patagonia%20impulsa%20la%20sostenibilidad%20alimentaria%3A%20Seminario%20Internacional%20re%C3%BAne%20especialistas%20y%20emprendedores&#038;url=https:\/\/radiorevelacionfm.cl\/?p=49050' aria-hidden='false' data-av_icon='\ue8f1' data-av_iconfont='entypo-fontello' title='' data-avia-related-tooltip='Compartir en Twitter' rel=\"noopener\"><span class='avia_hidden_link_text'>Compartir en Twitter<\/span><\/a><\/li><li class='av-share-link av-social-link-whatsapp' ><a target=\"_blank\" aria-label=\"Compartir en Whatsapp\" href='https:\/\/api.whatsapp.com\/send?text=https:\/\/radiorevelacionfm.cl\/?p=49050' aria-hidden='false' data-av_icon='\uf232' data-av_iconfont='entypo-fontello' title='' data-avia-related-tooltip='Compartir en Whatsapp' rel=\"noopener\"><span class='avia_hidden_link_text'>Compartir en Whatsapp<\/span><\/a><\/li><li class='av-share-link av-social-link-linkedin' ><a target=\"_blank\" aria-label=\"Compartir en LinkedIn\" href='https:\/\/linkedin.com\/shareArticle?mini=true&#038;title=Patagonia%20impulsa%20la%20sostenibilidad%20alimentaria%3A%20Seminario%20Internacional%20re%C3%BAne%20especialistas%20y%20emprendedores&#038;url=https:\/\/radiorevelacionfm.cl\/?p=49050' aria-hidden='false' data-av_icon='\ue8fc' data-av_iconfont='entypo-fontello' title='' data-avia-related-tooltip='Compartir en LinkedIn' rel=\"noopener\"><span class='avia_hidden_link_text'>Compartir en LinkedIn<\/span><\/a><\/li><li class='av-share-link av-social-link-mail' ><a  aria-label=\"Compartir por correo\" href='mailto:?subject=Patagonia%20impulsa%20la%20sostenibilidad%20alimentaria%3A%20Seminario%20Internacional%20re%C3%BAne%20especialistas%20y%20emprendedores&#038;body=https:\/\/radiorevelacionfm.cl\/?p=49050' aria-hidden='false' data-av_icon='\ue805' data-av_iconfont='entypo-fontello' title='' data-avia-related-tooltip='Compartir por correo'><span class='avia_hidden_link_text'>Compartir por correo<\/span><\/a><\/li><\/ul><\/div><\/div>\n<div  style='height:50px' class='hr hr-invisible   avia-builder-el-8  el_after_av_social_share  el_before_av_comments_list '><span class='hr-inner ' ><span class='hr-inner-style'><\/span><\/span><\/div>\n<div  class='av-buildercomment  av-blog-meta-html-info-disabled av-blog-meta-tag-disabled  '><\/div>\n","protected":false},"excerpt":{"rendered":"","protected":false},"author":1,"featured_media":49051,"comment_status":"open","ping_status":"open","sticky":false,"template":"","format":"standard","meta":{"footnotes":""},"categories":[38],"tags":[],"class_list":["post-49050","post","type-post","status-publish","format-standard","has-post-thumbnail","hentry","category-regional"],"jetpack_featured_media_url":"https:\/\/radiorevelacionfm.cl\/wp-content\/uploads\/2024\/12\/02_seminario-1-1.jpg","_links":{"self":[{"href":"https:\/\/radiorevelacionfm.cl\/index.php?rest_route=\/wp\/v2\/posts\/49050","targetHints":{"allow":["GET"]}}],"collection":[{"href":"https:\/\/radiorevelacionfm.cl\/index.php?rest_route=\/wp\/v2\/posts"}],"about":[{"href":"https:\/\/radiorevelacionfm.cl\/index.php?rest_route=\/wp\/v2\/types\/post"}],"author":[{"embeddable":true,"href":"https:\/\/radiorevelacionfm.cl\/index.php?rest_route=\/wp\/v2\/users\/1"}],"replies":[{"embeddable":true,"href":"https:\/\/radiorevelacionfm.cl\/index.php?rest_route=%2Fwp%2Fv2%2Fcomments&post=49050"}],"version-history":[{"count":1,"href":"https:\/\/radiorevelacionfm.cl\/index.php?rest_route=\/wp\/v2\/posts\/49050\/revisions"}],"predecessor-version":[{"id":49052,"href":"https:\/\/radiorevelacionfm.cl\/index.php?rest_route=\/wp\/v2\/posts\/49050\/revisions\/49052"}],"wp:featuredmedia":[{"embeddable":true,"href":"https:\/\/radiorevelacionfm.cl\/index.php?rest_route=\/wp\/v2\/media\/49051"}],"wp:attachment":[{"href":"https:\/\/radiorevelacionfm.cl\/index.php?rest_route=%2Fwp%2Fv2%2Fmedia&parent=49050"}],"wp:term":[{"taxonomy":"category","embeddable":true,"href":"https:\/\/radiorevelacionfm.cl\/index.php?rest_route=%2Fwp%2Fv2%2Fcategories&post=49050"},{"taxonomy":"post_tag","embeddable":true,"href":"https:\/\/radiorevelacionfm.cl\/index.php?rest_route=%2Fwp%2Fv2%2Ftags&post=49050"}],"curies":[{"name":"wp","href":"https:\/\/api.w.org\/{rel}","templated":true}]}}