{"id":49047,"date":"2024-12-19T17:07:25","date_gmt":"2024-12-19T20:07:25","guid":{"rendered":"https:\/\/radiorevelacionfm.cl\/?p=49047"},"modified":"2024-12-19T17:07:25","modified_gmt":"2024-12-19T20:07:25","slug":"culturas-aysen-y-prodemu-imparten-talleres-para-mujeres-de-7-comunas-de-la-region","status":"publish","type":"post","link":"https:\/\/radiorevelacionfm.cl\/?p=49047","title":{"rendered":"Culturas Ays\u00e9n y Prodemu imparten talleres para mujeres de 7 comunas de la regi\u00f3n"},"content":{"rendered":"<div class=\"flex_column av_one_full  flex_column_div av-zero-column-padding first  avia-builder-el-0  el_before_av_one_full  avia-builder-el-first  \" style='border-radius:0px; '><div  class='avia-image-container  av-styling-    avia-builder-el-1  avia-builder-el-no-sibling  avia-align-center '  itemprop=\"image\" itemscope=\"itemscope\" itemtype=\"https:\/\/schema.org\/ImageObject\"  ><div class='avia-image-container-inner'><div class='avia-image-overlay-wrap'><img decoding=\"async\" class='wp-image-49048 avia-img-lazy-loading-not-49048 avia_image' src=\"https:\/\/radiorevelacionfm.cl\/wp-content\/uploads\/2024\/12\/mosaico-puerto-guadal-1-1_optimized.jpeg\" alt='' title='mosaico-puerto-guadal-(1)-(1)_optimized' height=\"600\" width=\"830\"  itemprop=\"thumbnailUrl\" srcset=\"https:\/\/radiorevelacionfm.cl\/wp-content\/uploads\/2024\/12\/mosaico-puerto-guadal-1-1_optimized.jpeg 830w, https:\/\/radiorevelacionfm.cl\/wp-content\/uploads\/2024\/12\/mosaico-puerto-guadal-1-1_optimized-300x217.jpeg 300w, https:\/\/radiorevelacionfm.cl\/wp-content\/uploads\/2024\/12\/mosaico-puerto-guadal-1-1_optimized-768x555.jpeg 768w, https:\/\/radiorevelacionfm.cl\/wp-content\/uploads\/2024\/12\/mosaico-puerto-guadal-1-1_optimized-705x510.jpeg 705w, https:\/\/radiorevelacionfm.cl\/wp-content\/uploads\/2024\/12\/mosaico-puerto-guadal-1-1_optimized-450x325.jpeg 450w, https:\/\/radiorevelacionfm.cl\/wp-content\/uploads\/2024\/12\/mosaico-puerto-guadal-1-1_optimized-600x434.jpeg 600w\" sizes=\"(max-width: 830px) 100vw, 830px\" \/><\/div><\/div><\/div><\/div><div class=\"flex_column av_one_full  flex_column_div av-zero-column-padding first  avia-builder-el-2  el_after_av_one_full  el_before_av_one_full  column-top-margin\" style='border-radius:0px; '><section class=\"av_textblock_section \"  itemscope=\"itemscope\" itemtype=\"https:\/\/schema.org\/BlogPosting\" itemprop=\"blogPost\" ><div class='avia_textblock  '   itemprop=\"text\" ><p style=\"text-align: center;\"><strong><span style=\"font-size: 18pt;\">Culturas Ays\u00e9n y Prodemu imparten talleres para mujeres de 7 comunas de la regi\u00f3n<\/span><\/strong><\/p>\n<div id=\"gtx-trans\" style=\"position: absolute; left: -50px; top: 4.31534px;\">\n<div class=\"gtx-trans-icon\"><\/div>\n<\/div>\n<\/div><\/section><\/div><div class=\"flex_column av_one_full  flex_column_div av-zero-column-padding first  avia-builder-el-4  el_after_av_one_full  el_before_av_hr  column-top-margin\" style='border-radius:0px; '><section class=\"av_textblock_section \"  itemscope=\"itemscope\" itemtype=\"https:\/\/schema.org\/BlogPosting\" itemprop=\"blogPost\" ><div class='avia_textblock  '   itemprop=\"text\" ><p style=\"text-align: justify;\">\u201cExpresarte\u201d se llama la iniciativa desarrollada durante el \u00faltimo trimestre de este a\u00f1o en Coyhaique, Puerto Ays\u00e9n, Cisnes, R\u00edo Ib\u00e1\u00f1ez, Cochrane y Tortel, a trav\u00e9s de la Iniciativa Estrat\u00e9gica Regional de la Secretar\u00eda Regional Ministerial de las Culturas, las Artes y el Patrimonio Ays\u00e9n, en convenio con Prodemu.<\/p>\n<p style=\"text-align: justify;\">Telar contempor\u00e1neo, cer\u00e1mica, artes esc\u00e9nicas y musicales, mosaico y muralismo, linograbado, danza tribal, expresi\u00f3n musical, grabado, danza contempor\u00e1nea y moderna, fueron las disciplinas impartidas.<\/p>\n<p style=\"text-align: justify;\">Para el seremi de Culturas Ays\u00e9n, Felipe Quiroz, \u00abse trata de un trabajo mancomunado entre Prodemu y esta Seremi. Desde el Gobierno, sabemos que mujeres de gran parte del territorio se ven beneficiadas con el aprendizaje de distintas t\u00e9cnicas y disciplinas, conocimientos que quedan instalados en las localidades y que aportan a la creaci\u00f3n y al sostenimiento de la identidad territorial\u201d.<\/p>\n<p style=\"text-align: justify;\">La directora regional de Prodemu en Ays\u00e9n, Ingrid Osorio, dijo que \u201ceste a\u00f1o 2024 la articulaci\u00f3n con la Seremi de las Culturas, las Artes y el Patrimonio nos permiti\u00f3 poder complementar y enriquecer nuestra oferta program\u00e1tica que ejecutamos en las cuatro provincias y en diversas comunas, permiti\u00e9ndonos acercar de esta manera a los grupos de mujeres experiencias art\u00edsticas que fueron muy significativas y valoradas por los equipos de Prodemu y por las mujeres; importante destacar que los facilitadores de estos talleres fueron en su mayor\u00eda agentes culturales de los diversos territorios que permiti\u00f3 vincularnos de manera exitosa\u201d.<\/p>\n<p style=\"text-align: justify;\">El payador Jorge Contreras, el cantor del viento, estuvo a cargo de los Talleres de Expresi\u00f3n Musical: \u201cMe toc\u00f3 impartir talleres de rima y poes\u00eda a adultas mayores y mujeres de todas las edades; estuvimos ense\u00f1\u00e1ndoles la rima, la palabra y el canto como forma de expresi\u00f3n; tambi\u00e9n estuvimos trabajando con ni\u00f1os y ni\u00f1as del Liceo Luis Rabanal Palma. Fue una bonita experiencia porque no se trata solo de cantar, se trata de utilizar algo muy importante que tenemos todos, que manejamos, que son las palabras, las palabras y la expresi\u00f3n\u201d.<\/p>\n<\/div><\/section><\/div><div  style='height:50px' class='hr hr-invisible   avia-builder-el-6  el_after_av_one_full  el_before_av_social_share '><span class='hr-inner ' ><span class='hr-inner-style'><\/span><\/span><\/div><\/p>\n<div  class='av-social-sharing-box  avia-builder-el-7  el_after_av_hr  el_before_av_hr  '><div class='av-share-box'><h5 class='av-share-link-description av-no-toc '>Compartir esta noticia<\/h5><ul class='av-share-box-list noLightbox'><li class='av-share-link av-social-link-facebook' ><a target=\"_blank\" aria-label=\"Compartir en Facebook\" href='https:\/\/www.facebook.com\/sharer.php?u=https:\/\/radiorevelacionfm.cl\/?p=49047&#038;t=Culturas%20Ays%C3%A9n%20y%20Prodemu%20imparten%20talleres%20para%20mujeres%20de%207%20comunas%20de%20la%20regi%C3%B3n' aria-hidden='false' data-av_icon='\ue8f3' data-av_iconfont='entypo-fontello' title='' data-avia-related-tooltip='Compartir en Facebook' rel=\"noopener\"><span class='avia_hidden_link_text'>Compartir en Facebook<\/span><\/a><\/li><li class='av-share-link av-social-link-twitter' ><a target=\"_blank\" aria-label=\"Compartir en Twitter\" href='https:\/\/twitter.com\/share?text=Culturas%20Ays%C3%A9n%20y%20Prodemu%20imparten%20talleres%20para%20mujeres%20de%207%20comunas%20de%20la%20regi%C3%B3n&#038;url=https:\/\/radiorevelacionfm.cl\/?p=49047' aria-hidden='false' data-av_icon='\ue8f1' data-av_iconfont='entypo-fontello' title='' data-avia-related-tooltip='Compartir en Twitter' rel=\"noopener\"><span class='avia_hidden_link_text'>Compartir en Twitter<\/span><\/a><\/li><li class='av-share-link av-social-link-whatsapp' ><a target=\"_blank\" aria-label=\"Compartir en Whatsapp\" href='https:\/\/api.whatsapp.com\/send?text=https:\/\/radiorevelacionfm.cl\/?p=49047' aria-hidden='false' data-av_icon='\uf232' data-av_iconfont='entypo-fontello' title='' data-avia-related-tooltip='Compartir en Whatsapp' rel=\"noopener\"><span class='avia_hidden_link_text'>Compartir en Whatsapp<\/span><\/a><\/li><li class='av-share-link av-social-link-linkedin' ><a target=\"_blank\" aria-label=\"Compartir en LinkedIn\" href='https:\/\/linkedin.com\/shareArticle?mini=true&#038;title=Culturas%20Ays%C3%A9n%20y%20Prodemu%20imparten%20talleres%20para%20mujeres%20de%207%20comunas%20de%20la%20regi%C3%B3n&#038;url=https:\/\/radiorevelacionfm.cl\/?p=49047' aria-hidden='false' data-av_icon='\ue8fc' data-av_iconfont='entypo-fontello' title='' data-avia-related-tooltip='Compartir en LinkedIn' rel=\"noopener\"><span class='avia_hidden_link_text'>Compartir en LinkedIn<\/span><\/a><\/li><li class='av-share-link av-social-link-mail' ><a  aria-label=\"Compartir por correo\" href='mailto:?subject=Culturas%20Ays%C3%A9n%20y%20Prodemu%20imparten%20talleres%20para%20mujeres%20de%207%20comunas%20de%20la%20regi%C3%B3n&#038;body=https:\/\/radiorevelacionfm.cl\/?p=49047' aria-hidden='false' data-av_icon='\ue805' data-av_iconfont='entypo-fontello' title='' data-avia-related-tooltip='Compartir por correo'><span class='avia_hidden_link_text'>Compartir por correo<\/span><\/a><\/li><\/ul><\/div><\/div>\n<div  style='height:50px' class='hr hr-invisible   avia-builder-el-8  el_after_av_social_share  el_before_av_comments_list '><span class='hr-inner ' ><span class='hr-inner-style'><\/span><\/span><\/div>\n<div  class='av-buildercomment  av-blog-meta-html-info-disabled av-blog-meta-tag-disabled  '><\/div>\n","protected":false},"excerpt":{"rendered":"","protected":false},"author":1,"featured_media":49048,"comment_status":"open","ping_status":"open","sticky":false,"template":"","format":"standard","meta":{"footnotes":""},"categories":[52],"tags":[],"class_list":["post-49047","post","type-post","status-publish","format-standard","has-post-thumbnail","hentry","category-cultura"],"jetpack_featured_media_url":"https:\/\/radiorevelacionfm.cl\/wp-content\/uploads\/2024\/12\/mosaico-puerto-guadal-1-1_optimized.jpeg","_links":{"self":[{"href":"https:\/\/radiorevelacionfm.cl\/index.php?rest_route=\/wp\/v2\/posts\/49047","targetHints":{"allow":["GET"]}}],"collection":[{"href":"https:\/\/radiorevelacionfm.cl\/index.php?rest_route=\/wp\/v2\/posts"}],"about":[{"href":"https:\/\/radiorevelacionfm.cl\/index.php?rest_route=\/wp\/v2\/types\/post"}],"author":[{"embeddable":true,"href":"https:\/\/radiorevelacionfm.cl\/index.php?rest_route=\/wp\/v2\/users\/1"}],"replies":[{"embeddable":true,"href":"https:\/\/radiorevelacionfm.cl\/index.php?rest_route=%2Fwp%2Fv2%2Fcomments&post=49047"}],"version-history":[{"count":1,"href":"https:\/\/radiorevelacionfm.cl\/index.php?rest_route=\/wp\/v2\/posts\/49047\/revisions"}],"predecessor-version":[{"id":49049,"href":"https:\/\/radiorevelacionfm.cl\/index.php?rest_route=\/wp\/v2\/posts\/49047\/revisions\/49049"}],"wp:featuredmedia":[{"embeddable":true,"href":"https:\/\/radiorevelacionfm.cl\/index.php?rest_route=\/wp\/v2\/media\/49048"}],"wp:attachment":[{"href":"https:\/\/radiorevelacionfm.cl\/index.php?rest_route=%2Fwp%2Fv2%2Fmedia&parent=49047"}],"wp:term":[{"taxonomy":"category","embeddable":true,"href":"https:\/\/radiorevelacionfm.cl\/index.php?rest_route=%2Fwp%2Fv2%2Fcategories&post=49047"},{"taxonomy":"post_tag","embeddable":true,"href":"https:\/\/radiorevelacionfm.cl\/index.php?rest_route=%2Fwp%2Fv2%2Ftags&post=49047"}],"curies":[{"name":"wp","href":"https:\/\/api.w.org\/{rel}","templated":true}]}}