{"id":49044,"date":"2024-12-19T12:18:05","date_gmt":"2024-12-19T15:18:05","guid":{"rendered":"https:\/\/radiorevelacionfm.cl\/?p=49044"},"modified":"2024-12-19T12:18:05","modified_gmt":"2024-12-19T15:18:05","slug":"instalan-nuevo-punto-de-recoleccion-de-pilas-usadas-en-puerto-rio-tranquilo","status":"publish","type":"post","link":"https:\/\/radiorevelacionfm.cl\/?p=49044","title":{"rendered":"Instalan nuevo punto de recolecci\u00f3n de pilas usadas en Puerto R\u00edo Tranquilo"},"content":{"rendered":"<div class=\"flex_column av_one_full  flex_column_div av-zero-column-padding first  avia-builder-el-0  el_before_av_one_full  avia-builder-el-first  \" style='border-radius:0px; '><div  class='avia-image-container  av-styling-    avia-builder-el-1  avia-builder-el-no-sibling  avia-align-center '  itemprop=\"image\" itemscope=\"itemscope\" itemtype=\"https:\/\/schema.org\/ImageObject\"  ><div class='avia-image-container-inner'><div class='avia-image-overlay-wrap'><img decoding=\"async\" class='wp-image-49045 avia-img-lazy-loading-not-49045 avia_image' src=\"https:\/\/radiorevelacionfm.cl\/wp-content\/uploads\/2024\/12\/pilas-tranquilo1-1_optimized.jpeg\" alt='' title='pilas-tranquilo1-(1)_optimized' height=\"600\" width=\"800\"  itemprop=\"thumbnailUrl\" srcset=\"https:\/\/radiorevelacionfm.cl\/wp-content\/uploads\/2024\/12\/pilas-tranquilo1-1_optimized.jpeg 800w, https:\/\/radiorevelacionfm.cl\/wp-content\/uploads\/2024\/12\/pilas-tranquilo1-1_optimized-300x225.jpeg 300w, https:\/\/radiorevelacionfm.cl\/wp-content\/uploads\/2024\/12\/pilas-tranquilo1-1_optimized-768x576.jpeg 768w, https:\/\/radiorevelacionfm.cl\/wp-content\/uploads\/2024\/12\/pilas-tranquilo1-1_optimized-705x529.jpeg 705w, https:\/\/radiorevelacionfm.cl\/wp-content\/uploads\/2024\/12\/pilas-tranquilo1-1_optimized-450x338.jpeg 450w, https:\/\/radiorevelacionfm.cl\/wp-content\/uploads\/2024\/12\/pilas-tranquilo1-1_optimized-600x450.jpeg 600w\" sizes=\"(max-width: 800px) 100vw, 800px\" \/><\/div><\/div><\/div><\/div><div class=\"flex_column av_one_full  flex_column_div av-zero-column-padding first  avia-builder-el-2  el_after_av_one_full  el_before_av_one_full  column-top-margin\" style='border-radius:0px; '><section class=\"av_textblock_section \"  itemscope=\"itemscope\" itemtype=\"https:\/\/schema.org\/BlogPosting\" itemprop=\"blogPost\" ><div class='avia_textblock  '   itemprop=\"text\" ><p style=\"text-align: center;\"><strong><span style=\"font-size: 18pt;\">Instalan nuevo punto de recolecci\u00f3n de pilas usadas en Puerto R\u00edo Tranquilo<\/span><\/strong><\/p>\n<div id=\"gtx-trans\" style=\"position: absolute; left: -50px; top: 4.31534px;\">\n<div class=\"gtx-trans-icon\"><\/div>\n<\/div>\n<\/div><\/section><\/div><div class=\"flex_column av_one_full  flex_column_div av-zero-column-padding first  avia-builder-el-4  el_after_av_one_full  el_before_av_hr  column-top-margin\" style='border-radius:0px; '><section class=\"av_textblock_section \"  itemscope=\"itemscope\" itemtype=\"https:\/\/schema.org\/BlogPosting\" itemprop=\"blogPost\" ><div class='avia_textblock  '   itemprop=\"text\" ><p style=\"text-align: justify;\"><em>El objetivo es incentivar y fortalecer el almacenaje de estos elementos en la localidad con la campa\u00f1a \u00a1Patagonia ponte las pilas!<\/em><\/p>\n<p style=\"text-align: justify;\">Puerto R\u00edo Tranquilo se suma a la campa\u00f1a \u00a1Patagonia ponte las pilas! De Edelaysen, gracias a la alianza formada entre la el\u00e9ctrica y la Delegaci\u00f3n Municipal, quienes han habilitado un punto de recolecci\u00f3n de pilas usadas en el punto limpio con el que cuentan. A trav\u00e9s de este trabajo conjunto no solo se busca reducir el impacto ambiental de estos elementos contaminantes, sino tambi\u00e9n continuar fomentando la cultura del reciclaje que los caracteriza.<\/p>\n<p style=\"text-align: justify;\">Yasna Vera, ejecutiva de Edelaysen indic\u00f3 que: \u201cCada pila que se recolecta, que se almacena, es un paso m\u00e1s hacia un manejo responsable de este tipo de residuos que son tremendamente nocivos para el medio ambiente. Por ello, invitamos a los vecinos y turistas a ser parte de esta acci\u00f3n que busca preservar la belleza y pureza de nuestra Patagonia\u201d.<\/p>\n<p style=\"text-align: justify;\">En tanto Puerto R\u00edo Tranquilo, a trav\u00e9s del departamento de medio ambiente de la Municipalidad de R\u00edo Ib\u00e1\u00f1ez, ha implementado un sistema ejemplar para la recolecci\u00f3n de distintos tipos de residuos, promoviendo pr\u00e1cticas de reciclaje tanto entre la comunidad local como entre los turistas que visitan la zona.<\/p>\n<p style=\"text-align: justify;\">Pedro Soto, delegado municipal de Puerto R\u00edo Tranquillo coment\u00f3 que: \u201cNosotros como Municipalidad de R\u00edo Ib\u00e1\u00f1ez y Delegaci\u00f3n Municipal de R\u00edo Tranquilo, vamos a disponer de un punto que es ac\u00e1 en la delegaci\u00f3n, particularmente para que los vecinos se puedan acercar y traer sus pilas. Culturalmente en estas zonas m\u00e1s apartadas, se utilizan y muchas veces no se sabe de que manera poder depositarlas en un lugar seguro as\u00ed que vamos a disponer de la Delegaci\u00f3n para eso y tambi\u00e9n en el punto limpio poder disponer de un lugar para los vecinos\u201d.<\/p>\n<p style=\"text-align: justify;\">De esta manera, desde Edelaysen invitan a toda la comunidad a ser parte de esta iniciativa y a utilizar los distintos puntos habilitados a lo largo de la regi\u00f3n de Ays\u00e9n como lo son sus oficinas, delegaciones de la Seremi de Medio Ambiente y municipios que se han sumado activamente a la campa\u00f1a.<\/p>\n<\/div><\/section><\/div><div  style='height:50px' class='hr hr-invisible   avia-builder-el-6  el_after_av_one_full  el_before_av_social_share '><span class='hr-inner ' ><span class='hr-inner-style'><\/span><\/span><\/div><\/p>\n<div  class='av-social-sharing-box  avia-builder-el-7  el_after_av_hr  el_before_av_hr  '><div class='av-share-box'><h5 class='av-share-link-description av-no-toc '>Compartir esta noticia<\/h5><ul class='av-share-box-list noLightbox'><li class='av-share-link av-social-link-facebook' ><a target=\"_blank\" aria-label=\"Compartir en Facebook\" href='https:\/\/www.facebook.com\/sharer.php?u=https:\/\/radiorevelacionfm.cl\/?p=49044&#038;t=Instalan%20nuevo%20punto%20de%20recolecci%C3%B3n%20de%20pilas%20usadas%20en%20Puerto%20R%C3%ADo%20Tranquilo' aria-hidden='false' data-av_icon='\ue8f3' data-av_iconfont='entypo-fontello' title='' data-avia-related-tooltip='Compartir en Facebook' rel=\"noopener\"><span class='avia_hidden_link_text'>Compartir en Facebook<\/span><\/a><\/li><li class='av-share-link av-social-link-twitter' ><a target=\"_blank\" aria-label=\"Compartir en Twitter\" href='https:\/\/twitter.com\/share?text=Instalan%20nuevo%20punto%20de%20recolecci%C3%B3n%20de%20pilas%20usadas%20en%20Puerto%20R%C3%ADo%20Tranquilo&#038;url=https:\/\/radiorevelacionfm.cl\/?p=49044' aria-hidden='false' data-av_icon='\ue8f1' data-av_iconfont='entypo-fontello' title='' data-avia-related-tooltip='Compartir en Twitter' rel=\"noopener\"><span class='avia_hidden_link_text'>Compartir en Twitter<\/span><\/a><\/li><li class='av-share-link av-social-link-whatsapp' ><a target=\"_blank\" aria-label=\"Compartir en Whatsapp\" href='https:\/\/api.whatsapp.com\/send?text=https:\/\/radiorevelacionfm.cl\/?p=49044' aria-hidden='false' data-av_icon='\uf232' data-av_iconfont='entypo-fontello' title='' data-avia-related-tooltip='Compartir en Whatsapp' rel=\"noopener\"><span class='avia_hidden_link_text'>Compartir en Whatsapp<\/span><\/a><\/li><li class='av-share-link av-social-link-linkedin' ><a target=\"_blank\" aria-label=\"Compartir en LinkedIn\" href='https:\/\/linkedin.com\/shareArticle?mini=true&#038;title=Instalan%20nuevo%20punto%20de%20recolecci%C3%B3n%20de%20pilas%20usadas%20en%20Puerto%20R%C3%ADo%20Tranquilo&#038;url=https:\/\/radiorevelacionfm.cl\/?p=49044' aria-hidden='false' data-av_icon='\ue8fc' data-av_iconfont='entypo-fontello' title='' data-avia-related-tooltip='Compartir en LinkedIn' rel=\"noopener\"><span class='avia_hidden_link_text'>Compartir en LinkedIn<\/span><\/a><\/li><li class='av-share-link av-social-link-mail' ><a  aria-label=\"Compartir por correo\" href='mailto:?subject=Instalan%20nuevo%20punto%20de%20recolecci%C3%B3n%20de%20pilas%20usadas%20en%20Puerto%20R%C3%ADo%20Tranquilo&#038;body=https:\/\/radiorevelacionfm.cl\/?p=49044' aria-hidden='false' data-av_icon='\ue805' data-av_iconfont='entypo-fontello' title='' data-avia-related-tooltip='Compartir por correo'><span class='avia_hidden_link_text'>Compartir por correo<\/span><\/a><\/li><\/ul><\/div><\/div>\n<div  style='height:50px' class='hr hr-invisible   avia-builder-el-8  el_after_av_social_share  el_before_av_comments_list '><span class='hr-inner ' ><span class='hr-inner-style'><\/span><\/span><\/div>\n<div  class='av-buildercomment  av-blog-meta-html-info-disabled av-blog-meta-tag-disabled  '><\/div>\n","protected":false},"excerpt":{"rendered":"","protected":false},"author":1,"featured_media":49045,"comment_status":"open","ping_status":"open","sticky":false,"template":"","format":"standard","meta":{"footnotes":""},"categories":[38],"tags":[],"class_list":["post-49044","post","type-post","status-publish","format-standard","has-post-thumbnail","hentry","category-regional"],"jetpack_featured_media_url":"https:\/\/radiorevelacionfm.cl\/wp-content\/uploads\/2024\/12\/pilas-tranquilo1-1_optimized.jpeg","_links":{"self":[{"href":"https:\/\/radiorevelacionfm.cl\/index.php?rest_route=\/wp\/v2\/posts\/49044","targetHints":{"allow":["GET"]}}],"collection":[{"href":"https:\/\/radiorevelacionfm.cl\/index.php?rest_route=\/wp\/v2\/posts"}],"about":[{"href":"https:\/\/radiorevelacionfm.cl\/index.php?rest_route=\/wp\/v2\/types\/post"}],"author":[{"embeddable":true,"href":"https:\/\/radiorevelacionfm.cl\/index.php?rest_route=\/wp\/v2\/users\/1"}],"replies":[{"embeddable":true,"href":"https:\/\/radiorevelacionfm.cl\/index.php?rest_route=%2Fwp%2Fv2%2Fcomments&post=49044"}],"version-history":[{"count":1,"href":"https:\/\/radiorevelacionfm.cl\/index.php?rest_route=\/wp\/v2\/posts\/49044\/revisions"}],"predecessor-version":[{"id":49046,"href":"https:\/\/radiorevelacionfm.cl\/index.php?rest_route=\/wp\/v2\/posts\/49044\/revisions\/49046"}],"wp:featuredmedia":[{"embeddable":true,"href":"https:\/\/radiorevelacionfm.cl\/index.php?rest_route=\/wp\/v2\/media\/49045"}],"wp:attachment":[{"href":"https:\/\/radiorevelacionfm.cl\/index.php?rest_route=%2Fwp%2Fv2%2Fmedia&parent=49044"}],"wp:term":[{"taxonomy":"category","embeddable":true,"href":"https:\/\/radiorevelacionfm.cl\/index.php?rest_route=%2Fwp%2Fv2%2Fcategories&post=49044"},{"taxonomy":"post_tag","embeddable":true,"href":"https:\/\/radiorevelacionfm.cl\/index.php?rest_route=%2Fwp%2Fv2%2Ftags&post=49044"}],"curies":[{"name":"wp","href":"https:\/\/api.w.org\/{rel}","templated":true}]}}