{"id":49037,"date":"2024-12-19T11:14:08","date_gmt":"2024-12-19T14:14:08","guid":{"rendered":"https:\/\/radiorevelacionfm.cl\/?p=49037"},"modified":"2024-12-19T11:14:08","modified_gmt":"2024-12-19T14:14:08","slug":"comenzo-proceso-de-matricula-a-jardines-infantiles-de-integra-2025","status":"publish","type":"post","link":"https:\/\/radiorevelacionfm.cl\/?p=49037","title":{"rendered":"Comenz\u00f3 proceso de matr\u00edcula a jardines infantiles de Integra 2025"},"content":{"rendered":"<div class=\"flex_column av_one_full  flex_column_div av-zero-column-padding first  avia-builder-el-0  el_before_av_one_full  avia-builder-el-first  \" style='border-radius:0px; '><div  class='avia-image-container  av-styling-    avia-builder-el-1  avia-builder-el-no-sibling  avia-align-center '  itemprop=\"image\" itemscope=\"itemscope\" itemtype=\"https:\/\/schema.org\/ImageObject\"  ><div class='avia-image-container-inner'><div class='avia-image-overlay-wrap'><img decoding=\"async\" class='wp-image-49038 avia-img-lazy-loading-not-49038 avia_image' src=\"https:\/\/radiorevelacionfm.cl\/wp-content\/uploads\/2024\/12\/img_1829-2-1_optimized.jpg\" alt='' title='img_1829-(2)-(1)_optimized' height=\"600\" width=\"902\"  itemprop=\"thumbnailUrl\" srcset=\"https:\/\/radiorevelacionfm.cl\/wp-content\/uploads\/2024\/12\/img_1829-2-1_optimized.jpg 902w, https:\/\/radiorevelacionfm.cl\/wp-content\/uploads\/2024\/12\/img_1829-2-1_optimized-300x200.jpg 300w, https:\/\/radiorevelacionfm.cl\/wp-content\/uploads\/2024\/12\/img_1829-2-1_optimized-768x511.jpg 768w, https:\/\/radiorevelacionfm.cl\/wp-content\/uploads\/2024\/12\/img_1829-2-1_optimized-705x469.jpg 705w, https:\/\/radiorevelacionfm.cl\/wp-content\/uploads\/2024\/12\/img_1829-2-1_optimized-450x299.jpg 450w, https:\/\/radiorevelacionfm.cl\/wp-content\/uploads\/2024\/12\/img_1829-2-1_optimized-600x399.jpg 600w\" sizes=\"(max-width: 902px) 100vw, 902px\" \/><\/div><\/div><\/div><\/div><div class=\"flex_column av_one_full  flex_column_div av-zero-column-padding first  avia-builder-el-2  el_after_av_one_full  el_before_av_one_full  column-top-margin\" style='border-radius:0px; '><section class=\"av_textblock_section \"  itemscope=\"itemscope\" itemtype=\"https:\/\/schema.org\/BlogPosting\" itemprop=\"blogPost\" ><div class='avia_textblock  '   itemprop=\"text\" ><p style=\"text-align: center;\"><span style=\"font-size: 18pt;\"><b>Comenz\u00f3 proceso de matr\u00edcula a jardines infantiles de Integra 2025<\/b><\/span><\/p>\n<div id=\"gtx-trans\" style=\"position: absolute; left: -50px; top: 4.31534px;\">\n<div class=\"gtx-trans-icon\"><\/div>\n<\/div>\n<\/div><\/section><\/div><div class=\"flex_column av_one_full  flex_column_div av-zero-column-padding first  avia-builder-el-4  el_after_av_one_full  el_before_av_hr  column-top-margin\" style='border-radius:0px; '><section class=\"av_textblock_section \"  itemscope=\"itemscope\" itemtype=\"https:\/\/schema.org\/BlogPosting\" itemprop=\"blogPost\" ><div class='avia_textblock  '   itemprop=\"text\" ><p style=\"font-weight: 400; text-align: justify;\"><em>Desde el mi\u00e9rcoles 18 de diciembre est\u00e1n disponibles en\u00a0<\/em><a href=\"http:\/\/www.integra.cl\/\" data-saferedirecturl=\"https:\/\/www.google.com\/url?q=http:\/\/www.integra.cl&amp;source=gmail&amp;ust=1734699250210000&amp;usg=AOvVaw2B7SqkJW-NexzECzQGSTm2\"><em>www.integra.cl<\/em><\/a><em>\u00a0los resultados del proceso de postulaci\u00f3n. Luego, el equipo educativo coordinar\u00e1 entrevistas con las familias para iniciar el 23 de diciembre el proceso de matr\u00edcula.<\/em><\/p>\n<p style=\"font-weight: 400; text-align: justify;\">Fundaci\u00f3n Integra inform\u00f3 que ya est\u00e1n disponibles los resultados del proceso de postulaci\u00f3n a las salas cuna y jardines infantiles que la instituci\u00f3n posee, a lo largo del pa\u00eds, con miras al a\u00f1o parvulario 2025.<\/p>\n<p style=\"font-weight: 400; text-align: justify;\">Para conocer los resultados, las familias deber\u00e1n ingresar a la plataforma habilitada en el sitio web\u00a0<a href=\"http:\/\/www.integra.cl\/\" data-saferedirecturl=\"https:\/\/www.google.com\/url?q=http:\/\/www.integra.cl&amp;source=gmail&amp;ust=1734699250210000&amp;usg=AOvVaw2B7SqkJW-NexzECzQGSTm2\">www.integra.cl<\/a>\u00a0con los mismos datos de acceso usados durante la postulaci\u00f3n. Adem\u00e1s, en caso de contar con un cupo asignado, tambi\u00e9n se informar\u00e1 por correo electr\u00f3nico.<\/p>\n<p style=\"font-weight: 400; text-align: justify;\">A partir del lunes 23 de diciembre hasta el 14 de enero, los equipos educativos contactar\u00e1n a las y los apoderados para coordinar el d\u00eda y hora en que deber\u00e1n realizar la matr\u00edcula de forma presencial, donde deber\u00e1n presentar la documentaci\u00f3n respectiva.<\/p>\n<p style=\"font-weight: 400; text-align: justify;\">El director ejecutivo de Fundaci\u00f3n Integra, Carlos Gonz\u00e1lez Rivas, indic\u00f3 que \u201ccomo instituci\u00f3n educativa referente en educaci\u00f3n parvularia, valoramos la participaci\u00f3n e inter\u00e9s de las familias para que ni\u00f1as y ni\u00f1os asistan a las salas cuna, jardines infantiles y modalidades no convencionales de Fundaci\u00f3n Integra, espacios amorosos y seguros donde, a trav\u00e9s del juego, aprenden felices, descubren el mundo y reconocen sus emociones con equipos educativos comprometidos en su rol de garantes de derechos de la ni\u00f1ez y agentes de cambio social\u201d.<\/p>\n<p style=\"font-weight: 400; text-align: justify;\">Los documentos que las familias deben presentar, al momento de realizar la matr\u00edcula presencial, son los siguientes:<\/p>\n<ul style=\"text-align: justify;\">\n<li style=\"font-weight: 400;\">Certificado de nacimiento del ni\u00f1o\/a (asignaci\u00f3n familiar)<\/li>\n<li style=\"font-weight: 400;\">Cuaderno de Salud de ni\u00f1os y ni\u00f1as entre 0 y 9 a\u00f1os<\/li>\n<li style=\"font-weight: 400;\">Cartola Hogar o Solicitud de Ingreso al Registro Social de Hogares (RHS)<\/li>\n<li style=\"font-weight: 400;\">Certificado de pertenencia al Subsistema Seguridad y Oportunidades o carta de \u201cCompromiso \u00c9tico Familiar\u201d<\/li>\n<li style=\"font-weight: 400;\">Carta que acredita participaci\u00f3n en el \u201cPrograma Mujeres Trabajadoras Jefas de Hogar\u201d, el cual emite cada municipio<\/li>\n<li style=\"font-weight: 400;\">Para las familias que postularon con un identificador provisorio a trav\u00e9s de la plataforma de Postulaci\u00f3n, cuando se inicie el proceso de matr\u00edcula, el establecimiento gestionar\u00e1 internamente con el Departamento de Cobertura Regional la obtenci\u00f3n de un IPE\/IPA para realizar la ficha de matricula.<\/li>\n<li style=\"font-weight: 400;\">Resoluci\u00f3n asociada a causa de protecci\u00f3n, cuando la ni\u00f1a o ni\u00f1o est\u00e9 en una situaci\u00f3n judicializada o copia de la resoluci\u00f3n judicial que ordena su ingreso o cupo.<\/li>\n<\/ul>\n<p style=\"font-weight: 400; text-align: justify;\">Fundaci\u00f3n Integra, con 34 a\u00f1os de experiencia y m\u00e1s de 1.200 salas cuna y jardines infantiles gratuitos en todo el pa\u00eds, trabaja para que ni\u00f1as y ni\u00f1os alcancen su desarrollo pleno, bienestar integral y aprendizajes significativos, a trav\u00e9s de su protagonismo en espacios educativos amorosos, inclusivos, diversos y de calidad.<\/p>\n<\/div><\/section><\/div><div  style='height:50px' class='hr hr-invisible   avia-builder-el-6  el_after_av_one_full  el_before_av_social_share '><span class='hr-inner ' ><span class='hr-inner-style'><\/span><\/span><\/div><\/p>\n<div  class='av-social-sharing-box  avia-builder-el-7  el_after_av_hr  el_before_av_hr  '><div class='av-share-box'><h5 class='av-share-link-description av-no-toc '>Compartir esta noticia<\/h5><ul class='av-share-box-list noLightbox'><li class='av-share-link av-social-link-facebook' ><a target=\"_blank\" aria-label=\"Compartir en Facebook\" href='https:\/\/www.facebook.com\/sharer.php?u=https:\/\/radiorevelacionfm.cl\/?p=49037&#038;t=Comenz%C3%B3%20proceso%20de%20matr%C3%ADcula%20a%20jardines%20infantiles%20de%20Integra%202025' aria-hidden='false' data-av_icon='\ue8f3' data-av_iconfont='entypo-fontello' title='' data-avia-related-tooltip='Compartir en Facebook' rel=\"noopener\"><span class='avia_hidden_link_text'>Compartir en Facebook<\/span><\/a><\/li><li class='av-share-link av-social-link-twitter' ><a target=\"_blank\" aria-label=\"Compartir en Twitter\" href='https:\/\/twitter.com\/share?text=Comenz%C3%B3%20proceso%20de%20matr%C3%ADcula%20a%20jardines%20infantiles%20de%20Integra%202025&#038;url=https:\/\/radiorevelacionfm.cl\/?p=49037' aria-hidden='false' data-av_icon='\ue8f1' data-av_iconfont='entypo-fontello' title='' data-avia-related-tooltip='Compartir en Twitter' rel=\"noopener\"><span class='avia_hidden_link_text'>Compartir en Twitter<\/span><\/a><\/li><li class='av-share-link av-social-link-whatsapp' ><a target=\"_blank\" aria-label=\"Compartir en Whatsapp\" href='https:\/\/api.whatsapp.com\/send?text=https:\/\/radiorevelacionfm.cl\/?p=49037' aria-hidden='false' data-av_icon='\uf232' data-av_iconfont='entypo-fontello' title='' data-avia-related-tooltip='Compartir en Whatsapp' rel=\"noopener\"><span class='avia_hidden_link_text'>Compartir en Whatsapp<\/span><\/a><\/li><li class='av-share-link av-social-link-linkedin' ><a target=\"_blank\" aria-label=\"Compartir en LinkedIn\" href='https:\/\/linkedin.com\/shareArticle?mini=true&#038;title=Comenz%C3%B3%20proceso%20de%20matr%C3%ADcula%20a%20jardines%20infantiles%20de%20Integra%202025&#038;url=https:\/\/radiorevelacionfm.cl\/?p=49037' aria-hidden='false' data-av_icon='\ue8fc' data-av_iconfont='entypo-fontello' title='' data-avia-related-tooltip='Compartir en LinkedIn' rel=\"noopener\"><span class='avia_hidden_link_text'>Compartir en LinkedIn<\/span><\/a><\/li><li class='av-share-link av-social-link-mail' ><a  aria-label=\"Compartir por correo\" href='mailto:?subject=Comenz%C3%B3%20proceso%20de%20matr%C3%ADcula%20a%20jardines%20infantiles%20de%20Integra%202025&#038;body=https:\/\/radiorevelacionfm.cl\/?p=49037' aria-hidden='false' data-av_icon='\ue805' data-av_iconfont='entypo-fontello' title='' data-avia-related-tooltip='Compartir por correo'><span class='avia_hidden_link_text'>Compartir por correo<\/span><\/a><\/li><\/ul><\/div><\/div>\n<div  style='height:50px' class='hr hr-invisible   avia-builder-el-8  el_after_av_social_share  el_before_av_comments_list '><span class='hr-inner ' ><span class='hr-inner-style'><\/span><\/span><\/div>\n<div  class='av-buildercomment  av-blog-meta-html-info-disabled av-blog-meta-tag-disabled  '><\/div>\n","protected":false},"excerpt":{"rendered":"","protected":false},"author":1,"featured_media":49038,"comment_status":"open","ping_status":"open","sticky":false,"template":"","format":"standard","meta":{"footnotes":""},"categories":[49],"tags":[],"class_list":["post-49037","post","type-post","status-publish","format-standard","has-post-thumbnail","hentry","category-educacion"],"jetpack_featured_media_url":"https:\/\/radiorevelacionfm.cl\/wp-content\/uploads\/2024\/12\/img_1829-2-1_optimized.jpg","_links":{"self":[{"href":"https:\/\/radiorevelacionfm.cl\/index.php?rest_route=\/wp\/v2\/posts\/49037","targetHints":{"allow":["GET"]}}],"collection":[{"href":"https:\/\/radiorevelacionfm.cl\/index.php?rest_route=\/wp\/v2\/posts"}],"about":[{"href":"https:\/\/radiorevelacionfm.cl\/index.php?rest_route=\/wp\/v2\/types\/post"}],"author":[{"embeddable":true,"href":"https:\/\/radiorevelacionfm.cl\/index.php?rest_route=\/wp\/v2\/users\/1"}],"replies":[{"embeddable":true,"href":"https:\/\/radiorevelacionfm.cl\/index.php?rest_route=%2Fwp%2Fv2%2Fcomments&post=49037"}],"version-history":[{"count":1,"href":"https:\/\/radiorevelacionfm.cl\/index.php?rest_route=\/wp\/v2\/posts\/49037\/revisions"}],"predecessor-version":[{"id":49039,"href":"https:\/\/radiorevelacionfm.cl\/index.php?rest_route=\/wp\/v2\/posts\/49037\/revisions\/49039"}],"wp:featuredmedia":[{"embeddable":true,"href":"https:\/\/radiorevelacionfm.cl\/index.php?rest_route=\/wp\/v2\/media\/49038"}],"wp:attachment":[{"href":"https:\/\/radiorevelacionfm.cl\/index.php?rest_route=%2Fwp%2Fv2%2Fmedia&parent=49037"}],"wp:term":[{"taxonomy":"category","embeddable":true,"href":"https:\/\/radiorevelacionfm.cl\/index.php?rest_route=%2Fwp%2Fv2%2Fcategories&post=49037"},{"taxonomy":"post_tag","embeddable":true,"href":"https:\/\/radiorevelacionfm.cl\/index.php?rest_route=%2Fwp%2Fv2%2Ftags&post=49037"}],"curies":[{"name":"wp","href":"https:\/\/api.w.org\/{rel}","templated":true}]}}