{"id":49035,"date":"2024-12-19T14:21:00","date_gmt":"2024-12-19T17:21:00","guid":{"rendered":"https:\/\/radiorevelacionfm.cl\/?p=49035"},"modified":"2024-12-19T14:21:00","modified_gmt":"2024-12-19T17:21:00","slug":"vecinos-solicitan-participacion-ciudadana-por-central-los-maquis-mientras-municipalidad-cuestiona-afirmaciones-de-edelaysen","status":"publish","type":"post","link":"https:\/\/radiorevelacionfm.cl\/?p=49035","title":{"rendered":"Vecinos solicitan participaci\u00f3n ciudadana por central Los Maquis, mientras Municipalidad cuestiona afirmaciones de Edelays\u00e9n"},"content":{"rendered":"<div class=\"flex_column av_one_full  flex_column_div av-zero-column-padding first  avia-builder-el-0  el_before_av_one_full  avia-builder-el-first  \" style='border-radius:0px; '><div  class='avia-image-container  av-styling-    avia-builder-el-1  avia-builder-el-no-sibling  avia-align-center '  itemprop=\"image\" itemscope=\"itemscope\" itemtype=\"https:\/\/schema.org\/ImageObject\"  ><div class='avia-image-container-inner'><div class='avia-image-overlay-wrap'><img decoding=\"async\" class='wp-image-9516 avia-img-lazy-loading-not-9516 avia_image' src=\"https:\/\/radiorevelacionfm.cl\/wp-content\/uploads\/2021\/10\/central-los-maquis-0-1_optimized.jpg\" alt='' title='central-los-maquis-(0)-(1)_optimized' height=\"600\" width=\"751\"  itemprop=\"thumbnailUrl\" srcset=\"https:\/\/radiorevelacionfm.cl\/wp-content\/uploads\/2021\/10\/central-los-maquis-0-1_optimized.jpg 751w, https:\/\/radiorevelacionfm.cl\/wp-content\/uploads\/2021\/10\/central-los-maquis-0-1_optimized-300x240.jpg 300w, https:\/\/radiorevelacionfm.cl\/wp-content\/uploads\/2021\/10\/central-los-maquis-0-1_optimized-705x563.jpg 705w, https:\/\/radiorevelacionfm.cl\/wp-content\/uploads\/2021\/10\/central-los-maquis-0-1_optimized-600x479.jpg 600w\" sizes=\"(max-width: 751px) 100vw, 751px\" \/><\/div><\/div><\/div><\/div><div class=\"flex_column av_one_full  flex_column_div av-zero-column-padding first  avia-builder-el-2  el_after_av_one_full  el_before_av_one_full  column-top-margin\" style='border-radius:0px; '><section class=\"av_textblock_section \"  itemscope=\"itemscope\" itemtype=\"https:\/\/schema.org\/BlogPosting\" itemprop=\"blogPost\" ><div class='avia_textblock  '   itemprop=\"text\" ><p style=\"text-align: center;\"><span style=\"font-size: 18pt;\"><b><span lang=\"ES-TRAD\">Vecinos solicitan participaci\u00f3n ciudadana por central Los Maquis, mientras Municipalidad cuestiona afirmaciones de Edelays\u00e9n<\/span><\/b><\/span><\/p>\n<div id=\"gtx-trans\" style=\"position: absolute; left: -50px; top: 4.31534px;\">\n<div class=\"gtx-trans-icon\"><\/div>\n<\/div>\n<\/div><\/section><\/div><div class=\"flex_column av_one_full  flex_column_div av-zero-column-padding first  avia-builder-el-4  el_after_av_one_full  el_before_av_hr  column-top-margin\" style='border-radius:0px; '><section class=\"av_textblock_section \"  itemscope=\"itemscope\" itemtype=\"https:\/\/schema.org\/BlogPosting\" itemprop=\"blogPost\" ><div class='avia_textblock  '   itemprop=\"text\" ><p style=\"text-align: justify;\"><i><span lang=\"ES-TRAD\">El objetivo de m\u00e1s de 20 personas naturales y dos organizaciones regionales es que la comunidad se pueda involucrar en la evaluaci\u00f3n de un proyecto que el Tribunal Ambiental de Valdivia consign\u00f3 que se construy\u00f3 al margen de la legalidad.\u00a0<\/span><\/i><\/p>\n<p style=\"text-align: justify;\"><i><span lang=\"ES-TRAD\">En paralelo, est\u00e1n recurriendo a distintas instancias para que se analice mediante Estudio de Impacto Ambiental y no simple Declaraci\u00f3n, que fue el m\u00e9todo escogido por la empresa a pesar de los impactos que su iniciativa gener\u00f3.<\/span><\/i><\/p>\n<p class=\"v1MsoNormal\" style=\"text-align: justify;\"><span lang=\"ES-TRAD\">Dos organizaciones regionales junto a m\u00e1s de una veintena de vecinos y vecinas de Puerto Guadal solicitaron participaci\u00f3n ciudadana formal en el marco de la\u00a0<a href=\"https:\/\/seia.sea.gob.cl\/expediente\/expedientesEvaluacion.php?modo=ficha&amp;id_expediente=2163336919\" target=\"_blank\" rel=\"noopener noreferrer\">evaluaci\u00f3n ambiental de la central hidroel\u00e9ctrica Los Maquis<\/a>, de Edelays\u00e9n. La iniciativa, ya totalmente construida, est\u00e1 siendo evaluada mediante Declaraci\u00f3n de Impacto Ambiental (DIA) desde noviembre de este a\u00f1o.\u00a0<\/span><\/p>\n<p class=\"v1MsoNormal\" style=\"text-align: justify;\"><span lang=\"ES-TRAD\">La norma establece que con dos organizaciones o 10 personas naturales que lo soliciten, el Servicio de Evaluaci\u00f3n Ambiental (SEA) debe resolver el inicio de la participaci\u00f3n ciudadana. En el caso de las DIA, instrumento escogido por Edelays\u00e9n y de menor est\u00e1ndar que un Estudio de Impacto Ambiental (EIA), no es obligatorio el involucramiento de la ciudadan\u00eda afectada, siendo necesario solicitarlo expresamente.<\/span><\/p>\n<p class=\"v1MsoNormal\" style=\"text-align: justify;\"><span lang=\"ES-TRAD\">La empresa\u00a0<a href=\"https:\/\/www.ciperchile.cl\/2020\/09\/09\/paciencia-que-vale-oro-el-ingeniero-que-espero-dos-decadas-para-hacer-caja-con-el-agua-de-la-patagonia\/\" target=\"_blank\" rel=\"noopener noreferrer\">comenz\u00f3 a construir la central en 2019<\/a>, ocasi\u00f3n en que desde la comunidad se le plante\u00f3 la necesidad de someterse al Sistema de Evaluaci\u00f3n de Impacto Ambiental (SEIA), lo cual no fue considerado y continu\u00f3 con los trabajos. Ante ello, <a href=\"https:\/\/www.derechoalagua.cl\/2020\/04\/superintendencia-del-medio-ambiente-acoge-a-tramite-denuncia-contra-edelaysen-por-construccion-de-hidroelectrica-los-maquis-sin-evaluacion-ambiental\/\" target=\"_blank\" rel=\"noopener noreferrer\">m\u00e1s de 50 vecinos y vecinas recurrieron en su oportunidad a la Superintendencia del Medio Ambiente (SMA)<\/a>, durante el gobierno de Sebasti\u00e1n Pi\u00f1era, organismo que desestim\u00f3 estos requerimientos.\u00a0<\/span><\/p>\n<p class=\"v1MsoNormal\" style=\"text-align: justify;\"><span lang=\"ES-TRAD\">S\u00f3lo tras\u00a0<a href=\"https:\/\/3ta.cl\/noticias\/tribunal-ambiental-de-valdivia-anulo-archivo-de-denuncia-contra-central-los-maquis-de-chile-chico\/\" target=\"_blank\" rel=\"noopener noreferrer\">recurrir al Tribunal Ambiental de Valdivia en 2020<\/a>, y luego de varios a\u00f1os, se emiti\u00f3 una sentencia que consign\u00f3 que, producto de que para efectos del SEIA la Zona de Inter\u00e9s Tur\u00edstico Chelenko es un \u00e1rea bajo protecci\u00f3n oficial, Los Maquis\u00a0<a href=\"https:\/\/resumen.cl\/articulos\/tribunal-ambiental-de-valdivia-anulo-archivo-de-denuncia-contra-central-los-maquis-de-chile-chico\" target=\"_blank\" rel=\"noopener noreferrer\">debi\u00f3 haberse construido con una resoluci\u00f3n de calificaci\u00f3n ambiental (RCA) favorable<\/a>. Adem\u00e1s, constat\u00f3 que la titular concret\u00f3 <a href=\"https:\/\/www.elciudadano.com\/medio-ambiente\/servicio-de-evaluacion-ambiental-edelaysen-saesa-construyo-un-proyecto-distinto-al-que-presento-a-autoridades-que-puede-afectar-a-la-cascada-los-maquis\/05\/23\/\" target=\"_blank\" rel=\"noopener noreferrer\">un proyecto distinto al que inform\u00f3 al SEA en la consulta de pertinencia<\/a>, y gener\u00f3 efectos permanentes sobre el medio ambiente, adem\u00e1s de destruir y desaparecer la antigua sala de m\u00e1quinas, instalaciones patrimoniales de la comunidad. En el fondo, construy\u00f3 ilegalmente el proyecto.<\/span><\/p>\n<p class=\"v1MsoNormal\" style=\"text-align: justify;\"><span lang=\"ES-TRAD\">La sentencia deriv\u00f3 en que la SMA emiti\u00f3 una\u00a0<a href=\"https:\/\/portal.sma.gob.cl\/index.php\/sma-requiere-a-la-empresa-electrica-de-aisen-el-ingreso-a-evaluacion-ambiental-del-proyecto-hidroelectrica-los-maquis-bajo-apercibimiento-de-sancion\/\" target=\"_blank\" rel=\"noopener noreferrer\">resoluci\u00f3n obligando a la empresa evaluar la iniciativa<\/a>, quedando paralizada la operaci\u00f3n desde esa fecha. Actualmente existe un <a href=\"https:\/\/www.latercera.com\/pulso\/noticia\/sma-formula-cargos-graves-contra-electrica-de-aisen-titular-de-hidroelectrica-los-maquis\/3HN7ONTU2BEQZA7SLSCTLBUJOQ\/+\" target=\"_blank\" rel=\"noopener noreferrer\">procedimiento sancionatorio por impactos ambientales de car\u00e1cter grave<\/a> contra Edelays\u00e9n. Algo que la comunidad espera se materialice, ya que de no haber sanciones y s\u00f3lo exigirse evaluaci\u00f3n ex post a un proyecto materializado ilegalmente, se incentiva a no cumplir la normativa.<\/span><\/p>\n<p class=\"v1MsoNormal\" style=\"text-align: justify;\"><span lang=\"ES-TRAD\">Luego que el proyecto ingresara en noviembre, tras una fallida primera presentaci\u00f3n, se present\u00f3 ante el SEA otro recurso para dar t\u00e9rmino anticipado a la evaluaci\u00f3n, dado que el fallo del Tribunal Ambiental de Valdivia consign\u00f3 que las faltas de Edelays\u00e9n son grav\u00edsimas, motivo para que sea evaluado mediante EIA y no s\u00f3lo DIA.\u00a0 M\u00e1s a\u00fan, en opini\u00f3n de los vecinos actualmente la DIA no cuenta con toda la informaci\u00f3n esencial y relevante que el sistema exige para descartar impactos<\/span><\/p>\n<p class=\"v1MsoNormal\" style=\"text-align: justify;\"><span lang=\"ES-TRAD\">El SEA no consider\u00f3 estos argumentos y tras recibir varias respuestas de servicios elabor\u00f3 un\u00a0<a href=\"https:\/\/validador.sea.gob.cl\/validar\/2163767814\" target=\"_blank\" rel=\"noopener noreferrer\">Informe Consolidado de Solicitud de Aclaraci\u00f3n, Rectificaci\u00f3n y Ampliaci\u00f3n<\/a>\u00a0(ICSARA), permitiendo que la evaluaci\u00f3n siga su curso, al cual el titular debe responder como m\u00e1ximo el 28 de febrero.<\/span><\/p>\n<p class=\"v1MsoNormal\" style=\"text-align: justify;\"><b><span lang=\"ES-TRAD\">Impactos socioambientales<\/span><\/b><\/p>\n<p class=\"v1MsoNormal\" style=\"text-align: justify;\"><span lang=\"ES-TRAD\">En su solicitud de participaci\u00f3n ciudadana, los vecinos plantean la\u00a0<b>afectaci\u00f3n tur\u00edstica<\/b>\u00a0y paisaj\u00edstica producto de que la obra se emplaza en la Zona de Inter\u00e9s Tur\u00edstico Chelenko, \u00ab<i>siendo la cascada de los Maquis una de las principales atracciones tur\u00edsticas y culturales del \u00e1rea<\/i>\u00ab. Agrega que las distintas fases operativas, tanto de construcci\u00f3n como de operaci\u00f3n, afectan gravemente el paisaje y las actividades tur\u00edsticas derivadas, tales como fiestas costumbristas, cabalgatas, excursiones, trekking, observaci\u00f3n de flora y fauna, visitas a los diversos patrimonios culturales y naturales de la zona, venta de artesan\u00edas, ba\u00f1o y disfrute de las cascadas y pozones. \u00ab<i>Asimismo, el da\u00f1o ya ocasionado (y realizado al margen de la normativa ambiental), actualmente notorio para los vecinos de Puerto Guadal, es de car\u00e1cter permanente y no se contabiliza en la Declaraci\u00f3n de Impacto Ambiental. Como consecuencia, se ha producido un quiebre debido al emplazamiento del proyecto, que complica el acceso de las personas a la Cascada Los Maquis y los pozones para actividades de diversa \u00edndole<\/i>\u00bb se explica en el escrito.<\/span><\/p>\n<p class=\"v1MsoNormal\" style=\"text-align: justify;\"><span lang=\"ES-TRAD\">Se agrega la\u00a0<b>afectaci\u00f3n a flora y fauna silvestre<\/b>, ya que \u00ab<i>en la fase de construcci\u00f3n se generar\u00e1 una grave afectaci\u00f3n de la biodiversidad silvestre de la zona, tanto por la alteraci\u00f3n como por la p\u00e9rdida del h\u00e1bitat<\/i>\u00ab; p\u00e9rdida del espacio natural en tanto \u00ab<i>el proyecto se desarrolla dentro y alrededor de la cascada de los Maquis, afectando los r\u00edos, pozones y la cascada en s\u00ed misma. Por otro lado, este afectar\u00e1 los caminos y usos tradicionales del espacio<\/i>\u00ab.\u00a0<\/span><\/p>\n<p class=\"v1MsoNormal\" style=\"text-align: justify;\"><span lang=\"ES-TRAD\">Y, por \u00faltimo, \u00ab<b><i>afectaci\u00f3n cultural y arqueol\u00f3gica<\/i><\/b><i>\u00a0dado que el titular destruy\u00f3, al margen de la legalidad, la antigua casa de m\u00e1quinas de la antigua central hidroel\u00e9ctrica los Maquis, patrimonio cultural de la localidad, conteniendo un gran valor antropol\u00f3gico e hist\u00f3rico. Asimismo, la irrupci\u00f3n de la central hidroel\u00e9ctrica ha producido una dificultad para el ejercicio de actividades culturales que dependen del atractivo tur\u00edstico del lugar, lo que produce una afectaci\u00f3n de los sentimientos de arraigo en ese propio territorio<\/i>\u00ab.<\/span><\/p>\n<p class=\"v1MsoNormal\" style=\"text-align: justify;\"><span lang=\"ES-TRAD\">Todos estos aspectos fueron consignados incluso por los servicios p\u00fablicos que participaron en una primera truncada evaluaci\u00f3n, en que el SEA dio por terminada la evaluaci\u00f3n producto de que el proyecto no conten\u00eda informaci\u00f3n esencial m\u00ednima para ser evaluado.<\/span><\/p>\n<p class=\"v1MsoNormal\" style=\"text-align: justify;\"><span lang=\"ES-TRAD\">No hay plazo formal para que el SEA resuelva sobre la solicitud de participaci\u00f3n ciudadana. En caso de ser aceptada, se iniciar\u00e1 un proceso oficial en el cual podr\u00e1 involucrarse toda la comunidad que se sienta afectada.<\/span><\/p>\n<p class=\"v1MsoNormal\" style=\"text-align: justify;\"><span lang=\"ES-TRAD\">\u00ab<i>Como vecinos de Guadal y del sector Los Maquis nuevamente nos hemos reunido para solicitar participaci\u00f3n ciudadana. Leyendo la declaraci\u00f3n de la empresa nos entraron muchas dudas acerca del proyecto y creemos que hay muchas cosas que ellos no han mencionado en su presentaci\u00f3n, que encontramos un poco pobre<\/i>\u00bb dijo al respecto\u00a0<b>Crist\u00f3bal Weber<\/b>, uno de los vecinos afectados. En este sentido, emplaz\u00f3 al SEA y a la SMA a cumplir con sus funciones normativas, \u00ab<i>ya que creemos que este proyecto no debiera ingresar a trav\u00e9s de DIA sino de un EIA, ya que hay muchas afectaciones de car\u00e1cter permanente que no pueden ser descartadas con una simple declaraci\u00f3n de impacto ambiental.\u00a0 Por ello\u00a0<\/i><\/span><i>vamos a seguir abogando para que ello ocurra<\/i>\u00ab.<\/p>\n<p class=\"v1MsoNormal\" style=\"text-align: justify;\"><b><span lang=\"ES-TRAD\">Sof\u00eda Barrera, abogada de ONG FIMA,\u00a0<\/span><\/b><span lang=\"ES-TRAD\">una de las organizaciones que ha apoyado a la comunidad en este largo proceso, expres\u00f3 que el requerimiento \u00ab<i>permite a los territorios y a las comunidades entregar informaci\u00f3n al proceso de evaluaci\u00f3n ambiental, que muchas veces no contiene la misma declaraci\u00f3n de impacto ambiental. Esto porque el titular no presenta esa informaci\u00f3n de evaluaci\u00f3n o porque el mismo sistema no tiene acceso a la informaci\u00f3n sobre los procesos actuales en los territorios o sobre su vida actual<\/i>\u00ab.<\/span><\/p>\n<p class=\"v1MsoNormal\" style=\"text-align: justify;\"><span lang=\"ES-TRAD\">Estas acciones van en l\u00ednea con los principios del Acuerdo de Escaz\u00fa, suscrito por Chile.<\/span><\/p>\n<p class=\"v1MsoNormal\" style=\"text-align: justify;\"><b><span lang=\"ES-TRAD\">Cuestionamientos de organismos p\u00fablicos<\/span><\/b><\/p>\n<p class=\"v1MsoNormal\" style=\"text-align: justify;\"><span lang=\"ES-TRAD\">Entre las observaciones que hizo la institucionalidad, la Municipalidad de Chile Chico cuestiona la coherencia del proyecto con el desarrollo tur\u00edstico, dado que la empresa se\u00f1ala que<\/span><span lang=\"ES-TRAD\">\u00a0<\/span>la central\u00a0<span lang=\"ES-TRAD\">aportar\u00eda con m\u00e1s energ\u00eda para el rubro. \u00ab<i>Lo anterior no es posible de verificar puesto que, en el cap\u00edtulo de &#8216;Estudio de caudal ambiental&#8217;, el mismo titular reconoce que para el periodo de verano el caudal no ser\u00e1 suficiente para que se genere energ\u00eda (330 l\/s), por lo tanto, no estar\u00eda funcionando y por ende, no ser\u00eda capaz de brindar lo mencionado anteriormente con respecto al turismo y servicios, considerando que la \u00e9poca de verano es donde aumenta este tipo de demanda. La misma observaci\u00f3n se realiza con el objetivo estrat\u00e9gico &#8216;Econ\u00f3mico productivo&#8217;<\/i>\u00bb se\u00f1alan desde la municipalidad.<\/span><\/p>\n<p class=\"v1MsoNormal\" style=\"text-align: justify;\"><span lang=\"ES-TRAD\">Agrega que en t\u00e9rminos de su aporte a disminuir el consumo de petr\u00f3leo para fines energ\u00e9tico, \u00ab<i>se solicita que el titular especifique la veracidad de este &#8216;reemplazo de energ\u00eda&#8217; puesto que, cuando entre en funcionamiento el hospital de Chile Chico la demanda ser\u00e1 significativamente mayor a la actual. Por lo tanto, se estar\u00eda inyectando energ\u00eda que s\u00ed se usar\u00eda y no conllevar\u00eda a un &#8216;reemplazo&#8217; energ\u00e9tico, sino m\u00e1s bien, un suplemento\/complemento energ\u00e9tico<\/i>\u00ab.<\/span><\/p>\n<p class=\"v1MsoNormal\" style=\"text-align: justify;\"><span lang=\"ES-TRAD\">Y, por \u00faltimo, cuestiona que la empresa asegure que se relaciona \u00ab<i>positivamente<\/i>\u00bb con las organizaciones sociales, calificando que esta afirmaci\u00f3n \u00ab<i>resulta confusa, puesto que, en principio la reapertura de la hidroel\u00e9ctrica no conllevar\u00e1 un cambio en las tarifas de los usuarios, tampoco subsidios, y se invita a cambiar en el sistema de calefacci\u00f3n que probablemente genera mayor requerimiento el\u00e9ctrico, lo cual se traducir\u00eda en un aumento de consumo, una mayor demanda con tarifa de invierno (mayor valor) y que conllevar\u00eda a que no sea posible reemplazar el tipo de producci\u00f3n de energ\u00eda (tomando en consideraci\u00f3n lo anteriormente expuesto)<\/i>\u00ab.<\/span><\/p>\n<p class=\"v1MsoNormal\" style=\"text-align: justify;\"><span lang=\"ES-TRAD\">A las observaciones de la Municipalidad de Chile Chico se suman las de Sernatur Ays\u00e9n, los ministerios de Desarrollo Social, Medio Ambiente y Salud, la Corporaci\u00f3n Nacional Forestal, y el Consejo de Monumentos Nacionales.<\/span><\/p>\n<\/div><\/section><\/div><div  style='height:50px' class='hr hr-invisible   avia-builder-el-6  el_after_av_one_full  el_before_av_social_share '><span class='hr-inner ' ><span class='hr-inner-style'><\/span><\/span><\/div><\/p>\n<div  class='av-social-sharing-box  avia-builder-el-7  el_after_av_hr  el_before_av_hr  '><div class='av-share-box'><h5 class='av-share-link-description av-no-toc '>Compartir esta noticia<\/h5><ul class='av-share-box-list noLightbox'><li class='av-share-link av-social-link-facebook' ><a target=\"_blank\" aria-label=\"Compartir en Facebook\" href='https:\/\/www.facebook.com\/sharer.php?u=https:\/\/radiorevelacionfm.cl\/?p=49035&#038;t=Vecinos%20solicitan%20participaci%C3%B3n%20ciudadana%20por%20central%20Los%20Maquis%2C%20mientras%20Municipalidad%20cuestiona%20afirmaciones%20de%20Edelays%C3%A9n' aria-hidden='false' data-av_icon='\ue8f3' data-av_iconfont='entypo-fontello' title='' data-avia-related-tooltip='Compartir en Facebook' rel=\"noopener\"><span class='avia_hidden_link_text'>Compartir en Facebook<\/span><\/a><\/li><li class='av-share-link av-social-link-twitter' ><a target=\"_blank\" aria-label=\"Compartir en Twitter\" href='https:\/\/twitter.com\/share?text=Vecinos%20solicitan%20participaci%C3%B3n%20ciudadana%20por%20central%20Los%20Maquis%2C%20mientras%20Municipalidad%20cuestiona%20afirmaciones%20de%20Edelays%C3%A9n&#038;url=https:\/\/radiorevelacionfm.cl\/?p=49035' aria-hidden='false' data-av_icon='\ue8f1' data-av_iconfont='entypo-fontello' title='' data-avia-related-tooltip='Compartir en Twitter' rel=\"noopener\"><span class='avia_hidden_link_text'>Compartir en Twitter<\/span><\/a><\/li><li class='av-share-link av-social-link-whatsapp' ><a target=\"_blank\" aria-label=\"Compartir en Whatsapp\" href='https:\/\/api.whatsapp.com\/send?text=https:\/\/radiorevelacionfm.cl\/?p=49035' aria-hidden='false' data-av_icon='\uf232' data-av_iconfont='entypo-fontello' title='' data-avia-related-tooltip='Compartir en Whatsapp' rel=\"noopener\"><span class='avia_hidden_link_text'>Compartir en Whatsapp<\/span><\/a><\/li><li class='av-share-link av-social-link-linkedin' ><a target=\"_blank\" aria-label=\"Compartir en LinkedIn\" href='https:\/\/linkedin.com\/shareArticle?mini=true&#038;title=Vecinos%20solicitan%20participaci%C3%B3n%20ciudadana%20por%20central%20Los%20Maquis%2C%20mientras%20Municipalidad%20cuestiona%20afirmaciones%20de%20Edelays%C3%A9n&#038;url=https:\/\/radiorevelacionfm.cl\/?p=49035' aria-hidden='false' data-av_icon='\ue8fc' data-av_iconfont='entypo-fontello' title='' data-avia-related-tooltip='Compartir en LinkedIn' rel=\"noopener\"><span class='avia_hidden_link_text'>Compartir en LinkedIn<\/span><\/a><\/li><li class='av-share-link av-social-link-mail' ><a  aria-label=\"Compartir por correo\" href='mailto:?subject=Vecinos%20solicitan%20participaci%C3%B3n%20ciudadana%20por%20central%20Los%20Maquis%2C%20mientras%20Municipalidad%20cuestiona%20afirmaciones%20de%20Edelays%C3%A9n&#038;body=https:\/\/radiorevelacionfm.cl\/?p=49035' aria-hidden='false' data-av_icon='\ue805' data-av_iconfont='entypo-fontello' title='' data-avia-related-tooltip='Compartir por correo'><span class='avia_hidden_link_text'>Compartir por correo<\/span><\/a><\/li><\/ul><\/div><\/div>\n<div  style='height:50px' class='hr hr-invisible   avia-builder-el-8  el_after_av_social_share  el_before_av_comments_list '><span class='hr-inner ' ><span class='hr-inner-style'><\/span><\/span><\/div>\n<div  class='av-buildercomment  av-blog-meta-html-info-disabled av-blog-meta-tag-disabled  '><\/div>\n","protected":false},"excerpt":{"rendered":"","protected":false},"author":1,"featured_media":9516,"comment_status":"open","ping_status":"open","sticky":false,"template":"","format":"standard","meta":{"footnotes":""},"categories":[38],"tags":[],"class_list":["post-49035","post","type-post","status-publish","format-standard","has-post-thumbnail","hentry","category-regional"],"jetpack_featured_media_url":"https:\/\/radiorevelacionfm.cl\/wp-content\/uploads\/2021\/10\/central-los-maquis-0-1_optimized.jpg","_links":{"self":[{"href":"https:\/\/radiorevelacionfm.cl\/index.php?rest_route=\/wp\/v2\/posts\/49035","targetHints":{"allow":["GET"]}}],"collection":[{"href":"https:\/\/radiorevelacionfm.cl\/index.php?rest_route=\/wp\/v2\/posts"}],"about":[{"href":"https:\/\/radiorevelacionfm.cl\/index.php?rest_route=\/wp\/v2\/types\/post"}],"author":[{"embeddable":true,"href":"https:\/\/radiorevelacionfm.cl\/index.php?rest_route=\/wp\/v2\/users\/1"}],"replies":[{"embeddable":true,"href":"https:\/\/radiorevelacionfm.cl\/index.php?rest_route=%2Fwp%2Fv2%2Fcomments&post=49035"}],"version-history":[{"count":1,"href":"https:\/\/radiorevelacionfm.cl\/index.php?rest_route=\/wp\/v2\/posts\/49035\/revisions"}],"predecessor-version":[{"id":49036,"href":"https:\/\/radiorevelacionfm.cl\/index.php?rest_route=\/wp\/v2\/posts\/49035\/revisions\/49036"}],"wp:featuredmedia":[{"embeddable":true,"href":"https:\/\/radiorevelacionfm.cl\/index.php?rest_route=\/wp\/v2\/media\/9516"}],"wp:attachment":[{"href":"https:\/\/radiorevelacionfm.cl\/index.php?rest_route=%2Fwp%2Fv2%2Fmedia&parent=49035"}],"wp:term":[{"taxonomy":"category","embeddable":true,"href":"https:\/\/radiorevelacionfm.cl\/index.php?rest_route=%2Fwp%2Fv2%2Fcategories&post=49035"},{"taxonomy":"post_tag","embeddable":true,"href":"https:\/\/radiorevelacionfm.cl\/index.php?rest_route=%2Fwp%2Fv2%2Ftags&post=49035"}],"curies":[{"name":"wp","href":"https:\/\/api.w.org\/{rel}","templated":true}]}}