{"id":49033,"date":"2024-12-19T10:12:58","date_gmt":"2024-12-19T13:12:58","guid":{"rendered":"https:\/\/radiorevelacionfm.cl\/?p=49033"},"modified":"2024-12-19T10:12:58","modified_gmt":"2024-12-19T13:12:58","slug":"en-aysen-nuevo-caso-de-denuncia-por-acoso-y-maltrato-laboral-que-termina-en-desvinculacion","status":"publish","type":"post","link":"https:\/\/radiorevelacionfm.cl\/?p=49033","title":{"rendered":"En Ays\u00e9n: nuevo caso de denuncia por acoso y maltrato laboral que termina en desvinculaci\u00f3n"},"content":{"rendered":"<div class=\"flex_column av_one_full  flex_column_div av-zero-column-padding first  avia-builder-el-0  el_before_av_one_full  avia-builder-el-first  \" style='border-radius:0px; '><div  class='avia-image-container  av-styling-    avia-builder-el-1  avia-builder-el-no-sibling  avia-align-center '  itemprop=\"image\" itemscope=\"itemscope\" itemtype=\"https:\/\/schema.org\/ImageObject\"  ><div class='avia-image-container-inner'><div class='avia-image-overlay-wrap'><img decoding=\"async\" class='wp-image-29865 avia-img-lazy-loading-not-29865 avia_image' src=\"https:\/\/radiorevelacionfm.cl\/wp-content\/uploads\/2023\/04\/Tatiana-Pla1.jpg\" alt='' title='Tatiana Pla1' height=\"600\" width=\"836\"  itemprop=\"thumbnailUrl\" srcset=\"https:\/\/radiorevelacionfm.cl\/wp-content\/uploads\/2023\/04\/Tatiana-Pla1.jpg 836w, https:\/\/radiorevelacionfm.cl\/wp-content\/uploads\/2023\/04\/Tatiana-Pla1-300x215.jpg 300w, https:\/\/radiorevelacionfm.cl\/wp-content\/uploads\/2023\/04\/Tatiana-Pla1-768x551.jpg 768w, https:\/\/radiorevelacionfm.cl\/wp-content\/uploads\/2023\/04\/Tatiana-Pla1-705x506.jpg 705w, https:\/\/radiorevelacionfm.cl\/wp-content\/uploads\/2023\/04\/Tatiana-Pla1-450x323.jpg 450w, https:\/\/radiorevelacionfm.cl\/wp-content\/uploads\/2023\/04\/Tatiana-Pla1-600x431.jpg 600w\" sizes=\"(max-width: 836px) 100vw, 836px\" \/><\/div><\/div><\/div><\/div><div class=\"flex_column av_one_full  flex_column_div av-zero-column-padding first  avia-builder-el-2  el_after_av_one_full  el_before_av_one_full  column-top-margin\" style='border-radius:0px; '><section class=\"av_textblock_section \"  itemscope=\"itemscope\" itemtype=\"https:\/\/schema.org\/BlogPosting\" itemprop=\"blogPost\" ><div class='avia_textblock  '   itemprop=\"text\" ><p style=\"text-align: center;\"><span style=\"font-size: 18pt;\"><b>En Ays\u00e9n: nuevo caso de denuncia por acoso y maltrato laboral que termina en desvinculaci\u00f3n<\/b><\/span><\/p>\n<div id=\"gtx-trans\" style=\"position: absolute; left: -50px; top: 4.31534px;\">\n<div class=\"gtx-trans-icon\"><\/div>\n<\/div>\n<\/div><\/section><\/div><div class=\"flex_column av_one_full  flex_column_div av-zero-column-padding first  avia-builder-el-4  el_after_av_one_full  el_before_av_hr  column-top-margin\" style='border-radius:0px; '><section class=\"av_textblock_section \"  itemscope=\"itemscope\" itemtype=\"https:\/\/schema.org\/BlogPosting\" itemprop=\"blogPost\" ><div class='avia_textblock  '   itemprop=\"text\" ><p class=\"v1MsoNormal\" style=\"text-align: justify;\" align=\"center\"><i>La profesional, desvinculada arbitrariamente de la Segegob Ays\u00e9n, ya hizo la denuncia a la Contralor\u00eda General de la Rep\u00fablica y est\u00e1 dispuesta a ser reincorporada, pero con un traslado a otra regi\u00f3n del pa\u00eds.<\/i><b><i><\/i><\/b><\/p>\n<p class=\"v1MsoNormal\" style=\"text-align: justify;\" align=\"center\">Como un caso de \u00abpersecuci\u00f3n pol\u00edtica\u00bb ha calificado la ANEF Ays\u00e9n la desvinculaci\u00f3n de la periodista socialista Paulina Schwaner, encargada de comunicaciones de la Segegob Ays\u00e9n, luego de haber denunciado por acoso y maltrato laboral, en julio pasado, a la entonces seremi de Gobierno, la tambi\u00e9n socialista Tatiana Pl\u00e1, quien fue removida de su cargo el 2 de agosto del presente a\u00f1o.<\/p>\n<p class=\"v1MsoNormal\" style=\"text-align: justify;\" align=\"justify\">\u00abCreemos que lo que est\u00e1 sucediendo con la funcionaria Paulina Schwaner es un hecho fehaciente de persecuci\u00f3n pol\u00edtica, debido a que esta desvinculaci\u00f3n se da en un contexto totalmente arbitrario e irregular, durante un sumario administrativo en curso en contra de la exseremi Tatiana Pl\u00e1, y luego de que la periodista haya denunciado acoso y maltrato laboral en julio pasado, es decir, se ejerce un castigo y una represalia pol\u00edtica en su contra por haber denunciado a una autoridad de su mismo partido pol\u00edtico\u00bb asever\u00f3 Yessica Almonacid, presidenta de la Anef Ays\u00e9n.<\/p>\n<p class=\"v1MsoNormal\" style=\"text-align: justify;\" align=\"justify\">\u00abUna de las razones que se esgrimieron para no prorrogar la contrata de Paulina Schwaner fue que ella era una profesional de confianza de la autoridad renunciada (Tatiana Pl\u00e1) y que al no estar m\u00e1s Pl\u00e1, el Ministerio Secretar\u00eda General de Gobierno pierde la confianza en la funcionaria. Ese es un argumento totalmente falaz porque sabemos que, incluso en la actualidad, hay muchos funcionarios\/as de gobierno que han sido contratados\/as en otras administraciones y que no han sido desvinculados por una p\u00e9rdida de confianza. Adem\u00e1s, dentro del MSGG, hay otros cargos que tambi\u00e9n son de \u00abconfianza de la autoridad renunciada\u00bb, afirm\u00f3 Yessica Almonacid.<\/p>\n<p class=\"v1MsoNormal\" style=\"text-align: justify;\" align=\"justify\">La Anef se\u00f1al\u00f3 que el Ministerio Secretar\u00eda General de Gobierno (MSGG), a nivel nacional, desvincul\u00f3 solo a dos funcionarias, ambas mujeres y ambas denunciantes de maltrato y acoso laboral. \u00abLa se\u00f1al que est\u00e1 entregando el MSGG es que no protege a las y los funcionarios que denuncian por acoso, hostigamiento o maltrato laboral, vulnerando sus derechos y garant\u00edas de indemnidad, se\u00f1al que no va en consonancia con la Ley Karin, promulgada por el presidente Gabriel Boric, y que contraviene incluso la ley 21.592 -de octubre de 2024- que tiene como objetivo proteger a quienes denuncian actos de corrupci\u00f3n, faltas administrativas o disciplinarias, protegi\u00e9ndolos contra represalias\u00bb enfatiz\u00f3 la presidenta de la Anef Ays\u00e9n.<\/p>\n<p class=\"v1MsoNormal\" style=\"text-align: justify;\" align=\"justify\"><b><u>Antecedentes del caso<\/u><\/b><b><u><\/u><\/b><\/p>\n<p class=\"v1MsoNormal\" style=\"text-align: justify;\" align=\"justify\">La periodista socialista Paulina Schwaner lleg\u00f3 el 1 de octubre de 2023 a hacerse cargo de las comunicaciones en la Segegob Ays\u00e9n. Por alrededor de cuatro meses, la relaci\u00f3n con la renunciada seremi, Tatiana Pl\u00e1, fue buena, logrando incluso buenas apariciones en prensa y en redes sociales. Posteriormente, y ya bastante inc\u00f3moda por el clima laboral hostil y hostigador -aunque pudiendo conversarlo previamente con la misma Tatiana Pl\u00e1 y, despu\u00e9s, en las instancias pol\u00edticas y partidarias del PS, sin \u00e9xito y sin un cambio de actitud de parte de Pl\u00e1- la periodista Paulina Schwaner activ\u00f3 el protocolo MALS del Ministerio Secretar\u00eda General de Gobierno, denunciando a la entonces seremi Tatiana Pl\u00e1, por acoso y maltrato laboral, el 8 de julio de 2024.<\/p>\n<p class=\"v1MsoNormal\" style=\"text-align: justify;\" align=\"justify\">D\u00edas antes, el 3 de julio de 2024, Paulina recurri\u00f3 a la Mutual de Seguridad de Coyhaique, donde la atendi\u00f3 el doctor Jorge Videla, quien le diagnostica un trastorno de adaptaci\u00f3n -es decir un estr\u00e9s sostenido en el tiempo- le da medicaci\u00f3n y la deriva a psicoterapia con psiquiatra y psic\u00f3logo. Semanas despu\u00e9s, la Mutual de Seguridad resuelve, el 22 de julio de 2024, que la \u00a0enfermedad de Paulina es una enfermedad laboral y que su jefatura, Tatiana Pl\u00e1, era una jefatura disfuncional y hostil. Paulina estuvo con licencia m\u00e9dica psiqui\u00e1trica, emitida por la Mutual de Seguridad, desde el 3 de julio al 12 de agosto de 2024 y se reintegr\u00f3 a sus funciones laborales una vez finalizada la licencia.<\/p>\n<p class=\"v1MsoNormal\" style=\"text-align: justify;\" align=\"justify\">Luego de la denuncia por acoso y maltrato laboral en contra de la entonces seremi de Gobierno, realizada por dos funcionarios de la Segegob Ays\u00e9n -Paulina Schwaner y otro funcionario de confianza de Tatiana Pl\u00e1- se activ\u00f3 el protocolo MALS del Ministerio Secretar\u00eda General de Gobierno, y se design\u00f3 a una fiscal del MSGG, quien comenz\u00f3 una investigaci\u00f3n sumaria, que despu\u00e9s cambi\u00f3 a sumario administrativo. Luego de escuchar los testimonios de los denunciantes, la fiscal tom\u00f3 declaraciones a todas y todos los funcionarios de la Segegob Ays\u00e9n quienes, en un 80%, respaldaron la denuncia de sus colegas, afirmando que, efectivamente, Tatiana Pl\u00e1 presentaba conductas hostigadoras y maltratadoras hacia ellas y ellos. Debido a todos estos antecedentes, el 2 de agosto de 2024 -desde el nivel central- a Tatiana Pl\u00e1 le piden la renuncia al cargo de seremi de Gobierno de Ays\u00e9n. Actualmente, el sumario administrativo en contra de Tatiana Pl\u00e1 a\u00fan est\u00e1 en curso y se presume que podr\u00eda haber una sanci\u00f3n resolutoria en su contra a fines de diciembre de 2024.<\/p>\n<\/div><\/section><\/div><div  style='height:50px' class='hr hr-invisible   avia-builder-el-6  el_after_av_one_full  el_before_av_social_share '><span class='hr-inner ' ><span class='hr-inner-style'><\/span><\/span><\/div><\/p>\n<div  class='av-social-sharing-box  avia-builder-el-7  el_after_av_hr  el_before_av_hr  '><div class='av-share-box'><h5 class='av-share-link-description av-no-toc '>Compartir esta noticia<\/h5><ul class='av-share-box-list noLightbox'><li class='av-share-link av-social-link-facebook' ><a target=\"_blank\" aria-label=\"Compartir en Facebook\" href='https:\/\/www.facebook.com\/sharer.php?u=https:\/\/radiorevelacionfm.cl\/?p=49033&#038;t=En%20Ays%C3%A9n%3A%20nuevo%20caso%20de%20denuncia%20por%20acoso%20y%20maltrato%20laboral%20que%20termina%20en%20desvinculaci%C3%B3n' aria-hidden='false' data-av_icon='\ue8f3' data-av_iconfont='entypo-fontello' title='' data-avia-related-tooltip='Compartir en Facebook' rel=\"noopener\"><span class='avia_hidden_link_text'>Compartir en Facebook<\/span><\/a><\/li><li class='av-share-link av-social-link-twitter' ><a target=\"_blank\" aria-label=\"Compartir en Twitter\" href='https:\/\/twitter.com\/share?text=En%20Ays%C3%A9n%3A%20nuevo%20caso%20de%20denuncia%20por%20acoso%20y%20maltrato%20laboral%20que%20termina%20en%20desvinculaci%C3%B3n&#038;url=https:\/\/radiorevelacionfm.cl\/?p=49033' aria-hidden='false' data-av_icon='\ue8f1' data-av_iconfont='entypo-fontello' title='' data-avia-related-tooltip='Compartir en Twitter' rel=\"noopener\"><span class='avia_hidden_link_text'>Compartir en Twitter<\/span><\/a><\/li><li class='av-share-link av-social-link-whatsapp' ><a target=\"_blank\" aria-label=\"Compartir en Whatsapp\" href='https:\/\/api.whatsapp.com\/send?text=https:\/\/radiorevelacionfm.cl\/?p=49033' aria-hidden='false' data-av_icon='\uf232' data-av_iconfont='entypo-fontello' title='' data-avia-related-tooltip='Compartir en Whatsapp' rel=\"noopener\"><span class='avia_hidden_link_text'>Compartir en Whatsapp<\/span><\/a><\/li><li class='av-share-link av-social-link-linkedin' ><a target=\"_blank\" aria-label=\"Compartir en LinkedIn\" href='https:\/\/linkedin.com\/shareArticle?mini=true&#038;title=En%20Ays%C3%A9n%3A%20nuevo%20caso%20de%20denuncia%20por%20acoso%20y%20maltrato%20laboral%20que%20termina%20en%20desvinculaci%C3%B3n&#038;url=https:\/\/radiorevelacionfm.cl\/?p=49033' aria-hidden='false' data-av_icon='\ue8fc' data-av_iconfont='entypo-fontello' title='' data-avia-related-tooltip='Compartir en LinkedIn' rel=\"noopener\"><span class='avia_hidden_link_text'>Compartir en LinkedIn<\/span><\/a><\/li><li class='av-share-link av-social-link-mail' ><a  aria-label=\"Compartir por correo\" href='mailto:?subject=En%20Ays%C3%A9n%3A%20nuevo%20caso%20de%20denuncia%20por%20acoso%20y%20maltrato%20laboral%20que%20termina%20en%20desvinculaci%C3%B3n&#038;body=https:\/\/radiorevelacionfm.cl\/?p=49033' aria-hidden='false' data-av_icon='\ue805' data-av_iconfont='entypo-fontello' title='' data-avia-related-tooltip='Compartir por correo'><span class='avia_hidden_link_text'>Compartir por correo<\/span><\/a><\/li><\/ul><\/div><\/div>\n<div  style='height:50px' class='hr hr-invisible   avia-builder-el-8  el_after_av_social_share  el_before_av_comments_list '><span class='hr-inner ' ><span class='hr-inner-style'><\/span><\/span><\/div>\n<div  class='av-buildercomment  av-blog-meta-html-info-disabled av-blog-meta-tag-disabled  '><\/div>\n","protected":false},"excerpt":{"rendered":"","protected":false},"author":1,"featured_media":29865,"comment_status":"open","ping_status":"open","sticky":false,"template":"","format":"standard","meta":{"footnotes":""},"categories":[38],"tags":[],"class_list":["post-49033","post","type-post","status-publish","format-standard","has-post-thumbnail","hentry","category-regional"],"jetpack_featured_media_url":"https:\/\/radiorevelacionfm.cl\/wp-content\/uploads\/2023\/04\/Tatiana-Pla1.jpg","_links":{"self":[{"href":"https:\/\/radiorevelacionfm.cl\/index.php?rest_route=\/wp\/v2\/posts\/49033","targetHints":{"allow":["GET"]}}],"collection":[{"href":"https:\/\/radiorevelacionfm.cl\/index.php?rest_route=\/wp\/v2\/posts"}],"about":[{"href":"https:\/\/radiorevelacionfm.cl\/index.php?rest_route=\/wp\/v2\/types\/post"}],"author":[{"embeddable":true,"href":"https:\/\/radiorevelacionfm.cl\/index.php?rest_route=\/wp\/v2\/users\/1"}],"replies":[{"embeddable":true,"href":"https:\/\/radiorevelacionfm.cl\/index.php?rest_route=%2Fwp%2Fv2%2Fcomments&post=49033"}],"version-history":[{"count":1,"href":"https:\/\/radiorevelacionfm.cl\/index.php?rest_route=\/wp\/v2\/posts\/49033\/revisions"}],"predecessor-version":[{"id":49034,"href":"https:\/\/radiorevelacionfm.cl\/index.php?rest_route=\/wp\/v2\/posts\/49033\/revisions\/49034"}],"wp:featuredmedia":[{"embeddable":true,"href":"https:\/\/radiorevelacionfm.cl\/index.php?rest_route=\/wp\/v2\/media\/29865"}],"wp:attachment":[{"href":"https:\/\/radiorevelacionfm.cl\/index.php?rest_route=%2Fwp%2Fv2%2Fmedia&parent=49033"}],"wp:term":[{"taxonomy":"category","embeddable":true,"href":"https:\/\/radiorevelacionfm.cl\/index.php?rest_route=%2Fwp%2Fv2%2Fcategories&post=49033"},{"taxonomy":"post_tag","embeddable":true,"href":"https:\/\/radiorevelacionfm.cl\/index.php?rest_route=%2Fwp%2Fv2%2Ftags&post=49033"}],"curies":[{"name":"wp","href":"https:\/\/api.w.org\/{rel}","templated":true}]}}