{"id":49028,"date":"2024-12-18T21:06:59","date_gmt":"2024-12-19T00:06:59","guid":{"rendered":"https:\/\/radiorevelacionfm.cl\/?p=49028"},"modified":"2024-12-18T21:17:26","modified_gmt":"2024-12-19T00:17:26","slug":"estudiantes-de-inacap-valoran-experiencia-de-sostenibilidad-en-planta-de-reciclajes-martino","status":"publish","type":"post","link":"https:\/\/radiorevelacionfm.cl\/?p=49028","title":{"rendered":"Estudiantes de Inacap valoran experiencia de sostenibilidad en Planta de Reciclajes Martino"},"content":{"rendered":"<div class=\"flex_column av_one_full  flex_column_div av-zero-column-padding first  avia-builder-el-0  el_before_av_one_full  avia-builder-el-first  \" style='border-radius:0px; '><div  class='avia-image-container  av-styling-    avia-builder-el-1  avia-builder-el-no-sibling  avia-align-center '  itemprop=\"image\" itemscope=\"itemscope\" itemtype=\"https:\/\/schema.org\/ImageObject\"  ><div class='avia-image-container-inner'><div class='avia-image-overlay-wrap'><img decoding=\"async\" class='wp-image-49029 avia-img-lazy-loading-not-49029 avia_image' src=\"https:\/\/radiorevelacionfm.cl\/wp-content\/uploads\/2024\/12\/WhatsApp-Image-2024-12-17-at-16.56.33-1-1.jpeg\" alt='' title='WhatsApp Image 2024-12-17 at 16.56.33 (1) (1)' height=\"600\" width=\"1067\"  itemprop=\"thumbnailUrl\" srcset=\"https:\/\/radiorevelacionfm.cl\/wp-content\/uploads\/2024\/12\/WhatsApp-Image-2024-12-17-at-16.56.33-1-1.jpeg 1067w, https:\/\/radiorevelacionfm.cl\/wp-content\/uploads\/2024\/12\/WhatsApp-Image-2024-12-17-at-16.56.33-1-1-300x169.jpeg 300w, https:\/\/radiorevelacionfm.cl\/wp-content\/uploads\/2024\/12\/WhatsApp-Image-2024-12-17-at-16.56.33-1-1-1030x579.jpeg 1030w, https:\/\/radiorevelacionfm.cl\/wp-content\/uploads\/2024\/12\/WhatsApp-Image-2024-12-17-at-16.56.33-1-1-768x432.jpeg 768w, https:\/\/radiorevelacionfm.cl\/wp-content\/uploads\/2024\/12\/WhatsApp-Image-2024-12-17-at-16.56.33-1-1-705x396.jpeg 705w, https:\/\/radiorevelacionfm.cl\/wp-content\/uploads\/2024\/12\/WhatsApp-Image-2024-12-17-at-16.56.33-1-1-450x253.jpeg 450w, https:\/\/radiorevelacionfm.cl\/wp-content\/uploads\/2024\/12\/WhatsApp-Image-2024-12-17-at-16.56.33-1-1-600x337.jpeg 600w\" sizes=\"(max-width: 1067px) 100vw, 1067px\" \/><\/div><\/div><\/div><\/div>\n<div class=\"flex_column av_one_full  flex_column_div av-zero-column-padding first  avia-builder-el-2  el_after_av_one_full  el_before_av_one_full  column-top-margin\" style='border-radius:0px; '><section class=\"av_textblock_section \"  itemscope=\"itemscope\" itemtype=\"https:\/\/schema.org\/BlogPosting\" itemprop=\"blogPost\" ><div class='avia_textblock  '   itemprop=\"text\" ><p style=\"text-align: center;\"><strong><span style=\"font-size: 18pt;\">Estudiantes de Inacap valoran experiencia de sostenibilidad en Planta de Reciclajes Martino<\/span><\/strong><\/p>\n<div id=\"gtx-trans\" style=\"position: absolute; left: -50px; top: 4.31534px;\">\n<div class=\"gtx-trans-icon\"><\/div>\n<\/div>\n<\/div><\/section><\/div>\n<div class=\"flex_column av_one_full  flex_column_div av-zero-column-padding first  avia-builder-el-4  el_after_av_one_full  el_before_av_hr  column-top-margin\" style='border-radius:0px; '><section class=\"av_textblock_section \"  itemscope=\"itemscope\" itemtype=\"https:\/\/schema.org\/BlogPosting\" itemprop=\"blogPost\" ><div class='avia_textblock  '   itemprop=\"text\" ><p style=\"text-align: justify;\">Los futuros Ingenieros en Administraci\u00f3n de Empresas que egresar\u00e1n de dicha carrera desde la sede INACAP Coyhaique, en la Regi\u00f3n de Ays\u00e9n, participaron de una visita guiada en la Planta de Reciclajes Martino, ubicada en la ruta que une a las localidades de Puerto Chacabuco y Puerto Ays\u00e9n, con funcionamiento desde hace 20 a\u00f1os en la zona, promoviendo el cuidado y protecci\u00f3n del Medio Ambiente, mediante la gesti\u00f3n de residuos s\u00f3lidos inorg\u00e1nicos, domiciliarios e industriales.<\/p>\n<p style=\"text-align: justify;\">Profesores y alumnos destacaron la componente de sostenibilidad, mediante la reutilizaci\u00f3n y reciclaje de residuos s\u00f3lidos como el cart\u00f3n que se transforma en bandejas de huevo, botellas de vidrio que se convierten en vasos o pl\u00e1sticos que se comprimen y moldean para la elaboraci\u00f3n de bolsas de basura, entre otros resultados del proceso de gesti\u00f3n de residuos.<\/p>\n<p style=\"text-align: justify;\">El estudiante de tercer a\u00f1o de Ingenier\u00eda en Administraci\u00f3n de Empresas, Mauricio Pacheco, puso \u00e9nfasis en que \u201cesta experiencia me ofrece, desde el punto de vista profesional futuro, informaci\u00f3n clave para gestionar y solucionar el tratamiento de residuos, independientemente del rubro o empresa en la cual me desempe\u00f1e. Adem\u00e1s, es importante destacar el aporte de empresas como \u00e9sta en la Patagonia virgen, porque generan un positivo impacto que se ver\u00e1 reflejado a largo plazo en la preservaci\u00f3n de nuestro medio ambiente\u201d, indic\u00f3.<\/p>\n<p style=\"text-align: justify;\">Durante el recorrido por la planta de reciclaje, la delegaci\u00f3n estudiantil de ense\u00f1anza superior, visualiz\u00f3 adem\u00e1s, los resultados obtenidos por talleres de capacitaci\u00f3n en manualidades, impulsados y patrocinados por la empresa de Reciclajes \u00a0Martino, donde se reciclan botellas de vidrio y tambi\u00e9n los cabos de la industria salmonera, convertidos en vasos y cester\u00eda, respectivamente, a manos de artesanas locales y organizaciones sociales de Ays\u00e9n.<\/p>\n<p style=\"text-align: justify;\">El docente de INACAP, Jonathan Villagr\u00e1n, Encargado del \u00c1rea de Vinculaci\u00f3n con el Medio, valor\u00f3 que estas instancias empresariales \u201cest\u00e9n dando frutos a partir del esfuerzo personal y de emprendimiento por parte de Don Cristian Martino, siendo fundamental que nuestros alumnos y la comunidad en general, conozcan estos procesos de gesti\u00f3n, porque incentivan y generan acciones positivas para nuestra regi\u00f3n, como el reciclaje, la econom\u00eda circular y lo m\u00e1s importante, la sostenibilidad que deber\u00e1n aplicar en conciencia los futuros profesionales que egresen de nuestra casa de estudios\u201d, subray\u00f3.<\/p>\n<p style=\"text-align: justify;\">Por su parte, Cristian Martino, due\u00f1o e impulsor del proyecto de Reciclajes en Ays\u00e9n, destac\u00f3 el v\u00ednculo entre su empresa e INACAP para el desarrollo futuro de diversas acciones vinculadas a la educaci\u00f3n y medio ambiente,\u00a0 \u201chemos desarrollado un trabajo educativo desde hace muchos a\u00f1os, desde la primera infancia con salas cunas, jardines infantiles, colegios y el proyecto Reinventa Ays\u00e9n, a trav\u00e9s de la informaci\u00f3n, recolecci\u00f3n de residuos en puntos limpios y mensajes de conciencia medio ambiental. Es por eso que nos llena de orgullo seguir escalando en esta l\u00ednea con la educaci\u00f3n superior, mediante este v\u00ednculo de colaboraci\u00f3n con INACAP y sus estudiantes, pues son ellos los llamados a provocar los grandes cambios del futuro para un mejor vivir\u201d, finaliz\u00f3.<\/p>\n<\/div><\/section><\/div><div  style='height:50px' class='hr hr-invisible   avia-builder-el-6  el_after_av_one_full  el_before_av_social_share '><span class='hr-inner ' ><span class='hr-inner-style'><\/span><\/span><\/div><\/p>\n<div  class='av-social-sharing-box  avia-builder-el-7  el_after_av_hr  el_before_av_hr  '><div class='av-share-box'><h5 class='av-share-link-description av-no-toc '>Compartir esta noticia<\/h5><ul class='av-share-box-list noLightbox'><li class='av-share-link av-social-link-facebook' ><a target=\"_blank\" aria-label=\"Compartir en Facebook\" href='https:\/\/www.facebook.com\/sharer.php?u=https:\/\/radiorevelacionfm.cl\/?p=49028&#038;t=Estudiantes%20de%20Inacap%20valoran%20experiencia%20de%20sostenibilidad%20en%20Planta%20de%20Reciclajes%20Martino' aria-hidden='false' data-av_icon='\ue8f3' data-av_iconfont='entypo-fontello' title='' data-avia-related-tooltip='Compartir en Facebook' rel=\"noopener\"><span class='avia_hidden_link_text'>Compartir en Facebook<\/span><\/a><\/li><li class='av-share-link av-social-link-twitter' ><a target=\"_blank\" aria-label=\"Compartir en Twitter\" href='https:\/\/twitter.com\/share?text=Estudiantes%20de%20Inacap%20valoran%20experiencia%20de%20sostenibilidad%20en%20Planta%20de%20Reciclajes%20Martino&#038;url=https:\/\/radiorevelacionfm.cl\/?p=49028' aria-hidden='false' data-av_icon='\ue8f1' data-av_iconfont='entypo-fontello' title='' data-avia-related-tooltip='Compartir en Twitter' rel=\"noopener\"><span class='avia_hidden_link_text'>Compartir en Twitter<\/span><\/a><\/li><li class='av-share-link av-social-link-whatsapp' ><a target=\"_blank\" aria-label=\"Compartir en Whatsapp\" href='https:\/\/api.whatsapp.com\/send?text=https:\/\/radiorevelacionfm.cl\/?p=49028' aria-hidden='false' data-av_icon='\uf232' data-av_iconfont='entypo-fontello' title='' data-avia-related-tooltip='Compartir en Whatsapp' rel=\"noopener\"><span class='avia_hidden_link_text'>Compartir en Whatsapp<\/span><\/a><\/li><li class='av-share-link av-social-link-linkedin' ><a target=\"_blank\" aria-label=\"Compartir en LinkedIn\" href='https:\/\/linkedin.com\/shareArticle?mini=true&#038;title=Estudiantes%20de%20Inacap%20valoran%20experiencia%20de%20sostenibilidad%20en%20Planta%20de%20Reciclajes%20Martino&#038;url=https:\/\/radiorevelacionfm.cl\/?p=49028' aria-hidden='false' data-av_icon='\ue8fc' data-av_iconfont='entypo-fontello' title='' data-avia-related-tooltip='Compartir en LinkedIn' rel=\"noopener\"><span class='avia_hidden_link_text'>Compartir en LinkedIn<\/span><\/a><\/li><li class='av-share-link av-social-link-mail' ><a  aria-label=\"Compartir por correo\" href='mailto:?subject=Estudiantes%20de%20Inacap%20valoran%20experiencia%20de%20sostenibilidad%20en%20Planta%20de%20Reciclajes%20Martino&#038;body=https:\/\/radiorevelacionfm.cl\/?p=49028' aria-hidden='false' data-av_icon='\ue805' data-av_iconfont='entypo-fontello' title='' data-avia-related-tooltip='Compartir por correo'><span class='avia_hidden_link_text'>Compartir por correo<\/span><\/a><\/li><\/ul><\/div><\/div>\n<div  style='height:50px' class='hr hr-invisible   avia-builder-el-8  el_after_av_social_share  el_before_av_comments_list '><span class='hr-inner ' ><span class='hr-inner-style'><\/span><\/span><\/div>\n<div  class='av-buildercomment  av-blog-meta-html-info-disabled av-blog-meta-tag-disabled  '><\/div>\n","protected":false},"excerpt":{"rendered":"","protected":false},"author":1,"featured_media":49029,"comment_status":"open","ping_status":"open","sticky":false,"template":"","format":"standard","meta":{"footnotes":""},"categories":[49],"tags":[],"class_list":["post-49028","post","type-post","status-publish","format-standard","has-post-thumbnail","hentry","category-educacion"],"jetpack_featured_media_url":"https:\/\/radiorevelacionfm.cl\/wp-content\/uploads\/2024\/12\/WhatsApp-Image-2024-12-17-at-16.56.33-1-1.jpeg","_links":{"self":[{"href":"https:\/\/radiorevelacionfm.cl\/index.php?rest_route=\/wp\/v2\/posts\/49028","targetHints":{"allow":["GET"]}}],"collection":[{"href":"https:\/\/radiorevelacionfm.cl\/index.php?rest_route=\/wp\/v2\/posts"}],"about":[{"href":"https:\/\/radiorevelacionfm.cl\/index.php?rest_route=\/wp\/v2\/types\/post"}],"author":[{"embeddable":true,"href":"https:\/\/radiorevelacionfm.cl\/index.php?rest_route=\/wp\/v2\/users\/1"}],"replies":[{"embeddable":true,"href":"https:\/\/radiorevelacionfm.cl\/index.php?rest_route=%2Fwp%2Fv2%2Fcomments&post=49028"}],"version-history":[{"count":2,"href":"https:\/\/radiorevelacionfm.cl\/index.php?rest_route=\/wp\/v2\/posts\/49028\/revisions"}],"predecessor-version":[{"id":49031,"href":"https:\/\/radiorevelacionfm.cl\/index.php?rest_route=\/wp\/v2\/posts\/49028\/revisions\/49031"}],"wp:featuredmedia":[{"embeddable":true,"href":"https:\/\/radiorevelacionfm.cl\/index.php?rest_route=\/wp\/v2\/media\/49029"}],"wp:attachment":[{"href":"https:\/\/radiorevelacionfm.cl\/index.php?rest_route=%2Fwp%2Fv2%2Fmedia&parent=49028"}],"wp:term":[{"taxonomy":"category","embeddable":true,"href":"https:\/\/radiorevelacionfm.cl\/index.php?rest_route=%2Fwp%2Fv2%2Fcategories&post=49028"},{"taxonomy":"post_tag","embeddable":true,"href":"https:\/\/radiorevelacionfm.cl\/index.php?rest_route=%2Fwp%2Fv2%2Ftags&post=49028"}],"curies":[{"name":"wp","href":"https:\/\/api.w.org\/{rel}","templated":true}]}}