{"id":49022,"date":"2024-12-20T10:55:48","date_gmt":"2024-12-20T13:55:48","guid":{"rendered":"https:\/\/radiorevelacionfm.cl\/?p=49022"},"modified":"2024-12-20T10:55:48","modified_gmt":"2024-12-20T13:55:48","slug":"sernapesca-aysen-finaliza-con-exito-el-programa-trabajar-con-calidad-de-vida-de-senda","status":"publish","type":"post","link":"https:\/\/radiorevelacionfm.cl\/?p=49022","title":{"rendered":"Sernapesca Ays\u00e9n finaliza con \u00e9xito el programa \u00abTrabajar con Calidad de Vida\u00bb de SENDA"},"content":{"rendered":"<div class=\"flex_column av_one_full  flex_column_div av-zero-column-padding first  avia-builder-el-0  el_before_av_one_full  avia-builder-el-first  \" style='border-radius:0px; '><div  class='avia-image-container  av-styling-    avia-builder-el-1  avia-builder-el-no-sibling  avia-align-center '  itemprop=\"image\" itemscope=\"itemscope\" itemtype=\"https:\/\/schema.org\/ImageObject\"  ><div class='avia-image-container-inner'><div class='avia-image-overlay-wrap'><img decoding=\"async\" class='wp-image-49023 avia-img-lazy-loading-not-49023 avia_image' src=\"https:\/\/radiorevelacionfm.cl\/wp-content\/uploads\/2024\/12\/06-1-1-1.jpeg\" alt='' title='06 (1) (1) (1)' height=\"600\" width=\"900\"  itemprop=\"thumbnailUrl\" srcset=\"https:\/\/radiorevelacionfm.cl\/wp-content\/uploads\/2024\/12\/06-1-1-1.jpeg 900w, https:\/\/radiorevelacionfm.cl\/wp-content\/uploads\/2024\/12\/06-1-1-1-300x200.jpeg 300w, https:\/\/radiorevelacionfm.cl\/wp-content\/uploads\/2024\/12\/06-1-1-1-768x512.jpeg 768w, https:\/\/radiorevelacionfm.cl\/wp-content\/uploads\/2024\/12\/06-1-1-1-705x470.jpeg 705w, https:\/\/radiorevelacionfm.cl\/wp-content\/uploads\/2024\/12\/06-1-1-1-450x300.jpeg 450w, https:\/\/radiorevelacionfm.cl\/wp-content\/uploads\/2024\/12\/06-1-1-1-600x400.jpeg 600w\" sizes=\"(max-width: 900px) 100vw, 900px\" \/><\/div><\/div><\/div><\/div><div class=\"flex_column av_one_full  flex_column_div av-zero-column-padding first  avia-builder-el-2  el_after_av_one_full  el_before_av_one_full  column-top-margin\" style='border-radius:0px; '><section class=\"av_textblock_section \"  itemscope=\"itemscope\" itemtype=\"https:\/\/schema.org\/BlogPosting\" itemprop=\"blogPost\" ><div class='avia_textblock  '   itemprop=\"text\" ><p style=\"text-align: center;\"><strong><span style=\"font-size: 18pt;\">Sernapesca Ays\u00e9n finaliza con \u00e9xito el programa \u00abTrabajar con Calidad de Vida\u00bb de SENDA <\/span><\/strong><\/p>\n<div id=\"gtx-trans\" style=\"position: absolute; left: -50px; top: 4.31534px;\">\n<div class=\"gtx-trans-icon\"><\/div>\n<\/div>\n<\/div><\/section><\/div><div class=\"flex_column av_one_full  flex_column_div av-zero-column-padding first  avia-builder-el-4  el_after_av_one_full  el_before_av_hr  column-top-margin\" style='border-radius:0px; '><section class=\"av_textblock_section \"  itemscope=\"itemscope\" itemtype=\"https:\/\/schema.org\/BlogPosting\" itemprop=\"blogPost\" ><div class='avia_textblock  '   itemprop=\"text\" ><p style=\"text-align: justify;\">En una significativa ceremonia realizada en las dependencias de Sernapesca, se llev\u00f3 a cabo el cierre t\u00e9cnico del programa \u00abTrabajar con Calidad de Vida\u00bb (TCV) 2024, desarrollado por el Servicio Nacional para la Prevenci\u00f3n y Rehabilitaci\u00f3n del Consumo de Drogas y Alcohol (SENDA) y su equipo comunal, SENDA Previene Ays\u00e9n.<\/p>\n<p style=\"text-align: justify;\">TCV es un programa con m\u00e1s de 20 a\u00f1os de trayectoria, que busca desarrollar culturas organizacionales comprometidas con la salud de sus trabajadores y trabajadoras. Iniciativa 100% gratuita, que no solo contribuye a reducir los niveles de consumo de alcohol y otras drogas, sino que tambi\u00e9n ayuda a mejorar la productividad, disminuir el ausentismo y fortalecer las pol\u00edticas de prevenci\u00f3n en los lugares de trabajo.<\/p>\n<p style=\"text-align: justify;\">Durante la ceremonia, se destac\u00f3 el enfoque participativo del programa TCV, cuyo objetivo es habilitar a las organizaciones en el dise\u00f1o e implementaci\u00f3n de estrategias sostenidas para la prevenci\u00f3n del consumo de sustancias, mejorando la calidad de vida laboral y promoviendo espacios laborales m\u00e1s seguros y saludables.<\/p>\n<p style=\"text-align: justify;\">En sus intervenciones, las directoras regionales enfatizaron la relevancia del programa como herramienta para fomentar factores protectores y reducir riesgos en el entorno laboral. Adem\u00e1s, subrayaron la importancia del trabajo conjunto entre ambas instituciones para alcanzar los objetivos establecidos.<\/p>\n<p style=\"text-align: justify;\">\u201cEste es un hito muy significativo para nosotros como Sernapesca, que certifiquen a nuestra organizaci\u00f3n como tal. Hemos venido trabajando durante dos a\u00f1os en compa\u00f1\u00eda con SENDA y en ese sentido, quisi\u00e9ramos celebrar y agradecer profundamente a SENDA por toda su colaboraci\u00f3n con nuestra instituci\u00f3n\u201d, destac\u00f3 Daniela Leiva Arancibia, Directora Regional de Sernapesca.<\/p>\n<p style=\"text-align: justify;\">Como resultado del esfuerzo colaborativo, Sernapesca recibi\u00f3 la certificaci\u00f3n final como \u00abEspacio Laboral Preventivo\u00bb, la que reconoce el cumplimiento de hitos clave, como el diagn\u00f3stico de calidad de vida laboral, la formulaci\u00f3n de un plan de acci\u00f3n y la creaci\u00f3n de una pol\u00edtica preventiva que incluye protocolos espec\u00edficos para abordar posibles casos de consumo.<\/p>\n<p style=\"text-align: justify;\">La Directora Regional de SENDA, Victoria Contreras Lemus, se\u00f1al\u00f3 durante la entrega del reconocimiento, la relevancia de la colaboraci\u00f3n intersectorial en la prevenci\u00f3n del consumo de sustancias: \u201ccomo SENDA reconocemos el trabajo conjunto realizado con Sernapesca quien ha facilitado las condiciones para implementar la oferta preventiva, tanto en contextos laborales como dirigido a aquellos padres, madres y cuidadoras. Agradecemos el trabajo conjunto y esperamos que tenga frutos en cada uno de los espacios.<\/p>\n<p style=\"text-align: justify;\">Esta certificaci\u00f3n reafirma el compromiso de SENDA con la mejora de la calidad de vida de los trabajadores y trabajadoras, promoviendo entornos laborales m\u00e1s saludables, seguros y protectores. Tanto peque\u00f1as y medianas empresas como grandes organizaciones e instituciones p\u00fablicas interesadas en implementar el programa durante el pr\u00f3ximo a\u00f1o pueden inscribirse a trav\u00e9s del sitio web senda.gob.cl, con plazo hasta el 17 de enero de 2025.<\/p>\n<\/div><\/section><\/div><div  style='height:50px' class='hr hr-invisible   avia-builder-el-6  el_after_av_one_full  el_before_av_social_share '><span class='hr-inner ' ><span class='hr-inner-style'><\/span><\/span><\/div><\/p>\n<div  class='av-social-sharing-box  avia-builder-el-7  el_after_av_hr  el_before_av_hr  '><div class='av-share-box'><h5 class='av-share-link-description av-no-toc '>Compartir esta noticia<\/h5><ul class='av-share-box-list noLightbox'><li class='av-share-link av-social-link-facebook' ><a target=\"_blank\" aria-label=\"Compartir en Facebook\" href='https:\/\/www.facebook.com\/sharer.php?u=https:\/\/radiorevelacionfm.cl\/?p=49022&#038;t=Sernapesca%20Ays%C3%A9n%20finaliza%20con%20%C3%A9xito%20el%20programa%20%C2%ABTrabajar%20con%20Calidad%20de%20Vida%C2%BB%20de%20SENDA' aria-hidden='false' data-av_icon='\ue8f3' data-av_iconfont='entypo-fontello' title='' data-avia-related-tooltip='Compartir en Facebook' rel=\"noopener\"><span class='avia_hidden_link_text'>Compartir en Facebook<\/span><\/a><\/li><li class='av-share-link av-social-link-twitter' ><a target=\"_blank\" aria-label=\"Compartir en Twitter\" href='https:\/\/twitter.com\/share?text=Sernapesca%20Ays%C3%A9n%20finaliza%20con%20%C3%A9xito%20el%20programa%20%C2%ABTrabajar%20con%20Calidad%20de%20Vida%C2%BB%20de%20SENDA&#038;url=https:\/\/radiorevelacionfm.cl\/?p=49022' aria-hidden='false' data-av_icon='\ue8f1' data-av_iconfont='entypo-fontello' title='' data-avia-related-tooltip='Compartir en Twitter' rel=\"noopener\"><span class='avia_hidden_link_text'>Compartir en Twitter<\/span><\/a><\/li><li class='av-share-link av-social-link-whatsapp' ><a target=\"_blank\" aria-label=\"Compartir en Whatsapp\" href='https:\/\/api.whatsapp.com\/send?text=https:\/\/radiorevelacionfm.cl\/?p=49022' aria-hidden='false' data-av_icon='\uf232' data-av_iconfont='entypo-fontello' title='' data-avia-related-tooltip='Compartir en Whatsapp' rel=\"noopener\"><span class='avia_hidden_link_text'>Compartir en Whatsapp<\/span><\/a><\/li><li class='av-share-link av-social-link-linkedin' ><a target=\"_blank\" aria-label=\"Compartir en LinkedIn\" href='https:\/\/linkedin.com\/shareArticle?mini=true&#038;title=Sernapesca%20Ays%C3%A9n%20finaliza%20con%20%C3%A9xito%20el%20programa%20%C2%ABTrabajar%20con%20Calidad%20de%20Vida%C2%BB%20de%20SENDA&#038;url=https:\/\/radiorevelacionfm.cl\/?p=49022' aria-hidden='false' data-av_icon='\ue8fc' data-av_iconfont='entypo-fontello' title='' data-avia-related-tooltip='Compartir en LinkedIn' rel=\"noopener\"><span class='avia_hidden_link_text'>Compartir en LinkedIn<\/span><\/a><\/li><li class='av-share-link av-social-link-mail' ><a  aria-label=\"Compartir por correo\" href='mailto:?subject=Sernapesca%20Ays%C3%A9n%20finaliza%20con%20%C3%A9xito%20el%20programa%20%C2%ABTrabajar%20con%20Calidad%20de%20Vida%C2%BB%20de%20SENDA&#038;body=https:\/\/radiorevelacionfm.cl\/?p=49022' aria-hidden='false' data-av_icon='\ue805' data-av_iconfont='entypo-fontello' title='' data-avia-related-tooltip='Compartir por correo'><span class='avia_hidden_link_text'>Compartir por correo<\/span><\/a><\/li><\/ul><\/div><\/div>\n<div  style='height:50px' class='hr hr-invisible   avia-builder-el-8  el_after_av_social_share  el_before_av_comments_list '><span class='hr-inner ' ><span class='hr-inner-style'><\/span><\/span><\/div>\n<div  class='av-buildercomment  av-blog-meta-html-info-disabled av-blog-meta-tag-disabled  '><\/div>\n","protected":false},"excerpt":{"rendered":"","protected":false},"author":1,"featured_media":49023,"comment_status":"open","ping_status":"open","sticky":false,"template":"","format":"standard","meta":{"footnotes":""},"categories":[38],"tags":[],"class_list":["post-49022","post","type-post","status-publish","format-standard","has-post-thumbnail","hentry","category-regional"],"jetpack_featured_media_url":"https:\/\/radiorevelacionfm.cl\/wp-content\/uploads\/2024\/12\/06-1-1-1.jpeg","_links":{"self":[{"href":"https:\/\/radiorevelacionfm.cl\/index.php?rest_route=\/wp\/v2\/posts\/49022","targetHints":{"allow":["GET"]}}],"collection":[{"href":"https:\/\/radiorevelacionfm.cl\/index.php?rest_route=\/wp\/v2\/posts"}],"about":[{"href":"https:\/\/radiorevelacionfm.cl\/index.php?rest_route=\/wp\/v2\/types\/post"}],"author":[{"embeddable":true,"href":"https:\/\/radiorevelacionfm.cl\/index.php?rest_route=\/wp\/v2\/users\/1"}],"replies":[{"embeddable":true,"href":"https:\/\/radiorevelacionfm.cl\/index.php?rest_route=%2Fwp%2Fv2%2Fcomments&post=49022"}],"version-history":[{"count":1,"href":"https:\/\/radiorevelacionfm.cl\/index.php?rest_route=\/wp\/v2\/posts\/49022\/revisions"}],"predecessor-version":[{"id":49024,"href":"https:\/\/radiorevelacionfm.cl\/index.php?rest_route=\/wp\/v2\/posts\/49022\/revisions\/49024"}],"wp:featuredmedia":[{"embeddable":true,"href":"https:\/\/radiorevelacionfm.cl\/index.php?rest_route=\/wp\/v2\/media\/49023"}],"wp:attachment":[{"href":"https:\/\/radiorevelacionfm.cl\/index.php?rest_route=%2Fwp%2Fv2%2Fmedia&parent=49022"}],"wp:term":[{"taxonomy":"category","embeddable":true,"href":"https:\/\/radiorevelacionfm.cl\/index.php?rest_route=%2Fwp%2Fv2%2Fcategories&post=49022"},{"taxonomy":"post_tag","embeddable":true,"href":"https:\/\/radiorevelacionfm.cl\/index.php?rest_route=%2Fwp%2Fv2%2Ftags&post=49022"}],"curies":[{"name":"wp","href":"https:\/\/api.w.org\/{rel}","templated":true}]}}