{"id":49013,"date":"2024-12-19T10:47:09","date_gmt":"2024-12-19T13:47:09","guid":{"rendered":"https:\/\/radiorevelacionfm.cl\/?p=49013"},"modified":"2024-12-19T10:47:09","modified_gmt":"2024-12-19T13:47:09","slug":"comite-de-humedales-urbanos-de-aysen-avanza-en-plan-de-trabajo-2025","status":"publish","type":"post","link":"https:\/\/radiorevelacionfm.cl\/?p=49013","title":{"rendered":"Comit\u00e9 de humedales urbanos de Ays\u00e9n avanza en plan de trabajo 2025"},"content":{"rendered":"<div class=\"flex_column av_one_full  flex_column_div av-zero-column-padding first  avia-builder-el-0  el_before_av_one_full  avia-builder-el-first  \" style='border-radius:0px; '><div  class='avia-image-container  av-styling-    avia-builder-el-1  avia-builder-el-no-sibling  avia-align-center '  itemprop=\"image\" itemscope=\"itemscope\" itemtype=\"https:\/\/schema.org\/ImageObject\"  ><div class='avia-image-container-inner'><div class='avia-image-overlay-wrap'><img decoding=\"async\" class='wp-image-49014 avia-img-lazy-loading-not-49014 avia_image' src=\"https:\/\/radiorevelacionfm.cl\/wp-content\/uploads\/2024\/12\/20241216_141545083_ios-1_optimized.jpg\" alt='' title='20241216_141545083_ios-(1)_optimized' height=\"600\" width=\"1067\"  itemprop=\"thumbnailUrl\" srcset=\"https:\/\/radiorevelacionfm.cl\/wp-content\/uploads\/2024\/12\/20241216_141545083_ios-1_optimized.jpg 1067w, https:\/\/radiorevelacionfm.cl\/wp-content\/uploads\/2024\/12\/20241216_141545083_ios-1_optimized-300x169.jpg 300w, https:\/\/radiorevelacionfm.cl\/wp-content\/uploads\/2024\/12\/20241216_141545083_ios-1_optimized-1030x579.jpg 1030w, https:\/\/radiorevelacionfm.cl\/wp-content\/uploads\/2024\/12\/20241216_141545083_ios-1_optimized-768x432.jpg 768w, https:\/\/radiorevelacionfm.cl\/wp-content\/uploads\/2024\/12\/20241216_141545083_ios-1_optimized-705x396.jpg 705w, https:\/\/radiorevelacionfm.cl\/wp-content\/uploads\/2024\/12\/20241216_141545083_ios-1_optimized-450x253.jpg 450w, https:\/\/radiorevelacionfm.cl\/wp-content\/uploads\/2024\/12\/20241216_141545083_ios-1_optimized-600x337.jpg 600w\" sizes=\"(max-width: 1067px) 100vw, 1067px\" \/><\/div><\/div><\/div><\/div><div class=\"flex_column av_one_full  flex_column_div av-zero-column-padding first  avia-builder-el-2  el_after_av_one_full  el_before_av_one_full  column-top-margin\" style='border-radius:0px; '><section class=\"av_textblock_section \"  itemscope=\"itemscope\" itemtype=\"https:\/\/schema.org\/BlogPosting\" itemprop=\"blogPost\" ><div class='avia_textblock  '   itemprop=\"text\" ><p style=\"text-align: center;\"><span style=\"font-size: 18pt;\"><strong>Comit\u00e9 de humedales urbanos de Ays\u00e9n avanza en plan de trabajo 2025<\/strong><\/span><\/p>\n<div id=\"gtx-trans\" style=\"position: absolute; left: -50px; top: 4.31534px;\">\n<div class=\"gtx-trans-icon\"><\/div>\n<\/div>\n<\/div><\/section><\/div><div class=\"flex_column av_one_full  flex_column_div av-zero-column-padding first  avia-builder-el-4  el_after_av_one_full  el_before_av_hr  column-top-margin\" style='border-radius:0px; '><section class=\"av_textblock_section \"  itemscope=\"itemscope\" itemtype=\"https:\/\/schema.org\/BlogPosting\" itemprop=\"blogPost\" ><div class='avia_textblock  '   itemprop=\"text\" ><p style=\"text-align: justify;\">En nueva sesi\u00f3n del Comit\u00e9 Regional de Humedales Urbanos, representantes de los servicios p\u00fablicos con competencias o que tienen actividades atingentes a procesos que puedan afectar los humedales en \u00e1reas urbanas, comenzaron el trabajo de planificaci\u00f3n colaborativa 2025 y profundizaron en los aprendizajes de la experiencia del municipio de Ib\u00e1\u00f1ez en la concreci\u00f3n de la declaratoria del primer humedal urbano de la regi\u00f3n de Ays\u00e9n, \u201cVientos del Chelenko\u201d.<\/p>\n<p style=\"text-align: justify;\">\u201cEsta segunda sesi\u00f3n del Comit\u00e9 Regional busca lograr el objetivo que nos pusimos de articular a los servicios institucionalmente, trabajar colaborativamente, para generar una mejor gesti\u00f3n respecto a las declaratorias de humedales urbanos que ya existen como las futuras\u201d, expres\u00f3 el Seremi del Medio Ambiente, Yoal D\u00edaz, destacando tambi\u00e9n la priorizaci\u00f3n ministerial enfocada en\u00a0 el valor ecosist\u00e9mico de los humedales urbanos \u201csabemos la importancia que tienen tambi\u00e9n para el turismo, para el desarrollo tambi\u00e9n de educaci\u00f3n ambiental y eso permite que este trabajo del Comit\u00e9 se proyecte en el tiempo y lo haga sostenible para una mejor gesti\u00f3n, m\u00e1s resiliente, pensando que la triple crisis se trabaja con acci\u00f3n y los humedales urbanos son una de ellas\u201d .<\/p>\n<p style=\"text-align: justify;\">El Comit\u00e9 Regional de Humedales Urbanos funciona bajo el marco del Comit\u00e9 Operativo Regional de Biodiversidad, dando respuesta adem\u00e1s al Art\u00edculo 5\u00b0 del Decreto Supremo N\u00b015, de 2020, del Ministerio del Medio ambiente, que indica que \u201ceste ministerio crear\u00e1 Comit\u00e9s a nivel nacional, regional y comunal para promover la adecuada gesti\u00f3n de los humedales urbanos, as\u00ed como una gobernanza que permita la participaci\u00f3n efectiva de los actores involucrados en su gesti\u00f3n, protecci\u00f3n y conservaci\u00f3n\u201d.<\/p>\n<p style=\"text-align: justify;\">El comit\u00e9 integrado en la regi\u00f3n de Ays\u00e9n por la\u00a0 Seremi de Medio Ambiente, Direcci\u00f3n regional de Aeropuertos, I. Municipalidad O&#8217;Higgins, SEREMI Energ\u00eda; Direcci\u00f3n General de Aguas; Direcci\u00f3n Regional de Vialidad, Sernapesca, Seremi de Salud, Seremi MINVU, Gobernaci\u00f3n Mar\u00edtima de Ays\u00e9n, SEREMI MOP, I. Municipalidad Puerto Cisnes, Obras Hidr\u00e1ulicas MOP, Servicio Agr\u00edcola y Ganadero, Direcci\u00f3n Zonal de Pesca y Acuicultura de Ays\u00e9n, I. Municipalidad Ays\u00e9n, Superintendencia de Servicios Sanitarios (SISS), Seremi MTT, Superintendencia de Medio Ambiente; deber\u00e1 proponer y ejecuta run plan de trabajo\u00a0 que permita promover, a nivel regional, la adecuada gesti\u00f3n de los humedales urbanos, y el acompa\u00f1amiento en la implementaci\u00f3n de los subcomit\u00e9s comunales.<\/p>\n<p style=\"text-align: justify;\">Durante la sesi\u00f3n los miembros pudieron esbozar los primeros objetivos del plan de trabajo y establecer las funciones del Comit\u00e9, definir los criterios de sustentabilidad y analizar el expediente de humedal urbano de Ib\u00e1\u00f1ez.<\/p>\n<p style=\"text-align: justify;\">La funcionaria del municipio de Rio Iba\u00f1ez, Karen Calder\u00f3n Sandoval, estuvo a cargo de presentar la experiencia del humedal urbano \u201cVientos del Chelenko\u201d, compartiendo los detalles del proceso que se llev\u00f3 a cabo \u201cdesde que comenzamos las primeras indagaciones con la comunidad, que fueron ellos quienes nos solicitaron a nosotros que pudi\u00e9semos investigar y ver c\u00f3mo pod\u00edamos declarar este espacio de humedal urbano. Contarles los l\u00edmites, porque tampoco estaba tan claro que son 65 hect\u00e1reas y tambi\u00e9n los trabajos que hemos ido realizando con Alianza p\u00fablico-privada en torno al humedal y lo que se viene\u201d, declar\u00f3 la profesional del \u00e1rea de fomento y turismo del municipio, anunciando que ya cuentan con una ordenanza municipal.<\/p>\n<p style=\"text-align: justify;\">Finalmente, Calder\u00f3n destac\u00f3 la instancia \u201cEs s\u00faper importante este trabajo que se lleva a cabo, porque justamente nosotros tenemos que conformar un plan de gesti\u00f3n a futuro y es importante que otros servicios p\u00fablicos tambi\u00e9n est\u00e9n presentes, porque eso involucra a otros servicios p\u00fablicos y tambi\u00e9n las decisiones que se tomen ah\u00ed\u201d, concluy\u00f3.<\/p>\n<\/div><\/section><\/div><div  style='height:50px' class='hr hr-invisible   avia-builder-el-6  el_after_av_one_full  el_before_av_social_share '><span class='hr-inner ' ><span class='hr-inner-style'><\/span><\/span><\/div><\/p>\n<div  class='av-social-sharing-box  avia-builder-el-7  el_after_av_hr  el_before_av_hr  '><div class='av-share-box'><h5 class='av-share-link-description av-no-toc '>Compartir esta noticia<\/h5><ul class='av-share-box-list noLightbox'><li class='av-share-link av-social-link-facebook' ><a target=\"_blank\" aria-label=\"Compartir en Facebook\" href='https:\/\/www.facebook.com\/sharer.php?u=https:\/\/radiorevelacionfm.cl\/?p=49013&#038;t=Comit%C3%A9%20de%20humedales%20urbanos%20de%20Ays%C3%A9n%20avanza%20en%20plan%20de%20trabajo%202025' aria-hidden='false' data-av_icon='\ue8f3' data-av_iconfont='entypo-fontello' title='' data-avia-related-tooltip='Compartir en Facebook' rel=\"noopener\"><span class='avia_hidden_link_text'>Compartir en Facebook<\/span><\/a><\/li><li class='av-share-link av-social-link-twitter' ><a target=\"_blank\" aria-label=\"Compartir en Twitter\" href='https:\/\/twitter.com\/share?text=Comit%C3%A9%20de%20humedales%20urbanos%20de%20Ays%C3%A9n%20avanza%20en%20plan%20de%20trabajo%202025&#038;url=https:\/\/radiorevelacionfm.cl\/?p=49013' aria-hidden='false' data-av_icon='\ue8f1' data-av_iconfont='entypo-fontello' title='' data-avia-related-tooltip='Compartir en Twitter' rel=\"noopener\"><span class='avia_hidden_link_text'>Compartir en Twitter<\/span><\/a><\/li><li class='av-share-link av-social-link-whatsapp' ><a target=\"_blank\" aria-label=\"Compartir en Whatsapp\" href='https:\/\/api.whatsapp.com\/send?text=https:\/\/radiorevelacionfm.cl\/?p=49013' aria-hidden='false' data-av_icon='\uf232' data-av_iconfont='entypo-fontello' title='' data-avia-related-tooltip='Compartir en Whatsapp' rel=\"noopener\"><span class='avia_hidden_link_text'>Compartir en Whatsapp<\/span><\/a><\/li><li class='av-share-link av-social-link-linkedin' ><a target=\"_blank\" aria-label=\"Compartir en LinkedIn\" href='https:\/\/linkedin.com\/shareArticle?mini=true&#038;title=Comit%C3%A9%20de%20humedales%20urbanos%20de%20Ays%C3%A9n%20avanza%20en%20plan%20de%20trabajo%202025&#038;url=https:\/\/radiorevelacionfm.cl\/?p=49013' aria-hidden='false' data-av_icon='\ue8fc' data-av_iconfont='entypo-fontello' title='' data-avia-related-tooltip='Compartir en LinkedIn' rel=\"noopener\"><span class='avia_hidden_link_text'>Compartir en LinkedIn<\/span><\/a><\/li><li class='av-share-link av-social-link-mail' ><a  aria-label=\"Compartir por correo\" href='mailto:?subject=Comit%C3%A9%20de%20humedales%20urbanos%20de%20Ays%C3%A9n%20avanza%20en%20plan%20de%20trabajo%202025&#038;body=https:\/\/radiorevelacionfm.cl\/?p=49013' aria-hidden='false' data-av_icon='\ue805' data-av_iconfont='entypo-fontello' title='' data-avia-related-tooltip='Compartir por correo'><span class='avia_hidden_link_text'>Compartir por correo<\/span><\/a><\/li><\/ul><\/div><\/div>\n<div  style='height:50px' class='hr hr-invisible   avia-builder-el-8  el_after_av_social_share  el_before_av_comments_list '><span class='hr-inner ' ><span class='hr-inner-style'><\/span><\/span><\/div>\n<div  class='av-buildercomment  av-blog-meta-html-info-disabled av-blog-meta-tag-disabled  '><\/div>\n","protected":false},"excerpt":{"rendered":"","protected":false},"author":1,"featured_media":49014,"comment_status":"open","ping_status":"open","sticky":false,"template":"","format":"standard","meta":{"footnotes":""},"categories":[39],"tags":[],"class_list":["post-49013","post","type-post","status-publish","format-standard","has-post-thumbnail","hentry","category-medio-ambiente"],"jetpack_featured_media_url":"https:\/\/radiorevelacionfm.cl\/wp-content\/uploads\/2024\/12\/20241216_141545083_ios-1_optimized.jpg","_links":{"self":[{"href":"https:\/\/radiorevelacionfm.cl\/index.php?rest_route=\/wp\/v2\/posts\/49013","targetHints":{"allow":["GET"]}}],"collection":[{"href":"https:\/\/radiorevelacionfm.cl\/index.php?rest_route=\/wp\/v2\/posts"}],"about":[{"href":"https:\/\/radiorevelacionfm.cl\/index.php?rest_route=\/wp\/v2\/types\/post"}],"author":[{"embeddable":true,"href":"https:\/\/radiorevelacionfm.cl\/index.php?rest_route=\/wp\/v2\/users\/1"}],"replies":[{"embeddable":true,"href":"https:\/\/radiorevelacionfm.cl\/index.php?rest_route=%2Fwp%2Fv2%2Fcomments&post=49013"}],"version-history":[{"count":1,"href":"https:\/\/radiorevelacionfm.cl\/index.php?rest_route=\/wp\/v2\/posts\/49013\/revisions"}],"predecessor-version":[{"id":49015,"href":"https:\/\/radiorevelacionfm.cl\/index.php?rest_route=\/wp\/v2\/posts\/49013\/revisions\/49015"}],"wp:featuredmedia":[{"embeddable":true,"href":"https:\/\/radiorevelacionfm.cl\/index.php?rest_route=\/wp\/v2\/media\/49014"}],"wp:attachment":[{"href":"https:\/\/radiorevelacionfm.cl\/index.php?rest_route=%2Fwp%2Fv2%2Fmedia&parent=49013"}],"wp:term":[{"taxonomy":"category","embeddable":true,"href":"https:\/\/radiorevelacionfm.cl\/index.php?rest_route=%2Fwp%2Fv2%2Fcategories&post=49013"},{"taxonomy":"post_tag","embeddable":true,"href":"https:\/\/radiorevelacionfm.cl\/index.php?rest_route=%2Fwp%2Fv2%2Ftags&post=49013"}],"curies":[{"name":"wp","href":"https:\/\/api.w.org\/{rel}","templated":true}]}}