{"id":49010,"date":"2024-12-19T15:10:21","date_gmt":"2024-12-19T18:10:21","guid":{"rendered":"https:\/\/radiorevelacionfm.cl\/?p=49010"},"modified":"2024-12-19T15:10:21","modified_gmt":"2024-12-19T18:10:21","slug":"informan-avances-del-plan-nacional-de-busqueda-verdad-y-justicia-en-la-region-de-aysen","status":"publish","type":"post","link":"https:\/\/radiorevelacionfm.cl\/?p=49010","title":{"rendered":"Informan avances del Plan Nacional de B\u00fasqueda, Verdad y Justicia en la regi\u00f3n de Ays\u00e9n"},"content":{"rendered":"<div class=\"flex_column av_one_full  flex_column_div av-zero-column-padding first  avia-builder-el-0  el_before_av_one_full  avia-builder-el-first  \" style='border-radius:0px; '><div  class='avia-image-container  av-styling-    avia-builder-el-1  avia-builder-el-no-sibling  avia-align-center '  itemprop=\"image\" itemscope=\"itemscope\" itemtype=\"https:\/\/schema.org\/ImageObject\"  ><div class='avia-image-container-inner'><div class='avia-image-overlay-wrap'><img decoding=\"async\" class='wp-image-49011 avia-img-lazy-loading-not-49011 avia_image' src=\"https:\/\/radiorevelacionfm.cl\/wp-content\/uploads\/2024\/12\/comunicado-PNB-2-1-1.jpg\" alt='' title='comunicado PNB 2 (1) (1)' height=\"606\" width=\"800\"  itemprop=\"thumbnailUrl\" srcset=\"https:\/\/radiorevelacionfm.cl\/wp-content\/uploads\/2024\/12\/comunicado-PNB-2-1-1.jpg 800w, https:\/\/radiorevelacionfm.cl\/wp-content\/uploads\/2024\/12\/comunicado-PNB-2-1-1-300x227.jpg 300w, https:\/\/radiorevelacionfm.cl\/wp-content\/uploads\/2024\/12\/comunicado-PNB-2-1-1-768x582.jpg 768w, https:\/\/radiorevelacionfm.cl\/wp-content\/uploads\/2024\/12\/comunicado-PNB-2-1-1-705x534.jpg 705w, https:\/\/radiorevelacionfm.cl\/wp-content\/uploads\/2024\/12\/comunicado-PNB-2-1-1-450x341.jpg 450w, https:\/\/radiorevelacionfm.cl\/wp-content\/uploads\/2024\/12\/comunicado-PNB-2-1-1-600x455.jpg 600w\" sizes=\"(max-width: 800px) 100vw, 800px\" \/><\/div><\/div><\/div><\/div><div class=\"flex_column av_one_full  flex_column_div av-zero-column-padding first  avia-builder-el-2  el_after_av_one_full  el_before_av_one_full  column-top-margin\" style='border-radius:0px; '><section class=\"av_textblock_section \"  itemscope=\"itemscope\" itemtype=\"https:\/\/schema.org\/BlogPosting\" itemprop=\"blogPost\" ><div class='avia_textblock  '   itemprop=\"text\" ><p style=\"text-align: center;\"><strong><span style=\"font-size: 18pt;\">Informan avances del Plan Nacional de B\u00fasqueda, Verdad y Justicia en la regi\u00f3n de Ays\u00e9n<\/span><\/strong><\/p>\n<div id=\"gtx-trans\" style=\"position: absolute; left: -50px; top: 4.31534px;\">\n<div class=\"gtx-trans-icon\"><\/div>\n<\/div>\n<\/div><\/section><\/div><div class=\"flex_column av_one_full  flex_column_div av-zero-column-padding first  avia-builder-el-4  el_after_av_one_full  el_before_av_hr  column-top-margin\" style='border-radius:0px; '><section class=\"av_textblock_section \"  itemscope=\"itemscope\" itemtype=\"https:\/\/schema.org\/BlogPosting\" itemprop=\"blogPost\" ><div class='avia_textblock  '   itemprop=\"text\" ><p style=\"text-align: justify;\"><em>La instancia permiti\u00f3 generar un di\u00e1logo para relevar los hitos logrados del Plan a la fecha, as\u00ed como tambi\u00e9n, dar a conocer el trabajo que realiza el Comit\u00e9 de Seguimiento y Participaci\u00f3n y las coordinaciones interinstitucionales. <\/em><\/p>\n<p style=\"text-align: justify;\">Con el objetivo de dar a conocer los avances y pr\u00f3ximas acciones del Plan Nacional de B\u00fasqueda, Verdad y Justicia, parte del equipo del Programa de Derechos Humanos de la Subsecretar\u00eda de Derechos Humanos se reunieron con representantes de la Agrupaci\u00f3n de Derechos Humanos de Coyhaique, Agrupaci\u00f3n Flores Nativas de la Patagonia, la coordinadora del <strong>Programa de Reparaci\u00f3n y Atenci\u00f3n en Salud<\/strong>\u00a0(PRAIS) Ana Mar\u00eda Navarrete y la Agrupaci\u00f3n de \u00a0ex presos pol\u00edticos Jos\u00e9 Felmer Klenner, instancia en la que particip\u00f3 el seremi de Justicia y Derechos Humanos, Samuel Navarro Castro.<\/p>\n<p style=\"text-align: justify;\">Cabe se\u00f1alar que el Plan Nacional de B\u00fasqueda es una pol\u00edtica p\u00fablica permanente del Estado de Chile que tiene por objetivo esclarecer las circunstancias de desaparici\u00f3n y\/o muerte de las personas v\u00edctimas de desaparici\u00f3n forzada acaecidos durante la dictadura civil militar entre los a\u00f1os 1973-1990.<\/p>\n<p style=\"text-align: justify;\">La primera parte de la reuni\u00f3n, que estuvo a cargo del abogado y analista del \u00e1rea de b\u00fasqueda trayectoria Ilan Sandberg permiti\u00f3 relevar los hitos logrados del Plan a la fecha, as\u00ed como tambi\u00e9n, las acciones de b\u00fasqueda que se est\u00e1n realizando en diversos sectores de la regi\u00f3n y del pa\u00eds.<\/p>\n<p style=\"text-align: justify;\">En tanto, la segunda exposici\u00f3n estuvo a cargo de Gloria Salazar, psic\u00f3loga del Programa de Derechos Humanos, quien se refiri\u00f3 a este encuentro se\u00f1alando que \u201cla evaluaci\u00f3n ha sido muy positiva pues las organizaciones de derechos humanos, la agrupaci\u00f3n de familiares y organizaciones que est\u00e1n vinculadas al programa estuvieron presente en este encuentro, el que ten\u00eda como naturaleza dar cuenta del estado de las causas que est\u00e1n asociadas a v\u00edctimas de la regi\u00f3n, encontrar puntos de inter\u00e9s, recabar informaci\u00f3n que pueda ser relevante que mantengan a su resguardo personas como familiares o organizaciones de Derechos Humanos y poder articular el trabajo este pr\u00f3ximo a\u00f1o, hubo una buena convocatoria, existieron dudas que se pudieron resolver, proyectamos el trabajo y los intereses de que el programa siga presente y sostenga su presencia en la regi\u00f3n, agradecemos la presencia del seremi y de la coordinadora del programa PRAIS ac\u00e1 en la regi\u00f3n, as\u00ed que nuestro balance es muy positivo, nos vamos con la esperanza de que el trabajo se est\u00e1 llevando a cabo y con la proyecci\u00f3n de seguir en colaboraci\u00f3n y realizando viajes al territorio en forma regular el pr\u00f3ximo a\u00f1o\u201d.<\/p>\n<p style=\"text-align: justify;\">Al respecto, el seremi de Justicia y Derechos Humanos, Samuel Navarro Castro explic\u00f3 que \u201cnos pareci\u00f3 una instancia muy interesante mediante la cual los profesionales de la Subsecretar\u00eda de Derechos Humanos pudieron exponer ante las organizaciones de Derechos Humanos, las agrupaciones de v\u00edctimas, particularmente los avances de este Plan Nacional de B\u00fasqueda, de Verdad y Justicia las acciones y actividades que se han desarrollado hasta la fecha, poniendo de relieve todas las acciones que se est\u00e1n implementando desde la concreci\u00f3n de esto por parte del Gobierno del Presidente Gabriel Boric, efectivamente estamos en una instancia muy relevante de esta pol\u00edtica p\u00fablica que es de car\u00e1cter permanente y una de sus caracter\u00edsticas es la informaci\u00f3n y participaci\u00f3n activa de los familiares y de las agrupaciones de v\u00edctimas de violaciones a los derechos humanos\u201d.<\/p>\n<p style=\"text-align: justify;\">Finalmente, mencionar que una arista importante de este Plan ser\u00e1 su difusi\u00f3n en la regi\u00f3n, a trav\u00e9s de entrega de material de difusi\u00f3n en establecimientos educacionales, reuniones con agrupaciones y actividades en terreno, con el objetivo de posicionar esta herramienta que busca dar respuesta a la necesidad hist\u00f3rica de entregar verdad y justicia a las y los familiares de las personas v\u00edctimas de desaparici\u00f3n forzada. Dentro de esta difusi\u00f3n, tambi\u00e9n se comparte de forma peri\u00f3dica el Bolet\u00edn del Plan Nacional de B\u00fasqueda a agrupaciones de familiares, organizaciones y sitios de memoria con informaci\u00f3n y actualizaciones en torno a la implementaci\u00f3n de esta pol\u00edtica p\u00fablica.<\/p>\n<\/div><\/section><\/div><div  style='height:50px' class='hr hr-invisible   avia-builder-el-6  el_after_av_one_full  el_before_av_social_share '><span class='hr-inner ' ><span class='hr-inner-style'><\/span><\/span><\/div><\/p>\n<div  class='av-social-sharing-box  avia-builder-el-7  el_after_av_hr  el_before_av_hr  '><div class='av-share-box'><h5 class='av-share-link-description av-no-toc '>Compartir esta noticia<\/h5><ul class='av-share-box-list noLightbox'><li class='av-share-link av-social-link-facebook' ><a target=\"_blank\" aria-label=\"Compartir en Facebook\" href='https:\/\/www.facebook.com\/sharer.php?u=https:\/\/radiorevelacionfm.cl\/?p=49010&#038;t=Informan%20avances%20del%20Plan%20Nacional%20de%20B%C3%BAsqueda%2C%20Verdad%20y%20Justicia%20en%20la%20regi%C3%B3n%20de%20Ays%C3%A9n' aria-hidden='false' data-av_icon='\ue8f3' data-av_iconfont='entypo-fontello' title='' data-avia-related-tooltip='Compartir en Facebook' rel=\"noopener\"><span class='avia_hidden_link_text'>Compartir en Facebook<\/span><\/a><\/li><li class='av-share-link av-social-link-twitter' ><a target=\"_blank\" aria-label=\"Compartir en Twitter\" href='https:\/\/twitter.com\/share?text=Informan%20avances%20del%20Plan%20Nacional%20de%20B%C3%BAsqueda%2C%20Verdad%20y%20Justicia%20en%20la%20regi%C3%B3n%20de%20Ays%C3%A9n&#038;url=https:\/\/radiorevelacionfm.cl\/?p=49010' aria-hidden='false' data-av_icon='\ue8f1' data-av_iconfont='entypo-fontello' title='' data-avia-related-tooltip='Compartir en Twitter' rel=\"noopener\"><span class='avia_hidden_link_text'>Compartir en Twitter<\/span><\/a><\/li><li class='av-share-link av-social-link-whatsapp' ><a target=\"_blank\" aria-label=\"Compartir en Whatsapp\" href='https:\/\/api.whatsapp.com\/send?text=https:\/\/radiorevelacionfm.cl\/?p=49010' aria-hidden='false' data-av_icon='\uf232' data-av_iconfont='entypo-fontello' title='' data-avia-related-tooltip='Compartir en Whatsapp' rel=\"noopener\"><span class='avia_hidden_link_text'>Compartir en Whatsapp<\/span><\/a><\/li><li class='av-share-link av-social-link-linkedin' ><a target=\"_blank\" aria-label=\"Compartir en LinkedIn\" href='https:\/\/linkedin.com\/shareArticle?mini=true&#038;title=Informan%20avances%20del%20Plan%20Nacional%20de%20B%C3%BAsqueda%2C%20Verdad%20y%20Justicia%20en%20la%20regi%C3%B3n%20de%20Ays%C3%A9n&#038;url=https:\/\/radiorevelacionfm.cl\/?p=49010' aria-hidden='false' data-av_icon='\ue8fc' data-av_iconfont='entypo-fontello' title='' data-avia-related-tooltip='Compartir en LinkedIn' rel=\"noopener\"><span class='avia_hidden_link_text'>Compartir en LinkedIn<\/span><\/a><\/li><li class='av-share-link av-social-link-mail' ><a  aria-label=\"Compartir por correo\" href='mailto:?subject=Informan%20avances%20del%20Plan%20Nacional%20de%20B%C3%BAsqueda%2C%20Verdad%20y%20Justicia%20en%20la%20regi%C3%B3n%20de%20Ays%C3%A9n&#038;body=https:\/\/radiorevelacionfm.cl\/?p=49010' aria-hidden='false' data-av_icon='\ue805' data-av_iconfont='entypo-fontello' title='' data-avia-related-tooltip='Compartir por correo'><span class='avia_hidden_link_text'>Compartir por correo<\/span><\/a><\/li><\/ul><\/div><\/div>\n<div  style='height:50px' class='hr hr-invisible   avia-builder-el-8  el_after_av_social_share  el_before_av_comments_list '><span class='hr-inner ' ><span class='hr-inner-style'><\/span><\/span><\/div>\n<div  class='av-buildercomment  av-blog-meta-html-info-disabled av-blog-meta-tag-disabled  '><\/div>\n","protected":false},"excerpt":{"rendered":"","protected":false},"author":1,"featured_media":49011,"comment_status":"open","ping_status":"open","sticky":false,"template":"","format":"standard","meta":{"footnotes":""},"categories":[55],"tags":[],"class_list":["post-49010","post","type-post","status-publish","format-standard","has-post-thumbnail","hentry","category-justicia"],"jetpack_featured_media_url":"https:\/\/radiorevelacionfm.cl\/wp-content\/uploads\/2024\/12\/comunicado-PNB-2-1-1.jpg","_links":{"self":[{"href":"https:\/\/radiorevelacionfm.cl\/index.php?rest_route=\/wp\/v2\/posts\/49010","targetHints":{"allow":["GET"]}}],"collection":[{"href":"https:\/\/radiorevelacionfm.cl\/index.php?rest_route=\/wp\/v2\/posts"}],"about":[{"href":"https:\/\/radiorevelacionfm.cl\/index.php?rest_route=\/wp\/v2\/types\/post"}],"author":[{"embeddable":true,"href":"https:\/\/radiorevelacionfm.cl\/index.php?rest_route=\/wp\/v2\/users\/1"}],"replies":[{"embeddable":true,"href":"https:\/\/radiorevelacionfm.cl\/index.php?rest_route=%2Fwp%2Fv2%2Fcomments&post=49010"}],"version-history":[{"count":1,"href":"https:\/\/radiorevelacionfm.cl\/index.php?rest_route=\/wp\/v2\/posts\/49010\/revisions"}],"predecessor-version":[{"id":49012,"href":"https:\/\/radiorevelacionfm.cl\/index.php?rest_route=\/wp\/v2\/posts\/49010\/revisions\/49012"}],"wp:featuredmedia":[{"embeddable":true,"href":"https:\/\/radiorevelacionfm.cl\/index.php?rest_route=\/wp\/v2\/media\/49011"}],"wp:attachment":[{"href":"https:\/\/radiorevelacionfm.cl\/index.php?rest_route=%2Fwp%2Fv2%2Fmedia&parent=49010"}],"wp:term":[{"taxonomy":"category","embeddable":true,"href":"https:\/\/radiorevelacionfm.cl\/index.php?rest_route=%2Fwp%2Fv2%2Fcategories&post=49010"},{"taxonomy":"post_tag","embeddable":true,"href":"https:\/\/radiorevelacionfm.cl\/index.php?rest_route=%2Fwp%2Fv2%2Ftags&post=49010"}],"curies":[{"name":"wp","href":"https:\/\/api.w.org\/{rel}","templated":true}]}}