{"id":4901,"date":"2021-06-04T14:32:21","date_gmt":"2021-06-04T17:32:21","guid":{"rendered":"https:\/\/radiorevelacionfm.cl\/?p=4901"},"modified":"2021-06-04T14:32:21","modified_gmt":"2021-06-04T17:32:21","slug":"gobernador-de-aysen-invita-a-la-comunidad-a-acudir-a-los-operativos-de-toma-de-pcr","status":"publish","type":"post","link":"https:\/\/radiorevelacionfm.cl\/?p=4901","title":{"rendered":"Gobernador de Ays\u00e9n invita a la comunidad a acudir a los operativos de toma de PCR"},"content":{"rendered":"<div class=\"flex_column av_one_full  flex_column_div av-zero-column-padding first  avia-builder-el-0  el_before_av_one_full  avia-builder-el-first  \" style='border-radius:0px; '><div  class='avia-image-container  av-styling-    avia-builder-el-1  avia-builder-el-no-sibling  avia-align-center '  itemprop=\"image\" itemscope=\"itemscope\" itemtype=\"https:\/\/schema.org\/ImageObject\"  ><div class='avia-image-container-inner'><div class='avia-image-overlay-wrap'><img decoding=\"async\" class='wp-image-4902 avia-img-lazy-loading-not-4902 avia_image' src=\"https:\/\/radiorevelacionfm.cl\/wp-content\/uploads\/2021\/06\/archivo-2-3-1-1.jpg\" alt='' title='archivo 2 (3) (1) (1)' height=\"600\" width=\"900\"  itemprop=\"thumbnailUrl\" srcset=\"https:\/\/radiorevelacionfm.cl\/wp-content\/uploads\/2021\/06\/archivo-2-3-1-1.jpg 900w, https:\/\/radiorevelacionfm.cl\/wp-content\/uploads\/2021\/06\/archivo-2-3-1-1-300x200.jpg 300w, https:\/\/radiorevelacionfm.cl\/wp-content\/uploads\/2021\/06\/archivo-2-3-1-1-768x512.jpg 768w, https:\/\/radiorevelacionfm.cl\/wp-content\/uploads\/2021\/06\/archivo-2-3-1-1-705x470.jpg 705w, https:\/\/radiorevelacionfm.cl\/wp-content\/uploads\/2021\/06\/archivo-2-3-1-1-600x400.jpg 600w\" sizes=\"(max-width: 900px) 100vw, 900px\" \/><\/div><\/div><\/div><\/div><div class=\"flex_column av_one_full  flex_column_div av-zero-column-padding first  avia-builder-el-2  el_after_av_one_full  el_before_av_one_full  column-top-margin\" style='border-radius:0px; '><section class=\"av_textblock_section \"  itemscope=\"itemscope\" itemtype=\"https:\/\/schema.org\/BlogPosting\" itemprop=\"blogPost\" ><div class='avia_textblock  '   itemprop=\"text\" ><p style=\"text-align: center;\"><strong><span style=\"font-size: 18pt;\">Gobernador de Ays\u00e9n invita a la comunidad a acudir a los operativos de toma de PCR <\/span><\/strong><\/p>\n<div id=\"gtx-trans\" style=\"position: absolute; left: -50px; top: 4.31534px;\">\n<div class=\"gtx-trans-icon\"><\/div>\n<\/div>\n<\/div><\/section><\/div><div class=\"flex_column av_one_full  flex_column_div av-zero-column-padding first  avia-builder-el-4  el_after_av_one_full  el_before_av_hr  column-top-margin\" style='border-radius:0px; '><section class=\"av_textblock_section \"  itemscope=\"itemscope\" itemtype=\"https:\/\/schema.org\/BlogPosting\" itemprop=\"blogPost\" ><div class='avia_textblock  '   itemprop=\"text\" ><p style=\"text-align: justify;\">Desde hace algunos meses que en las dependencias del SENCE ubicadas en la gobernaci\u00f3n de Ays\u00e9n el equipo de salud han realizado distintos operativos de muestras de PCR para personas que sean asintom\u00e1ticas, teniendo estas \u00faltimas semanas una importante concurrencia.<\/p>\n<p style=\"text-align: justify;\">Manuel Ortiz Gobernador de la provincia se refer\u00eda a esta alianza que ha habido para llevar a cabo este operativo y de la importancia que hay para toda la comunidad \u201cesto se est\u00e1 haciendo en conjunto con el SENCE Regional, Hospital y el CESFAM para poder tomar los PCR a todas las personas que asintom\u00e1ticamente pudieran tener alguna inquietud respecto a la posibilidad de contagio pueden venir y van a tener la oportunidad de tomarse un PCR y para ello lo queremos invitar porque hoy es la forma, tenemos que estar previniendo, tenemos que tomar todas las medidas que nos han pedido\u201d.<\/p>\n<p style=\"text-align: justify;\">Respecto al uso del pase de movilidad para acudir a estos operativos la autoridad provincial indicaba \u201ccada una de las personas que concurran a los diferentes operativos tienen que mantener el distanciamiento f\u00edsico, tambi\u00e9n tienen que tener el pase de movilidad que te permite hoy en d\u00eda asistir tranquilamente a tomar esta muestra de PCR, as\u00ed que las medidas sanitarias son tu responsabilidad y no me cabe duda que vamos a salir de esto lo m\u00e1s pronto posible\u201d.<\/p>\n<\/div><\/section><\/div><div  style='height:50px' class='hr hr-invisible   avia-builder-el-6  el_after_av_one_full  el_before_av_social_share '><span class='hr-inner ' ><span class='hr-inner-style'><\/span><\/span><\/div><\/p>\n<div  class='av-social-sharing-box  avia-builder-el-7  el_after_av_hr  el_before_av_hr  '><div class='av-share-box'><h5 class='av-share-link-description av-no-toc '>Compartir esta noticia<\/h5><ul class='av-share-box-list noLightbox'><li class='av-share-link av-social-link-facebook' ><a target=\"_blank\" aria-label=\"Compartir en Facebook\" href='https:\/\/www.facebook.com\/sharer.php?u=https:\/\/radiorevelacionfm.cl\/?p=4901&#038;t=Gobernador%20de%20Ays%C3%A9n%20invita%20a%20la%20comunidad%20a%20acudir%20a%20los%20operativos%20de%20toma%20de%20PCR' aria-hidden='false' data-av_icon='\ue8f3' data-av_iconfont='entypo-fontello' title='' data-avia-related-tooltip='Compartir en Facebook' rel=\"noopener\"><span class='avia_hidden_link_text'>Compartir en Facebook<\/span><\/a><\/li><li class='av-share-link av-social-link-twitter' ><a target=\"_blank\" aria-label=\"Compartir en Twitter\" href='https:\/\/twitter.com\/share?text=Gobernador%20de%20Ays%C3%A9n%20invita%20a%20la%20comunidad%20a%20acudir%20a%20los%20operativos%20de%20toma%20de%20PCR&#038;url=https:\/\/radiorevelacionfm.cl\/?p=4901' aria-hidden='false' data-av_icon='\ue8f1' data-av_iconfont='entypo-fontello' title='' data-avia-related-tooltip='Compartir en Twitter' rel=\"noopener\"><span class='avia_hidden_link_text'>Compartir en Twitter<\/span><\/a><\/li><li class='av-share-link av-social-link-whatsapp' ><a target=\"_blank\" aria-label=\"Compartir en Whatsapp\" href='https:\/\/api.whatsapp.com\/send?text=https:\/\/radiorevelacionfm.cl\/?p=4901' aria-hidden='false' data-av_icon='\uf232' data-av_iconfont='entypo-fontello' title='' data-avia-related-tooltip='Compartir en Whatsapp' rel=\"noopener\"><span class='avia_hidden_link_text'>Compartir en Whatsapp<\/span><\/a><\/li><li class='av-share-link av-social-link-linkedin' ><a target=\"_blank\" aria-label=\"Compartir en LinkedIn\" href='https:\/\/linkedin.com\/shareArticle?mini=true&#038;title=Gobernador%20de%20Ays%C3%A9n%20invita%20a%20la%20comunidad%20a%20acudir%20a%20los%20operativos%20de%20toma%20de%20PCR&#038;url=https:\/\/radiorevelacionfm.cl\/?p=4901' aria-hidden='false' data-av_icon='\ue8fc' data-av_iconfont='entypo-fontello' title='' data-avia-related-tooltip='Compartir en LinkedIn' rel=\"noopener\"><span class='avia_hidden_link_text'>Compartir en LinkedIn<\/span><\/a><\/li><li class='av-share-link av-social-link-mail' ><a  aria-label=\"Compartir por correo\" href='mailto:?subject=Gobernador%20de%20Ays%C3%A9n%20invita%20a%20la%20comunidad%20a%20acudir%20a%20los%20operativos%20de%20toma%20de%20PCR&#038;body=https:\/\/radiorevelacionfm.cl\/?p=4901' aria-hidden='false' data-av_icon='\ue805' data-av_iconfont='entypo-fontello' title='' data-avia-related-tooltip='Compartir por correo'><span class='avia_hidden_link_text'>Compartir por correo<\/span><\/a><\/li><\/ul><\/div><\/div>\n<div  style='height:50px' class='hr hr-invisible   avia-builder-el-8  el_after_av_social_share  el_before_av_comments_list '><span class='hr-inner ' ><span class='hr-inner-style'><\/span><\/span><\/div>\n<div  class='av-buildercomment  av-blog-meta-html-info-disabled av-blog-meta-tag-disabled  '><\/div>\n","protected":false},"excerpt":{"rendered":"","protected":false},"author":1,"featured_media":4902,"comment_status":"open","ping_status":"open","sticky":false,"template":"","format":"standard","meta":{"footnotes":""},"categories":[38],"tags":[],"class_list":["post-4901","post","type-post","status-publish","format-standard","has-post-thumbnail","hentry","category-regional"],"jetpack_featured_media_url":"https:\/\/radiorevelacionfm.cl\/wp-content\/uploads\/2021\/06\/archivo-2-3-1-1.jpg","_links":{"self":[{"href":"https:\/\/radiorevelacionfm.cl\/index.php?rest_route=\/wp\/v2\/posts\/4901","targetHints":{"allow":["GET"]}}],"collection":[{"href":"https:\/\/radiorevelacionfm.cl\/index.php?rest_route=\/wp\/v2\/posts"}],"about":[{"href":"https:\/\/radiorevelacionfm.cl\/index.php?rest_route=\/wp\/v2\/types\/post"}],"author":[{"embeddable":true,"href":"https:\/\/radiorevelacionfm.cl\/index.php?rest_route=\/wp\/v2\/users\/1"}],"replies":[{"embeddable":true,"href":"https:\/\/radiorevelacionfm.cl\/index.php?rest_route=%2Fwp%2Fv2%2Fcomments&post=4901"}],"version-history":[{"count":1,"href":"https:\/\/radiorevelacionfm.cl\/index.php?rest_route=\/wp\/v2\/posts\/4901\/revisions"}],"predecessor-version":[{"id":4903,"href":"https:\/\/radiorevelacionfm.cl\/index.php?rest_route=\/wp\/v2\/posts\/4901\/revisions\/4903"}],"wp:featuredmedia":[{"embeddable":true,"href":"https:\/\/radiorevelacionfm.cl\/index.php?rest_route=\/wp\/v2\/media\/4902"}],"wp:attachment":[{"href":"https:\/\/radiorevelacionfm.cl\/index.php?rest_route=%2Fwp%2Fv2%2Fmedia&parent=4901"}],"wp:term":[{"taxonomy":"category","embeddable":true,"href":"https:\/\/radiorevelacionfm.cl\/index.php?rest_route=%2Fwp%2Fv2%2Fcategories&post=4901"},{"taxonomy":"post_tag","embeddable":true,"href":"https:\/\/radiorevelacionfm.cl\/index.php?rest_route=%2Fwp%2Fv2%2Ftags&post=4901"}],"curies":[{"name":"wp","href":"https:\/\/api.w.org\/{rel}","templated":true}]}}