{"id":49006,"date":"2024-12-19T09:52:02","date_gmt":"2024-12-19T12:52:02","guid":{"rendered":"https:\/\/radiorevelacionfm.cl\/?p=49006"},"modified":"2024-12-19T09:52:02","modified_gmt":"2024-12-19T12:52:02","slug":"congreso-internacional-abordo-tematicas-y-soluciones-para-la-restauracion-y-recuperacion-en-la-patagonia-chilena-argentina","status":"publish","type":"post","link":"https:\/\/radiorevelacionfm.cl\/?p=49006","title":{"rendered":"Congreso internacional abord\u00f3 tem\u00e1ticas y soluciones para la restauraci\u00f3n y recuperaci\u00f3n en la Patagonia Chilena \u2013 Argentina"},"content":{"rendered":"<div class=\"flex_column av_one_full  flex_column_div av-zero-column-padding first  avia-builder-el-0  el_before_av_one_full  avia-builder-el-first  \" style='border-radius:0px; '><div  class='avia-image-container  av-styling-    avia-builder-el-1  avia-builder-el-no-sibling  avia-align-center '  itemprop=\"image\" itemscope=\"itemscope\" itemtype=\"https:\/\/schema.org\/ImageObject\"  ><div class='avia-image-container-inner'><div class='avia-image-overlay-wrap'><img decoding=\"async\" class='wp-image-49007 avia-img-lazy-loading-not-49007 avia_image' src=\"https:\/\/radiorevelacionfm.cl\/wp-content\/uploads\/2024\/12\/congreso-infor-foto-01-1_optimized.jpeg\" alt='' title='congreso-infor-foto-01-(1)_optimized' height=\"600\" width=\"800\"  itemprop=\"thumbnailUrl\" srcset=\"https:\/\/radiorevelacionfm.cl\/wp-content\/uploads\/2024\/12\/congreso-infor-foto-01-1_optimized.jpeg 800w, https:\/\/radiorevelacionfm.cl\/wp-content\/uploads\/2024\/12\/congreso-infor-foto-01-1_optimized-300x225.jpeg 300w, https:\/\/radiorevelacionfm.cl\/wp-content\/uploads\/2024\/12\/congreso-infor-foto-01-1_optimized-768x576.jpeg 768w, https:\/\/radiorevelacionfm.cl\/wp-content\/uploads\/2024\/12\/congreso-infor-foto-01-1_optimized-705x529.jpeg 705w, https:\/\/radiorevelacionfm.cl\/wp-content\/uploads\/2024\/12\/congreso-infor-foto-01-1_optimized-450x338.jpeg 450w, https:\/\/radiorevelacionfm.cl\/wp-content\/uploads\/2024\/12\/congreso-infor-foto-01-1_optimized-600x450.jpeg 600w\" sizes=\"(max-width: 800px) 100vw, 800px\" \/><\/div><\/div><\/div><\/div><div class=\"flex_column av_one_full  flex_column_div av-zero-column-padding first  avia-builder-el-2  el_after_av_one_full  el_before_av_one_full  column-top-margin\" style='border-radius:0px; '><section class=\"av_textblock_section \"  itemscope=\"itemscope\" itemtype=\"https:\/\/schema.org\/BlogPosting\" itemprop=\"blogPost\" ><div class='avia_textblock  '   itemprop=\"text\" ><p style=\"text-align: center;\"><span style=\"font-size: 18pt;\"><b>Congreso\u00a0internacional abord\u00f3 tem\u00e1ticas y soluciones para la restauraci\u00f3n y recuperaci\u00f3n en la Patagonia Chilena \u2013 Argentina<\/b><\/span><\/p>\n<div id=\"gtx-trans\" style=\"position: absolute; left: -50px; top: 4.31534px;\">\n<div class=\"gtx-trans-icon\"><\/div>\n<\/div>\n<\/div><\/section><\/div><div class=\"flex_column av_one_full  flex_column_div av-zero-column-padding first  avia-builder-el-4  el_after_av_one_full  el_before_av_hr  column-top-margin\" style='border-radius:0px; '><section class=\"av_textblock_section \"  itemscope=\"itemscope\" itemtype=\"https:\/\/schema.org\/BlogPosting\" itemprop=\"blogPost\" ><div class='avia_textblock  '   itemprop=\"text\" ><p style=\"text-align: justify;\"><em>Instancia que reuni\u00f3 a diversos actores p\u00fabicos y privados del \u00e1mbito nacional e internacional, profundiz\u00f3 en los aportes de la agroforester\u00eda para hacer frente a una problem\u00e1tica creciente a la luz del cambio clim\u00e1tico.<\/em><\/p>\n<p style=\"text-align: justify;\">El Instituto Forestal (INFOR), junto a la Corporaci\u00f3n Nacional Forestal (CONAF), ambas instituciones dependientes del Ministerio de Agricultura, y con el apoyo del Centro de Investigaci\u00f3n en Ecosistemas de la Patagonia (CIEP) y la Ilustre Municipalidad de Coyhaique, realizaron el pasado 4, 5 y 6 de diciembre el \u00abV Congreso Internacional Agroforestal Patag\u00f3nico\u00bb y \u00abII Congreso Forestal Patag\u00f3nico\u00bb, organizado por la Sede Patagonia de INFOR en la regi\u00f3n de Ays\u00e9n.<\/p>\n<p style=\"text-align: justify;\">El encuentro, que tuvo como objetivo principal el promover los sistemas agroforestales en la regi\u00f3n,\u00a0 cont\u00f3 adem\u00e1s con relatores internacionales de Argentina y Colombia, junto\u00a0a expositores nacionales, quienes compartieron su experiencia sobre el uso de sistemas agroforestales para mejorar la erosi\u00f3n y degradaci\u00f3n de suelos, cursos de agua, y p\u00e9rdida de biodiversidad en la Patagonia, \u00a0manejo forestal sustentable, el efecto de las plantaciones,\u00a0 y como estos ayudan a los agricultores para hacer m\u00e1s eficientes y obtener mayores ingresos en sus predios.<\/p>\n<p style=\"text-align: justify;\">Al respecto, la directora ejecutiva de INFOR, Sandra Gacit\u00faa, destac\u00f3 la relevancia de realizar el V Congreso Internacional de Agroforester\u00eda en la regi\u00f3n y dijo \u00abestamos super contentos de liderar nuevamente un Congreso Internacional en esta materia. Este es un hito importante para INFOR con el cual hemos respondido al mandato del ministro\u00a0de Agricultura Esteban Valenzuela.\u00a0As\u00ed hemos desarrollado tambi\u00e9n esta tem\u00e1tica en las regiones de Biob\u00edo y Coquimbo con la finalidad de establecer mecanismos que permitan la recuperaci\u00f3n productiva del territorio y de los suelos erosionados, principalmente en la regi\u00f3n de Ays\u00e9n y a nivel nacional, mediante la agroforester\u00eda\u00bb.<\/p>\n<p style=\"text-align: justify;\">En ese sentido, Gacit\u00faa enfatiz\u00f3 que los sistemas agroforestales \u00abno s\u00f3lo mejoran la productividad, sino tambi\u00e9n restauran servicios ambientales, permitiendo el desarrollo sustentable de nuestros territorios, siempre pensado en apoyar a la sostenibilidad de la agricultura familiar campesina, que es con quienes trabajamos\u00bb.<\/p>\n<p style=\"text-align: justify;\">A su vez, el seremi de Agricultura de la regi\u00f3n de Ays\u00e9n, Eugenio Ruiz, detall\u00f3 que \u00aben Ays\u00e9n hoy tenemos m\u00e1s de 4 mil hect\u00e1reas de bosque nativo, siendo la regi\u00f3n m\u00e1s robusta a nivel nacional en este sentido. Esto significa que hay una superficie importante para contribuir a la restauraci\u00f3n y recuperaci\u00f3n productiva bajo la perspectiva de un desarrollo sustentable, aplicando tecnolog\u00edas amigables con el cuidado del medioambiente. El Ministerio de Agricultura avanza en el desarrollo forestal y estamos muy contentos de que estos Congresos realizados en la Patagonia permitan abrir el di\u00e1logo internacional para avanzar en conjunto\u00bb.<\/p>\n<p style=\"text-align: justify;\">Cabe destacar que las charlas magistrales y plenarios fueron los protagonistas durante las primeras dos jornadas, donde m\u00e1s de 20 especialistas de Chile, Argentina y Colombia abordaron elementos de sistemas agroforestales en Am\u00e9rica del Sur para el desarrollo sostenible, uso sostenible de sistemas silvoagropecuarios, experiencias de intervenci\u00f3n, estrategias de restauraci\u00f3n, evaluaci\u00f3n silvopastoril y clasificaci\u00f3n de bosques, entre muchas otras.<\/p>\n<p style=\"text-align: justify;\">En tanto, la concejala de la Ilustre Municipalidad de Coyhaique y recolectora de Productos Forestales no Madereros (PFNM), Marcela Ag\u00fcero valor\u00f3 la importancia de la tem\u00e1tica. \u00abTenemos una gran cantidad de bosque tanto nativo como introducido y que est\u00e1n muy aleda\u00f1as a las comunidades campesinas, entonces a medida que este concepto de agroforester\u00eda se vaya trabajando de forma sustentable, con una visi\u00f3n global, con un pensamiento de mitigaci\u00f3n al Cambio Clim\u00e1tico, trabajando con las comunidades puede significar un cambio sustentable y sostenible para una comuna como Coyhaique o una regi\u00f3n como la de Ays\u00e9n\u00bb, indic\u00f3.<\/p>\n<p style=\"text-align: justify;\">Finalmente, el encargado de la L\u00ednea de Sistemas Agroforestales de INFOR, \u00c1lvaro Sotomayor, se\u00f1al\u00f3 que el encuentro fue el escenario para \u00abContribuir al intercambio de conocimientos cient\u00edficos-tecnol\u00f3gicos, metodol\u00f3gicos y pr\u00e1cticos sobre el avance de los sistemas agroforestales y los recursos forestales como bosque nativo y plantaciones, que fueron las principales materias abordadas en las jornadas, destacando que su implementaci\u00f3n y uso sustentable posibilitar\u00e1 contribuir a un mejor desarrollo de la regi\u00f3n Patag\u00f3nica en Chile y Argentina\u00bb.<\/p>\n<p style=\"text-align: justify;\"><strong>Gira en terreno<\/strong><\/p>\n<p style=\"text-align: justify;\">Con especial inter\u00e9s de conocer experiencias de trabajo y observar la propagaci\u00f3n de plantas nativas en viveros innovadores de la Patagonia, varios de los asistentes tanto al V Congreso Agroforestal Patag\u00f3nico y II Congreso Forestal Patag\u00f3nico, se trasladaron a una gira t\u00e9cnica en terreno en los alrededores de la capital regional de Ays\u00e9n. El Sector Baguales, Cerro Galera, cuesta Alvarado, Balmaceda y sector Mano Negra fueron los destinos para conocer in situ el trabajo de agroforester\u00eda en la regi\u00f3n.<\/p>\n<\/div><\/section><\/div><div  style='height:50px' class='hr hr-invisible   avia-builder-el-6  el_after_av_one_full  el_before_av_social_share '><span class='hr-inner ' ><span class='hr-inner-style'><\/span><\/span><\/div><\/p>\n<div  class='av-social-sharing-box  avia-builder-el-7  el_after_av_hr  el_before_av_hr  '><div class='av-share-box'><h5 class='av-share-link-description av-no-toc '>Compartir esta noticia<\/h5><ul class='av-share-box-list noLightbox'><li class='av-share-link av-social-link-facebook' ><a target=\"_blank\" aria-label=\"Compartir en Facebook\" href='https:\/\/www.facebook.com\/sharer.php?u=https:\/\/radiorevelacionfm.cl\/?p=49006&#038;t=Congreso%20internacional%20abord%C3%B3%20tem%C3%A1ticas%20y%20soluciones%20para%20la%20restauraci%C3%B3n%20y%20recuperaci%C3%B3n%20en%20la%20Patagonia%20Chilena%20%E2%80%93%20Argentina' aria-hidden='false' data-av_icon='\ue8f3' data-av_iconfont='entypo-fontello' title='' data-avia-related-tooltip='Compartir en Facebook' rel=\"noopener\"><span class='avia_hidden_link_text'>Compartir en Facebook<\/span><\/a><\/li><li class='av-share-link av-social-link-twitter' ><a target=\"_blank\" aria-label=\"Compartir en Twitter\" href='https:\/\/twitter.com\/share?text=Congreso%20internacional%20abord%C3%B3%20tem%C3%A1ticas%20y%20soluciones%20para%20la%20restauraci%C3%B3n%20y%20recuperaci%C3%B3n%20en%20la%20Patagonia%20Chilena%20%E2%80%93%20Argentina&#038;url=https:\/\/radiorevelacionfm.cl\/?p=49006' aria-hidden='false' data-av_icon='\ue8f1' data-av_iconfont='entypo-fontello' title='' data-avia-related-tooltip='Compartir en Twitter' rel=\"noopener\"><span class='avia_hidden_link_text'>Compartir en Twitter<\/span><\/a><\/li><li class='av-share-link av-social-link-whatsapp' ><a target=\"_blank\" aria-label=\"Compartir en Whatsapp\" href='https:\/\/api.whatsapp.com\/send?text=https:\/\/radiorevelacionfm.cl\/?p=49006' aria-hidden='false' data-av_icon='\uf232' data-av_iconfont='entypo-fontello' title='' data-avia-related-tooltip='Compartir en Whatsapp' rel=\"noopener\"><span class='avia_hidden_link_text'>Compartir en Whatsapp<\/span><\/a><\/li><li class='av-share-link av-social-link-linkedin' ><a target=\"_blank\" aria-label=\"Compartir en LinkedIn\" href='https:\/\/linkedin.com\/shareArticle?mini=true&#038;title=Congreso%20internacional%20abord%C3%B3%20tem%C3%A1ticas%20y%20soluciones%20para%20la%20restauraci%C3%B3n%20y%20recuperaci%C3%B3n%20en%20la%20Patagonia%20Chilena%20%E2%80%93%20Argentina&#038;url=https:\/\/radiorevelacionfm.cl\/?p=49006' aria-hidden='false' data-av_icon='\ue8fc' data-av_iconfont='entypo-fontello' title='' data-avia-related-tooltip='Compartir en LinkedIn' rel=\"noopener\"><span class='avia_hidden_link_text'>Compartir en LinkedIn<\/span><\/a><\/li><li class='av-share-link av-social-link-mail' ><a  aria-label=\"Compartir por correo\" href='mailto:?subject=Congreso%20internacional%20abord%C3%B3%20tem%C3%A1ticas%20y%20soluciones%20para%20la%20restauraci%C3%B3n%20y%20recuperaci%C3%B3n%20en%20la%20Patagonia%20Chilena%20%E2%80%93%20Argentina&#038;body=https:\/\/radiorevelacionfm.cl\/?p=49006' aria-hidden='false' data-av_icon='\ue805' data-av_iconfont='entypo-fontello' title='' data-avia-related-tooltip='Compartir por correo'><span class='avia_hidden_link_text'>Compartir por correo<\/span><\/a><\/li><\/ul><\/div><\/div>\n<div  style='height:50px' class='hr hr-invisible   avia-builder-el-8  el_after_av_social_share  el_before_av_comments_list '><span class='hr-inner ' ><span class='hr-inner-style'><\/span><\/span><\/div>\n<div  class='av-buildercomment  av-blog-meta-html-info-disabled av-blog-meta-tag-disabled  '><\/div>\n","protected":false},"excerpt":{"rendered":"","protected":false},"author":1,"featured_media":49007,"comment_status":"open","ping_status":"open","sticky":false,"template":"","format":"standard","meta":{"footnotes":""},"categories":[38],"tags":[],"class_list":["post-49006","post","type-post","status-publish","format-standard","has-post-thumbnail","hentry","category-regional"],"jetpack_featured_media_url":"https:\/\/radiorevelacionfm.cl\/wp-content\/uploads\/2024\/12\/congreso-infor-foto-01-1_optimized.jpeg","_links":{"self":[{"href":"https:\/\/radiorevelacionfm.cl\/index.php?rest_route=\/wp\/v2\/posts\/49006","targetHints":{"allow":["GET"]}}],"collection":[{"href":"https:\/\/radiorevelacionfm.cl\/index.php?rest_route=\/wp\/v2\/posts"}],"about":[{"href":"https:\/\/radiorevelacionfm.cl\/index.php?rest_route=\/wp\/v2\/types\/post"}],"author":[{"embeddable":true,"href":"https:\/\/radiorevelacionfm.cl\/index.php?rest_route=\/wp\/v2\/users\/1"}],"replies":[{"embeddable":true,"href":"https:\/\/radiorevelacionfm.cl\/index.php?rest_route=%2Fwp%2Fv2%2Fcomments&post=49006"}],"version-history":[{"count":1,"href":"https:\/\/radiorevelacionfm.cl\/index.php?rest_route=\/wp\/v2\/posts\/49006\/revisions"}],"predecessor-version":[{"id":49008,"href":"https:\/\/radiorevelacionfm.cl\/index.php?rest_route=\/wp\/v2\/posts\/49006\/revisions\/49008"}],"wp:featuredmedia":[{"embeddable":true,"href":"https:\/\/radiorevelacionfm.cl\/index.php?rest_route=\/wp\/v2\/media\/49007"}],"wp:attachment":[{"href":"https:\/\/radiorevelacionfm.cl\/index.php?rest_route=%2Fwp%2Fv2%2Fmedia&parent=49006"}],"wp:term":[{"taxonomy":"category","embeddable":true,"href":"https:\/\/radiorevelacionfm.cl\/index.php?rest_route=%2Fwp%2Fv2%2Fcategories&post=49006"},{"taxonomy":"post_tag","embeddable":true,"href":"https:\/\/radiorevelacionfm.cl\/index.php?rest_route=%2Fwp%2Fv2%2Ftags&post=49006"}],"curies":[{"name":"wp","href":"https:\/\/api.w.org\/{rel}","templated":true}]}}