{"id":49003,"date":"2024-12-18T16:01:24","date_gmt":"2024-12-18T19:01:24","guid":{"rendered":"https:\/\/radiorevelacionfm.cl\/?p=49003"},"modified":"2024-12-18T16:01:24","modified_gmt":"2024-12-18T19:01:24","slug":"gendarmeria-inauguro-seccion-femenina-de-puerto-aysen-conmemorando-el-dia-internacional-de-los-ddhh","status":"publish","type":"post","link":"https:\/\/radiorevelacionfm.cl\/?p=49003","title":{"rendered":"Gendarmer\u00eda inaugur\u00f3 secci\u00f3n femenina de Puerto Ays\u00e9n conmemorando el D\u00eda Internacional de los DDHH"},"content":{"rendered":"<div class=\"flex_column av_one_full  flex_column_div av-zero-column-padding first  avia-builder-el-0  el_before_av_one_full  avia-builder-el-first  \" style='border-radius:0px; '><div  class='avia-image-container  av-styling-    avia-builder-el-1  avia-builder-el-no-sibling  avia-align-center '  itemprop=\"image\" itemscope=\"itemscope\" itemtype=\"https:\/\/schema.org\/ImageObject\"  ><div class='avia-image-container-inner'><div class='avia-image-overlay-wrap'><img decoding=\"async\" class='wp-image-49004 avia-img-lazy-loading-not-49004 avia_image' src=\"https:\/\/radiorevelacionfm.cl\/wp-content\/uploads\/2024\/12\/IMG_3077-1-1.jpg\" alt='' title='IMG_3077 (1) (1)' height=\"600\" width=\"900\"  itemprop=\"thumbnailUrl\" srcset=\"https:\/\/radiorevelacionfm.cl\/wp-content\/uploads\/2024\/12\/IMG_3077-1-1.jpg 900w, https:\/\/radiorevelacionfm.cl\/wp-content\/uploads\/2024\/12\/IMG_3077-1-1-300x200.jpg 300w, https:\/\/radiorevelacionfm.cl\/wp-content\/uploads\/2024\/12\/IMG_3077-1-1-768x512.jpg 768w, https:\/\/radiorevelacionfm.cl\/wp-content\/uploads\/2024\/12\/IMG_3077-1-1-705x470.jpg 705w, https:\/\/radiorevelacionfm.cl\/wp-content\/uploads\/2024\/12\/IMG_3077-1-1-450x300.jpg 450w, https:\/\/radiorevelacionfm.cl\/wp-content\/uploads\/2024\/12\/IMG_3077-1-1-600x400.jpg 600w\" sizes=\"(max-width: 900px) 100vw, 900px\" \/><\/div><\/div><\/div><\/div><div class=\"flex_column av_one_full  flex_column_div av-zero-column-padding first  avia-builder-el-2  el_after_av_one_full  el_before_av_one_full  column-top-margin\" style='border-radius:0px; '><section class=\"av_textblock_section \"  itemscope=\"itemscope\" itemtype=\"https:\/\/schema.org\/BlogPosting\" itemprop=\"blogPost\" ><div class='avia_textblock  '   itemprop=\"text\" ><p style=\"text-align: center;\"><strong><span style=\"font-size: 18pt;\">Gendarmer\u00eda inaugur\u00f3 secci\u00f3n femenina de Puerto Ays\u00e9n conmemorando el D\u00eda Internacional de los DDHH<\/span><\/strong><\/p>\n<div id=\"gtx-trans\" style=\"position: absolute; left: -50px; top: 4.31534px;\">\n<div class=\"gtx-trans-icon\"><\/div>\n<\/div>\n<\/div><\/section><\/div><div class=\"flex_column av_one_full  flex_column_div av-zero-column-padding first  avia-builder-el-4  el_after_av_one_full  el_before_av_hr  column-top-margin\" style='border-radius:0px; '><section class=\"av_textblock_section \"  itemscope=\"itemscope\" itemtype=\"https:\/\/schema.org\/BlogPosting\" itemprop=\"blogPost\" ><div class='avia_textblock  '   itemprop=\"text\" ><p style=\"text-align: justify;\">En el Centro de Detenci\u00f3n Preventiva de Puerto Ays\u00e9n, Gendarmer\u00eda de Chile realiz\u00f3 su ceremonia de Conmemoraci\u00f3n del D\u00eda Internacional de los Derechos Humanos e Inauguraci\u00f3n de la Secci\u00f3n Femenina de dicho recinto penal.<\/p>\n<p style=\"text-align: justify;\">Realizar los dos hitos juntos tiene que ver con la relevancia que tiene la nueva secci\u00f3n femenina para los Derechos Humanos de un grupo altamente vulnerable en cualquier sociedad, como lo son las mujeres privadas de libertad.<\/p>\n<p style=\"text-align: justify;\">\u201cEs un avance significativo en materia de DDHH, nos da la oportunidad de conmemorar el d\u00eda internacional de los DDHH, junto con este acercamiento de mayores oportunidades a las mujeres privadas de libertad, para las cuales se est\u00e1 inaugurando una secci\u00f3n con capacidad para diez personas, lo que es un avance en las brechas de g\u00e9nero existentes\u201d indic\u00f3 el director regional de Gendarmer\u00eda, teniente coronel, Pablo Torres Herrera.<\/p>\n<p style=\"text-align: justify;\">Por su parte el Seremi de Justicia y DDHH, hizo \u00e9nfasis en los compromisos de la agenda de G\u00e9nero de Gobierno, como en la relevancia de entregar mejores condiciones de reinserci\u00f3n para aportar a la seguridad p\u00fablica. \u201cEsta Secci\u00f3n nos permite entregar mejores condiciones a las mujeres privadas de libertad, realizar una mejor segmentaci\u00f3n, entregar condiciones con infraestructura nueva\u2026 Como Gobierno estamos comprometidos con la lucha contra la delincuencia, pero tambi\u00e9n con entregar mejores condiciones para la reinserci\u00f3n\u201d subray\u00f3.<\/p>\n<p style=\"text-align: justify;\">La apertura de la Secci\u00f3n Femenina de Puerto Ays\u00e9n obedece a un fallo judicial de la Corte de Apelaciones de Coyhaique \u201cSostener que son verdaderas oportunidades los recursos judiciales para modificar a veces las condiciones de nuestros internos y nuestras internas, eso se ve refrendado en el d\u00eda de hoy que estamos conmemorando el d\u00eda internacional de los derechos humanos\u2026 Sostener que es simb\u00f3lico porque se siembra con\u00a0 un peque\u00f1o grano, el cultivo de mejores condiciones para las internas de esta regi\u00f3n, reinaugurando una secci\u00f3n femenina, que permitir\u00e1 en mejores condiciones dentro de los escasos recursos que siempre existen a nivel del estado, la pervivencia de internas en una situaci\u00f3n mejorada respecto de la que ten\u00edan en el penal de Coyhaique\u201d agreg\u00f3 el presidente de la Corte de Apelaciones de Coyhaique, Luis Aedo Mora.<\/p>\n<p style=\"text-align: justify;\">Por su parte el Jefe Regional del INDH, Joaqu\u00edn Bizama Tiznado indic\u00f3 que la actividad \u201cSignifica la concreci\u00f3n de la sentencia que se dict\u00f3 por la Corte de Apelaciones, en un\u00a0 recurso que presentamos en forma conjunta con la Defensor\u00eda Penal P\u00fablica, donde de alguna otra manera dimos cuenta de algunas situaciones que constitu\u00edan una discriminaci\u00f3n para las mujeres en esta regi\u00f3n; y a prop\u00f3sito de eso estamos inaugurando esta secci\u00f3n femenina, eso hacerlo coincidir con el d\u00eda de los DDHH\u00a0 sin duda que toma un realce distinto\u201d<\/p>\n<p style=\"text-align: justify;\">Las dependencias de la secci\u00f3n femenina del CDP de Puerto Ays\u00e9n consideran una superficie total de 142 m\u00b2, Un dormitorio colectivo con capacidad para 10 personas y una sala de estar, ambos espacios con su respectivo ba\u00f1o. A ellos se suman un patio techado, una guardia y una oficina de atenci\u00f3n<strong>.<\/strong><\/p>\n<p style=\"text-align: justify;\">Para la habilitaci\u00f3n de esta secci\u00f3n se mejor\u00f3 el piso de dormitorios y sala de estar, as\u00ed como la pintura. Se repar\u00f3 el sistema de iluminaci\u00f3n y ambas salas de ba\u00f1o con artefactos nuevos y reemplazo de cer\u00e1micas, adem\u00e1s de la compra de mobiliario.<\/p>\n<\/div><\/section><\/div><div  style='height:50px' class='hr hr-invisible   avia-builder-el-6  el_after_av_one_full  el_before_av_social_share '><span class='hr-inner ' ><span class='hr-inner-style'><\/span><\/span><\/div><\/p>\n<div  class='av-social-sharing-box  avia-builder-el-7  el_after_av_hr  el_before_av_hr  '><div class='av-share-box'><h5 class='av-share-link-description av-no-toc '>Compartir esta noticia<\/h5><ul class='av-share-box-list noLightbox'><li class='av-share-link av-social-link-facebook' ><a target=\"_blank\" aria-label=\"Compartir en Facebook\" href='https:\/\/www.facebook.com\/sharer.php?u=https:\/\/radiorevelacionfm.cl\/?p=49003&#038;t=Gendarmer%C3%ADa%20inaugur%C3%B3%20secci%C3%B3n%20femenina%20de%20Puerto%20Ays%C3%A9n%20conmemorando%20el%20D%C3%ADa%20Internacional%20de%20los%20DDHH' aria-hidden='false' data-av_icon='\ue8f3' data-av_iconfont='entypo-fontello' title='' data-avia-related-tooltip='Compartir en Facebook' rel=\"noopener\"><span class='avia_hidden_link_text'>Compartir en Facebook<\/span><\/a><\/li><li class='av-share-link av-social-link-twitter' ><a target=\"_blank\" aria-label=\"Compartir en Twitter\" href='https:\/\/twitter.com\/share?text=Gendarmer%C3%ADa%20inaugur%C3%B3%20secci%C3%B3n%20femenina%20de%20Puerto%20Ays%C3%A9n%20conmemorando%20el%20D%C3%ADa%20Internacional%20de%20los%20DDHH&#038;url=https:\/\/radiorevelacionfm.cl\/?p=49003' aria-hidden='false' data-av_icon='\ue8f1' data-av_iconfont='entypo-fontello' title='' data-avia-related-tooltip='Compartir en Twitter' rel=\"noopener\"><span class='avia_hidden_link_text'>Compartir en Twitter<\/span><\/a><\/li><li class='av-share-link av-social-link-whatsapp' ><a target=\"_blank\" aria-label=\"Compartir en Whatsapp\" href='https:\/\/api.whatsapp.com\/send?text=https:\/\/radiorevelacionfm.cl\/?p=49003' aria-hidden='false' data-av_icon='\uf232' data-av_iconfont='entypo-fontello' title='' data-avia-related-tooltip='Compartir en Whatsapp' rel=\"noopener\"><span class='avia_hidden_link_text'>Compartir en Whatsapp<\/span><\/a><\/li><li class='av-share-link av-social-link-linkedin' ><a target=\"_blank\" aria-label=\"Compartir en LinkedIn\" href='https:\/\/linkedin.com\/shareArticle?mini=true&#038;title=Gendarmer%C3%ADa%20inaugur%C3%B3%20secci%C3%B3n%20femenina%20de%20Puerto%20Ays%C3%A9n%20conmemorando%20el%20D%C3%ADa%20Internacional%20de%20los%20DDHH&#038;url=https:\/\/radiorevelacionfm.cl\/?p=49003' aria-hidden='false' data-av_icon='\ue8fc' data-av_iconfont='entypo-fontello' title='' data-avia-related-tooltip='Compartir en LinkedIn' rel=\"noopener\"><span class='avia_hidden_link_text'>Compartir en LinkedIn<\/span><\/a><\/li><li class='av-share-link av-social-link-mail' ><a  aria-label=\"Compartir por correo\" href='mailto:?subject=Gendarmer%C3%ADa%20inaugur%C3%B3%20secci%C3%B3n%20femenina%20de%20Puerto%20Ays%C3%A9n%20conmemorando%20el%20D%C3%ADa%20Internacional%20de%20los%20DDHH&#038;body=https:\/\/radiorevelacionfm.cl\/?p=49003' aria-hidden='false' data-av_icon='\ue805' data-av_iconfont='entypo-fontello' title='' data-avia-related-tooltip='Compartir por correo'><span class='avia_hidden_link_text'>Compartir por correo<\/span><\/a><\/li><\/ul><\/div><\/div>\n<div  style='height:50px' class='hr hr-invisible   avia-builder-el-8  el_after_av_social_share  el_before_av_comments_list '><span class='hr-inner ' ><span class='hr-inner-style'><\/span><\/span><\/div>\n<div  class='av-buildercomment  av-blog-meta-html-info-disabled av-blog-meta-tag-disabled  '><\/div>\n","protected":false},"excerpt":{"rendered":"","protected":false},"author":1,"featured_media":49004,"comment_status":"open","ping_status":"open","sticky":false,"template":"","format":"standard","meta":{"footnotes":""},"categories":[55],"tags":[],"class_list":["post-49003","post","type-post","status-publish","format-standard","has-post-thumbnail","hentry","category-justicia"],"jetpack_featured_media_url":"https:\/\/radiorevelacionfm.cl\/wp-content\/uploads\/2024\/12\/IMG_3077-1-1.jpg","_links":{"self":[{"href":"https:\/\/radiorevelacionfm.cl\/index.php?rest_route=\/wp\/v2\/posts\/49003","targetHints":{"allow":["GET"]}}],"collection":[{"href":"https:\/\/radiorevelacionfm.cl\/index.php?rest_route=\/wp\/v2\/posts"}],"about":[{"href":"https:\/\/radiorevelacionfm.cl\/index.php?rest_route=\/wp\/v2\/types\/post"}],"author":[{"embeddable":true,"href":"https:\/\/radiorevelacionfm.cl\/index.php?rest_route=\/wp\/v2\/users\/1"}],"replies":[{"embeddable":true,"href":"https:\/\/radiorevelacionfm.cl\/index.php?rest_route=%2Fwp%2Fv2%2Fcomments&post=49003"}],"version-history":[{"count":1,"href":"https:\/\/radiorevelacionfm.cl\/index.php?rest_route=\/wp\/v2\/posts\/49003\/revisions"}],"predecessor-version":[{"id":49005,"href":"https:\/\/radiorevelacionfm.cl\/index.php?rest_route=\/wp\/v2\/posts\/49003\/revisions\/49005"}],"wp:featuredmedia":[{"embeddable":true,"href":"https:\/\/radiorevelacionfm.cl\/index.php?rest_route=\/wp\/v2\/media\/49004"}],"wp:attachment":[{"href":"https:\/\/radiorevelacionfm.cl\/index.php?rest_route=%2Fwp%2Fv2%2Fmedia&parent=49003"}],"wp:term":[{"taxonomy":"category","embeddable":true,"href":"https:\/\/radiorevelacionfm.cl\/index.php?rest_route=%2Fwp%2Fv2%2Fcategories&post=49003"},{"taxonomy":"post_tag","embeddable":true,"href":"https:\/\/radiorevelacionfm.cl\/index.php?rest_route=%2Fwp%2Fv2%2Ftags&post=49003"}],"curies":[{"name":"wp","href":"https:\/\/api.w.org\/{rel}","templated":true}]}}