{"id":49000,"date":"2024-12-18T14:43:40","date_gmt":"2024-12-18T17:43:40","guid":{"rendered":"https:\/\/radiorevelacionfm.cl\/?p=49000"},"modified":"2024-12-18T14:43:40","modified_gmt":"2024-12-18T17:43:40","slug":"aquachile-realiza-curso-de-lenguaje-de-senas-a-rehabilita-aysen","status":"publish","type":"post","link":"https:\/\/radiorevelacionfm.cl\/?p=49000","title":{"rendered":"AquaChile realiza curso de lenguaje de se\u00f1as a Rehabilita Ays\u00e9n"},"content":{"rendered":"<div class=\"flex_column av_one_full  flex_column_div av-zero-column-padding first  avia-builder-el-0  el_before_av_one_full  avia-builder-el-first  \" style='border-radius:0px; '><div  class='avia-image-container  av-styling-    avia-builder-el-1  avia-builder-el-no-sibling  avia-align-center '  itemprop=\"image\" itemscope=\"itemscope\" itemtype=\"https:\/\/schema.org\/ImageObject\"  ><div class='avia-image-container-inner'><div class='avia-image-overlay-wrap'><img decoding=\"async\" class='wp-image-49001 avia-img-lazy-loading-not-49001 avia_image' src=\"https:\/\/radiorevelacionfm.cl\/wp-content\/uploads\/2024\/12\/foto-2-40-1_optimized-1.jpeg\" alt='' title='foto-2-(40)-(1)_optimized (1)' height=\"600\" width=\"1068\"  itemprop=\"thumbnailUrl\" srcset=\"https:\/\/radiorevelacionfm.cl\/wp-content\/uploads\/2024\/12\/foto-2-40-1_optimized-1.jpeg 1068w, https:\/\/radiorevelacionfm.cl\/wp-content\/uploads\/2024\/12\/foto-2-40-1_optimized-1-300x169.jpeg 300w, https:\/\/radiorevelacionfm.cl\/wp-content\/uploads\/2024\/12\/foto-2-40-1_optimized-1-1030x579.jpeg 1030w, https:\/\/radiorevelacionfm.cl\/wp-content\/uploads\/2024\/12\/foto-2-40-1_optimized-1-768x431.jpeg 768w, https:\/\/radiorevelacionfm.cl\/wp-content\/uploads\/2024\/12\/foto-2-40-1_optimized-1-705x396.jpeg 705w, https:\/\/radiorevelacionfm.cl\/wp-content\/uploads\/2024\/12\/foto-2-40-1_optimized-1-450x253.jpeg 450w, https:\/\/radiorevelacionfm.cl\/wp-content\/uploads\/2024\/12\/foto-2-40-1_optimized-1-600x337.jpeg 600w\" sizes=\"(max-width: 1068px) 100vw, 1068px\" \/><\/div><\/div><\/div><\/div><div class=\"flex_column av_one_full  flex_column_div av-zero-column-padding first  avia-builder-el-2  el_after_av_one_full  el_before_av_one_full  column-top-margin\" style='border-radius:0px; '><section class=\"av_textblock_section \"  itemscope=\"itemscope\" itemtype=\"https:\/\/schema.org\/BlogPosting\" itemprop=\"blogPost\" ><div class='avia_textblock  '   itemprop=\"text\" ><p style=\"text-align: center;\"><span style=\"font-size: 18pt;\"><b>AquaChile realiza curso de lenguaje de se\u00f1as a Rehabilita Ays\u00e9n<\/b><\/span><\/p>\n<div id=\"gtx-trans\" style=\"position: absolute; left: -50px; top: 4.31534px;\">\n<div class=\"gtx-trans-icon\"><\/div>\n<\/div>\n<\/div><\/section><\/div><div class=\"flex_column av_one_full  flex_column_div av-zero-column-padding first  avia-builder-el-4  el_after_av_one_full  el_before_av_hr  column-top-margin\" style='border-radius:0px; '><section class=\"av_textblock_section \"  itemscope=\"itemscope\" itemtype=\"https:\/\/schema.org\/BlogPosting\" itemprop=\"blogPost\" ><div class='avia_textblock  '   itemprop=\"text\" ><p class=\"v1MsoNormal\" style=\"text-align: justify;\"><i>La actividad formativa les entreg\u00f3 a los 10 participantes, herramientas pr\u00e1cticas para mejorar la comunicaci\u00f3n inclusiva y fortalecer el v\u00ednculo con las personas que atienden diariamente.<\/i><\/p>\n<p class=\"v1MsoNormal\" style=\"text-align: justify;\">Con la finalidad de continuar impulsando un impacto social tangible dentro de la comuna de Ays\u00e9n, AquaChile llev\u00f3 a cabo un curso de lenguaje de se\u00f1as para los colaboradores del centro Rehabilita Ays\u00e9n, entregando herramientas esenciales para la comunicaci\u00f3n con personas sordas. Esta iniciativa refuerza el compromiso de AquaChile con el desarrollo de capacidades que generan impacto directo en las comunidades.<\/p>\n<p class=\"v1MsoNormal\" style=\"text-align: justify;\">El curso de lengua de se\u00f1as fue dirigido a los colaboradores del centro, entreg\u00e1ndoles herramientas pr\u00e1cticas para mejorar la comunicaci\u00f3n inclusiva y fortalecer el v\u00ednculo con las personas que atienden diariamente. Vanessa Vera, coordinadora de la oficina de discapacidad de la Ilustre Municipalidad de Ays\u00e9n, coment\u00f3:<i>\u00a0<\/i>\u00abPara nosotros como profesionales es una herramienta fundamental para poder apostar d\u00eda a d\u00eda lo que es la inclusi\u00f3n y as\u00ed eliminar las barreras que tenemos hoy\u00bb.<\/p>\n<p class=\"v1MsoNormal\" style=\"text-align: justify;\">Durante el curso, guiado por un experto en lengua de se\u00f1as, los participantes adquirieron competencias clave en comunicaci\u00f3n b\u00e1sica, desarrollando din\u00e1micas grupales y pr\u00e1cticas que fortalecieron su comprensi\u00f3n y habilidades. En este contexto, Francisca Ronda presidenta de la Fundaci\u00f3n Fibromialgia y Dolor Cr\u00f3nico Renaciendo Juntos de la regi\u00f3n Ays\u00e9n, dijo que \u00abes s\u00faper importante aprender lengua de se\u00f1as, principalmente para poder abarcar todas las enfermedades y as\u00ed lograr esta inclusi\u00f3n que sea m\u00e1s integral\u00bb.<\/p>\n<p class=\"v1MsoNormal\" style=\"text-align: justify;\">Estas herramientas no solo mejorar\u00e1n la interacci\u00f3n diaria con personas sordas, sino que tambi\u00e9n representan un paso hacia la creaci\u00f3n de una sociedad m\u00e1s accesible y equitativa. \u00abEsto para nosotros tiene alta importancia porque seguimos acortando las brechas comunicacionales con la comunidad sorda\u00bb,<i>\u00a0<\/i>explic\u00f3<i>\u00a0<\/i>Gladys Z\u00fa\u00f1iga coordinadora del Centro Rehabilita.<i><\/i><\/p>\n<p class=\"v1MsoNormal\" style=\"text-align: justify;\">Por su parte, Ximena Sol\u00eds Pradenas, jefa de Relaciones Comunitarias de AquaChile en la regi\u00f3n de Ays\u00e9n, destac\u00f3 la realizaci\u00f3n de este curso y afirm\u00f3: \u00abLa relaci\u00f3n entre AquaChile y Fundaci\u00f3n Rehabilita es un reflejo del compromiso continuo de la empresa por generar valor en sus comunidades vecinas. Este curso de lengua de se\u00f1as se suma a una serie de acciones impulsadas para contribuir al desarrollo integral de las personas, reafirmando que, a trav\u00e9s del trabajo conjunto, es posible construir un futuro m\u00e1s inclusivo y accesible para todos\u00bb.<\/p>\n<p class=\"v1MsoNormal\" style=\"text-align: justify;\">AquaChile es el principal productor de salm\u00f3n en Chile. Elabora productos de la m\u00e1s alta calidad, y lo hace de la mano de una producci\u00f3n responsable con el medio ambiente y cercana con las comunidades vecinas.<\/p>\n<\/div><\/section><\/div><div  style='height:50px' class='hr hr-invisible   avia-builder-el-6  el_after_av_one_full  el_before_av_social_share '><span class='hr-inner ' ><span class='hr-inner-style'><\/span><\/span><\/div><\/p>\n<div  class='av-social-sharing-box  avia-builder-el-7  el_after_av_hr  el_before_av_hr  '><div class='av-share-box'><h5 class='av-share-link-description av-no-toc '>Compartir esta noticia<\/h5><ul class='av-share-box-list noLightbox'><li class='av-share-link av-social-link-facebook' ><a target=\"_blank\" aria-label=\"Compartir en Facebook\" href='https:\/\/www.facebook.com\/sharer.php?u=https:\/\/radiorevelacionfm.cl\/?p=49000&#038;t=AquaChile%20realiza%20curso%20de%20lenguaje%20de%20se%C3%B1as%20a%20Rehabilita%20Ays%C3%A9n' aria-hidden='false' data-av_icon='\ue8f3' data-av_iconfont='entypo-fontello' title='' data-avia-related-tooltip='Compartir en Facebook' rel=\"noopener\"><span class='avia_hidden_link_text'>Compartir en Facebook<\/span><\/a><\/li><li class='av-share-link av-social-link-twitter' ><a target=\"_blank\" aria-label=\"Compartir en Twitter\" href='https:\/\/twitter.com\/share?text=AquaChile%20realiza%20curso%20de%20lenguaje%20de%20se%C3%B1as%20a%20Rehabilita%20Ays%C3%A9n&#038;url=https:\/\/radiorevelacionfm.cl\/?p=49000' aria-hidden='false' data-av_icon='\ue8f1' data-av_iconfont='entypo-fontello' title='' data-avia-related-tooltip='Compartir en Twitter' rel=\"noopener\"><span class='avia_hidden_link_text'>Compartir en Twitter<\/span><\/a><\/li><li class='av-share-link av-social-link-whatsapp' ><a target=\"_blank\" aria-label=\"Compartir en Whatsapp\" href='https:\/\/api.whatsapp.com\/send?text=https:\/\/radiorevelacionfm.cl\/?p=49000' aria-hidden='false' data-av_icon='\uf232' data-av_iconfont='entypo-fontello' title='' data-avia-related-tooltip='Compartir en Whatsapp' rel=\"noopener\"><span class='avia_hidden_link_text'>Compartir en Whatsapp<\/span><\/a><\/li><li class='av-share-link av-social-link-linkedin' ><a target=\"_blank\" aria-label=\"Compartir en LinkedIn\" href='https:\/\/linkedin.com\/shareArticle?mini=true&#038;title=AquaChile%20realiza%20curso%20de%20lenguaje%20de%20se%C3%B1as%20a%20Rehabilita%20Ays%C3%A9n&#038;url=https:\/\/radiorevelacionfm.cl\/?p=49000' aria-hidden='false' data-av_icon='\ue8fc' data-av_iconfont='entypo-fontello' title='' data-avia-related-tooltip='Compartir en LinkedIn' rel=\"noopener\"><span class='avia_hidden_link_text'>Compartir en LinkedIn<\/span><\/a><\/li><li class='av-share-link av-social-link-mail' ><a  aria-label=\"Compartir por correo\" href='mailto:?subject=AquaChile%20realiza%20curso%20de%20lenguaje%20de%20se%C3%B1as%20a%20Rehabilita%20Ays%C3%A9n&#038;body=https:\/\/radiorevelacionfm.cl\/?p=49000' aria-hidden='false' data-av_icon='\ue805' data-av_iconfont='entypo-fontello' title='' data-avia-related-tooltip='Compartir por correo'><span class='avia_hidden_link_text'>Compartir por correo<\/span><\/a><\/li><\/ul><\/div><\/div>\n<div  style='height:50px' class='hr hr-invisible   avia-builder-el-8  el_after_av_social_share  el_before_av_comments_list '><span class='hr-inner ' ><span class='hr-inner-style'><\/span><\/span><\/div>\n<div  class='av-buildercomment  av-blog-meta-html-info-disabled av-blog-meta-tag-disabled  '><\/div>\n","protected":false},"excerpt":{"rendered":"","protected":false},"author":1,"featured_media":49001,"comment_status":"open","ping_status":"open","sticky":false,"template":"","format":"standard","meta":{"footnotes":""},"categories":[38],"tags":[],"class_list":["post-49000","post","type-post","status-publish","format-standard","has-post-thumbnail","hentry","category-regional"],"jetpack_featured_media_url":"https:\/\/radiorevelacionfm.cl\/wp-content\/uploads\/2024\/12\/foto-2-40-1_optimized-1.jpeg","_links":{"self":[{"href":"https:\/\/radiorevelacionfm.cl\/index.php?rest_route=\/wp\/v2\/posts\/49000","targetHints":{"allow":["GET"]}}],"collection":[{"href":"https:\/\/radiorevelacionfm.cl\/index.php?rest_route=\/wp\/v2\/posts"}],"about":[{"href":"https:\/\/radiorevelacionfm.cl\/index.php?rest_route=\/wp\/v2\/types\/post"}],"author":[{"embeddable":true,"href":"https:\/\/radiorevelacionfm.cl\/index.php?rest_route=\/wp\/v2\/users\/1"}],"replies":[{"embeddable":true,"href":"https:\/\/radiorevelacionfm.cl\/index.php?rest_route=%2Fwp%2Fv2%2Fcomments&post=49000"}],"version-history":[{"count":1,"href":"https:\/\/radiorevelacionfm.cl\/index.php?rest_route=\/wp\/v2\/posts\/49000\/revisions"}],"predecessor-version":[{"id":49002,"href":"https:\/\/radiorevelacionfm.cl\/index.php?rest_route=\/wp\/v2\/posts\/49000\/revisions\/49002"}],"wp:featuredmedia":[{"embeddable":true,"href":"https:\/\/radiorevelacionfm.cl\/index.php?rest_route=\/wp\/v2\/media\/49001"}],"wp:attachment":[{"href":"https:\/\/radiorevelacionfm.cl\/index.php?rest_route=%2Fwp%2Fv2%2Fmedia&parent=49000"}],"wp:term":[{"taxonomy":"category","embeddable":true,"href":"https:\/\/radiorevelacionfm.cl\/index.php?rest_route=%2Fwp%2Fv2%2Fcategories&post=49000"},{"taxonomy":"post_tag","embeddable":true,"href":"https:\/\/radiorevelacionfm.cl\/index.php?rest_route=%2Fwp%2Fv2%2Ftags&post=49000"}],"curies":[{"name":"wp","href":"https:\/\/api.w.org\/{rel}","templated":true}]}}