{"id":48997,"date":"2024-12-20T13:05:55","date_gmt":"2024-12-20T16:05:55","guid":{"rendered":"https:\/\/radiorevelacionfm.cl\/?p=48997"},"modified":"2024-12-20T13:05:55","modified_gmt":"2024-12-20T16:05:55","slug":"senador-sandoval-se-reunio-con-ministro-de-vivienda-junto-a-emprendedores-locales-para-analizar-alternativas-que-permitan-mejorar-aislacion-termica-de-viviendas-en-la-region","status":"publish","type":"post","link":"https:\/\/radiorevelacionfm.cl\/?p=48997","title":{"rendered":"Senador Sandoval se reuni\u00f3 con ministro de Vivienda junto a emprendedores locales para analizar alternativas que permitan mejorar aislaci\u00f3n t\u00e9rmica de viviendas en la regi\u00f3n"},"content":{"rendered":"<div class=\"flex_column av_one_full  flex_column_div av-zero-column-padding first  avia-builder-el-0  el_before_av_one_full  avia-builder-el-first  \" style='border-radius:0px; '><div  class='avia-image-container  av-styling-    avia-builder-el-1  avia-builder-el-no-sibling  avia-align-center '  itemprop=\"image\" itemscope=\"itemscope\" itemtype=\"https:\/\/schema.org\/ImageObject\"  ><div class='avia-image-container-inner'><div class='avia-image-overlay-wrap'><img decoding=\"async\" class='wp-image-48998 avia-img-lazy-loading-not-48998 avia_image' src=\"https:\/\/radiorevelacionfm.cl\/wp-content\/uploads\/2024\/12\/foto-reuniOn-1_optimized.jpg\" alt='' title='foto-reuni\u00d3n-(1)_optimized' height=\"600\" width=\"900\"  itemprop=\"thumbnailUrl\" srcset=\"https:\/\/radiorevelacionfm.cl\/wp-content\/uploads\/2024\/12\/foto-reuniOn-1_optimized.jpg 900w, https:\/\/radiorevelacionfm.cl\/wp-content\/uploads\/2024\/12\/foto-reuniOn-1_optimized-300x200.jpg 300w, https:\/\/radiorevelacionfm.cl\/wp-content\/uploads\/2024\/12\/foto-reuniOn-1_optimized-768x512.jpg 768w, https:\/\/radiorevelacionfm.cl\/wp-content\/uploads\/2024\/12\/foto-reuniOn-1_optimized-705x470.jpg 705w, https:\/\/radiorevelacionfm.cl\/wp-content\/uploads\/2024\/12\/foto-reuniOn-1_optimized-450x300.jpg 450w, https:\/\/radiorevelacionfm.cl\/wp-content\/uploads\/2024\/12\/foto-reuniOn-1_optimized-600x400.jpg 600w\" sizes=\"(max-width: 900px) 100vw, 900px\" \/><\/div><\/div><\/div><\/div><div class=\"flex_column av_one_full  flex_column_div av-zero-column-padding first  avia-builder-el-2  el_after_av_one_full  el_before_av_one_full  column-top-margin\" style='border-radius:0px; '><section class=\"av_textblock_section \"  itemscope=\"itemscope\" itemtype=\"https:\/\/schema.org\/BlogPosting\" itemprop=\"blogPost\" ><div class='avia_textblock  '   itemprop=\"text\" ><p style=\"text-align: center;\"><strong><span style=\"font-size: 18pt;\">Senador Sandoval se reuni\u00f3 con ministro de Vivienda junto a emprendedores locales para analizar alternativas que permitan mejorar aislaci\u00f3n t\u00e9rmica de viviendas en la regi\u00f3n <\/span><\/strong><\/p>\n<div id=\"gtx-trans\" style=\"position: absolute; left: -50px; top: 4.31534px;\">\n<div class=\"gtx-trans-icon\"><\/div>\n<\/div>\n<\/div><\/section><\/div><div class=\"flex_column av_one_full  flex_column_div av-zero-column-padding first  avia-builder-el-4  el_after_av_one_full  el_before_av_hr  column-top-margin\" style='border-radius:0px; '><section class=\"av_textblock_section \"  itemscope=\"itemscope\" itemtype=\"https:\/\/schema.org\/BlogPosting\" itemprop=\"blogPost\" ><div class='avia_textblock  '   itemprop=\"text\" ><p style=\"text-align: justify;\">Un importante encuentro para analizar alternativas que permitan mejorar la aislaci\u00f3n t\u00e9rmica de viviendas, entre otros aspectos, en la regi\u00f3n de Ays\u00e9n, fue la que sostuvo el senador David Sandoval con el ministro de Vivienda, Carlos Montes, junto a emprendedores locales.<\/p>\n<p style=\"text-align: justify;\">Tras la reuni\u00f3n, Sandoval dijo que \u201clo que hemos solicitado al ministerio, es que se comprometan con esto y dar soluci\u00f3n a uno de los problemas que tenemos, que es la precariedad en la aislaci\u00f3n t\u00e9rmica de viviendas\u201d, destacando por lo mismo el rol que cumplen emprendedores de la zona \u201cque est\u00e1n so\u00f1ando con cambiar la forma de hacer vivienda, a trav\u00e9s del uso de elementos propios de nuestra regi\u00f3n\u201d.<\/p>\n<p style=\"text-align: justify;\">Lo que se busca, agreg\u00f3, es tambi\u00e9n generar oportunidades, felicitando el trabajo que desarrolla la empresa Ays\u00e9n Recircular \u2013que recientemente gan\u00f3 el premio Territorio Circular 2024 en categor\u00eda emergente-, quien a trav\u00e9s de su CEO Fernando Soto, particip\u00f3 en la reuni\u00f3n de este lunes. \u201cEllos est\u00e1n desarrollando un proyecto s\u00faper novedoso, impulsando una vivienda de car\u00e1cter industrializado para darle a la regi\u00f3n alternativas de uso de recursos regionales\u201d, subray\u00f3.<\/p>\n<p style=\"text-align: justify;\">El parlamentario tambi\u00e9n relev\u00f3 la importancia de poder utilizar otros insumos disponibles en Ays\u00e9n, como es el caso de la lana. \u201cTambi\u00e9n estuvieron (en la reuni\u00f3n) el mundo de lo que significa el reciclaje y el uso de la lana de oveja que hoy d\u00eda se ha transformado en un dolor de cabeza para nuestros productores que por sexta temporada, est\u00e1n con serios problemas para la colocaci\u00f3n en el mercado, por los bajos precios\u201d, puntualiz\u00f3.<\/p>\n<p style=\"text-align: justify;\">Por lo mismo, dijo que \u201cestas son experiencias important\u00edsimas que van a llevar a abrir un espacio\u201d, se\u00f1alando que \u201caqu\u00ed son dos tecnolog\u00edas, son dos empresas, dos productos evidentemente regionales que tienen un impacto muy positivo en este esfuerzo\u201d, por lo cual espera que el MINVU \u201centienda que a trav\u00e9s de esto nosotros no solamente podemos generar calidad de vida, sino que tambi\u00e9n empleo para mucha gente en nuestra regi\u00f3n\u201d.<\/p>\n<p style=\"text-align: justify;\">Por su parte, el ministro Carlos Montes, destac\u00f3 la importancia de que haya un grupo productor de la regi\u00f3n que quiera generar nuevos insumos para la construcci\u00f3n. \u201cNuestra tarea es ver el efecto que tiene, desde el punto de vista de la calidad de los productos, de los procesos productivos, y a partir de eso ver de qu\u00e9 manera podemos incorporarlo, y para eso tenemos que verlo con Corfo. Pero nos parece algo muy importante y que es propio de lo que hay que hacer de aqu\u00ed\u00a0en\u00a0adelante\u201d, indic\u00f3.<\/p>\n<p style=\"text-align: justify;\">Fernando Soto, de la empresa Ays\u00e9nRecircular, valor\u00f3 el espacio de conversaci\u00f3n que se gener\u00f3. \u201cNos quedamos con una buena sensaci\u00f3n. Yo creo que el ministro se queda con una tarea de poder evaluar cosas concretas que pueden ser beneficiosas para la regi\u00f3n. Como as\u00ed tambi\u00e9n nos pas\u00f3 pega a nosotros para poder ver algunos estudios para revisar cu\u00e1nto podr\u00edan ser estos incentivos que nos podr\u00eda dar el ministerio\u201d, explic\u00f3.<\/p>\n<p style=\"text-align: justify;\">Soto, asimismo, destac\u00f3 las gestiones que al respecto ha realizado el senador Sandoval. \u201cPor todo el apoyo, por el generar estas instancias de conversaci\u00f3n con el ministro. Se nota que hay una preocupaci\u00f3n genuina de parte de \u00e9l para que estos proyectos locales salgan\u00a0adelante\u201d, resalt\u00f3.<\/p>\n<p style=\"text-align: justify;\">Por su parte, Marcos Peede, de la empresa Lava Lana Spa, plante\u00f3 que la reuni\u00f3n \u201csin duda es un avance en nuestro objetivo\u201d, agregando que \u201cel ministro creo nos interpret\u00f3 bien en nuestros anhelos\u201d. Peede dijo estar confiado en se van a tener resultados de la gesti\u00f3n realizada por el senador Sandoval, a quien agradeci\u00f3 junto al ministro Montes por la disposici\u00f3n para realizar el encuentro.<\/p>\n<p style=\"text-align: justify;\">Finalmente, Francisco Arriagada, director comercial de la empresa Bioaislant, agradeci\u00f3 la oportunidad de haber podido participar junto con las otras empresas de la regi\u00f3n en esta reuni\u00f3n. \u201cEstamos muy interesados en poder aterrizar con nuestras plantas productivas all\u00e1 en la regi\u00f3n y estas instancias acercan los objetivos a los que estamos buscando\u201d, concluy\u00f3.<\/p>\n<\/div><\/section><\/div><div  style='height:50px' class='hr hr-invisible   avia-builder-el-6  el_after_av_one_full  el_before_av_social_share '><span class='hr-inner ' ><span class='hr-inner-style'><\/span><\/span><\/div><\/p>\n<div  class='av-social-sharing-box  avia-builder-el-7  el_after_av_hr  el_before_av_hr  '><div class='av-share-box'><h5 class='av-share-link-description av-no-toc '>Compartir esta noticia<\/h5><ul class='av-share-box-list noLightbox'><li class='av-share-link av-social-link-facebook' ><a target=\"_blank\" aria-label=\"Compartir en Facebook\" href='https:\/\/www.facebook.com\/sharer.php?u=https:\/\/radiorevelacionfm.cl\/?p=48997&#038;t=Senador%20Sandoval%20se%20reuni%C3%B3%20con%20ministro%20de%20Vivienda%20junto%20a%20emprendedores%20locales%20para%20analizar%20alternativas%20que%20permitan%20mejorar%20aislaci%C3%B3n%20t%C3%A9rmica%20de%20viviendas%20en%20la%20regi%C3%B3n' aria-hidden='false' data-av_icon='\ue8f3' data-av_iconfont='entypo-fontello' title='' data-avia-related-tooltip='Compartir en Facebook' rel=\"noopener\"><span class='avia_hidden_link_text'>Compartir en Facebook<\/span><\/a><\/li><li class='av-share-link av-social-link-twitter' ><a target=\"_blank\" aria-label=\"Compartir en Twitter\" href='https:\/\/twitter.com\/share?text=Senador%20Sandoval%20se%20reuni%C3%B3%20con%20ministro%20de%20Vivienda%20junto%20a%20emprendedores%20locales%20para%20analizar%20alternativas%20que%20permitan%20mejorar%20aislaci%C3%B3n%20t%C3%A9rmica%20de%20viviendas%20en%20la%20regi%C3%B3n&#038;url=https:\/\/radiorevelacionfm.cl\/?p=48997' aria-hidden='false' data-av_icon='\ue8f1' data-av_iconfont='entypo-fontello' title='' data-avia-related-tooltip='Compartir en Twitter' rel=\"noopener\"><span class='avia_hidden_link_text'>Compartir en Twitter<\/span><\/a><\/li><li class='av-share-link av-social-link-whatsapp' ><a target=\"_blank\" aria-label=\"Compartir en Whatsapp\" href='https:\/\/api.whatsapp.com\/send?text=https:\/\/radiorevelacionfm.cl\/?p=48997' aria-hidden='false' data-av_icon='\uf232' data-av_iconfont='entypo-fontello' title='' data-avia-related-tooltip='Compartir en Whatsapp' rel=\"noopener\"><span class='avia_hidden_link_text'>Compartir en Whatsapp<\/span><\/a><\/li><li class='av-share-link av-social-link-linkedin' ><a target=\"_blank\" aria-label=\"Compartir en LinkedIn\" href='https:\/\/linkedin.com\/shareArticle?mini=true&#038;title=Senador%20Sandoval%20se%20reuni%C3%B3%20con%20ministro%20de%20Vivienda%20junto%20a%20emprendedores%20locales%20para%20analizar%20alternativas%20que%20permitan%20mejorar%20aislaci%C3%B3n%20t%C3%A9rmica%20de%20viviendas%20en%20la%20regi%C3%B3n&#038;url=https:\/\/radiorevelacionfm.cl\/?p=48997' aria-hidden='false' data-av_icon='\ue8fc' data-av_iconfont='entypo-fontello' title='' data-avia-related-tooltip='Compartir en LinkedIn' rel=\"noopener\"><span class='avia_hidden_link_text'>Compartir en LinkedIn<\/span><\/a><\/li><li class='av-share-link av-social-link-mail' ><a  aria-label=\"Compartir por correo\" href='mailto:?subject=Senador%20Sandoval%20se%20reuni%C3%B3%20con%20ministro%20de%20Vivienda%20junto%20a%20emprendedores%20locales%20para%20analizar%20alternativas%20que%20permitan%20mejorar%20aislaci%C3%B3n%20t%C3%A9rmica%20de%20viviendas%20en%20la%20regi%C3%B3n&#038;body=https:\/\/radiorevelacionfm.cl\/?p=48997' aria-hidden='false' data-av_icon='\ue805' data-av_iconfont='entypo-fontello' title='' data-avia-related-tooltip='Compartir por correo'><span class='avia_hidden_link_text'>Compartir por correo<\/span><\/a><\/li><\/ul><\/div><\/div>\n<div  style='height:50px' class='hr hr-invisible   avia-builder-el-8  el_after_av_social_share  el_before_av_comments_list '><span class='hr-inner ' ><span class='hr-inner-style'><\/span><\/span><\/div>\n<div  class='av-buildercomment  av-blog-meta-html-info-disabled av-blog-meta-tag-disabled  '><\/div>\n","protected":false},"excerpt":{"rendered":"","protected":false},"author":1,"featured_media":48998,"comment_status":"open","ping_status":"open","sticky":false,"template":"","format":"standard","meta":{"footnotes":""},"categories":[35],"tags":[],"class_list":["post-48997","post","type-post","status-publish","format-standard","has-post-thumbnail","hentry","category-politica"],"jetpack_featured_media_url":"https:\/\/radiorevelacionfm.cl\/wp-content\/uploads\/2024\/12\/foto-reuniOn-1_optimized.jpg","_links":{"self":[{"href":"https:\/\/radiorevelacionfm.cl\/index.php?rest_route=\/wp\/v2\/posts\/48997","targetHints":{"allow":["GET"]}}],"collection":[{"href":"https:\/\/radiorevelacionfm.cl\/index.php?rest_route=\/wp\/v2\/posts"}],"about":[{"href":"https:\/\/radiorevelacionfm.cl\/index.php?rest_route=\/wp\/v2\/types\/post"}],"author":[{"embeddable":true,"href":"https:\/\/radiorevelacionfm.cl\/index.php?rest_route=\/wp\/v2\/users\/1"}],"replies":[{"embeddable":true,"href":"https:\/\/radiorevelacionfm.cl\/index.php?rest_route=%2Fwp%2Fv2%2Fcomments&post=48997"}],"version-history":[{"count":1,"href":"https:\/\/radiorevelacionfm.cl\/index.php?rest_route=\/wp\/v2\/posts\/48997\/revisions"}],"predecessor-version":[{"id":48999,"href":"https:\/\/radiorevelacionfm.cl\/index.php?rest_route=\/wp\/v2\/posts\/48997\/revisions\/48999"}],"wp:featuredmedia":[{"embeddable":true,"href":"https:\/\/radiorevelacionfm.cl\/index.php?rest_route=\/wp\/v2\/media\/48998"}],"wp:attachment":[{"href":"https:\/\/radiorevelacionfm.cl\/index.php?rest_route=%2Fwp%2Fv2%2Fmedia&parent=48997"}],"wp:term":[{"taxonomy":"category","embeddable":true,"href":"https:\/\/radiorevelacionfm.cl\/index.php?rest_route=%2Fwp%2Fv2%2Fcategories&post=48997"},{"taxonomy":"post_tag","embeddable":true,"href":"https:\/\/radiorevelacionfm.cl\/index.php?rest_route=%2Fwp%2Fv2%2Ftags&post=48997"}],"curies":[{"name":"wp","href":"https:\/\/api.w.org\/{rel}","templated":true}]}}