{"id":48994,"date":"2024-12-18T12:32:15","date_gmt":"2024-12-18T15:32:15","guid":{"rendered":"https:\/\/radiorevelacionfm.cl\/?p=48994"},"modified":"2024-12-18T12:32:15","modified_gmt":"2024-12-18T15:32:15","slug":"en-aysen-y-tarapaca-iniciaran-implementacion-de-la-licencia-digital-de-conducir-en-el-pais","status":"publish","type":"post","link":"https:\/\/radiorevelacionfm.cl\/?p=48994","title":{"rendered":"En Ays\u00e9n y Tarapac\u00e1 iniciar\u00e1n implementaci\u00f3n de la Licencia Digital de Conducir en el pa\u00eds"},"content":{"rendered":"<div class=\"flex_column av_one_full  flex_column_div av-zero-column-padding first  avia-builder-el-0  el_before_av_one_full  avia-builder-el-first  \" style='border-radius:0px; '><div  class='avia-image-container  av-styling-    avia-builder-el-1  avia-builder-el-no-sibling  avia-align-center '  itemprop=\"image\" itemscope=\"itemscope\" itemtype=\"https:\/\/schema.org\/ImageObject\"  ><div class='avia-image-container-inner'><div class='avia-image-overlay-wrap'><img decoding=\"async\" class='wp-image-48995 avia-img-lazy-loading-not-48995 avia_image' src=\"https:\/\/radiorevelacionfm.cl\/wp-content\/uploads\/2024\/12\/LICENCIA-CONDUCIR-DIGITAL-1-1.jpg\" alt='' title='LICENCIA-CONDUCIR-DIGITAL (1) (1)' height=\"600\" width=\"825\"  itemprop=\"thumbnailUrl\" srcset=\"https:\/\/radiorevelacionfm.cl\/wp-content\/uploads\/2024\/12\/LICENCIA-CONDUCIR-DIGITAL-1-1.jpg 825w, https:\/\/radiorevelacionfm.cl\/wp-content\/uploads\/2024\/12\/LICENCIA-CONDUCIR-DIGITAL-1-1-300x218.jpg 300w, https:\/\/radiorevelacionfm.cl\/wp-content\/uploads\/2024\/12\/LICENCIA-CONDUCIR-DIGITAL-1-1-768x559.jpg 768w, https:\/\/radiorevelacionfm.cl\/wp-content\/uploads\/2024\/12\/LICENCIA-CONDUCIR-DIGITAL-1-1-705x513.jpg 705w, https:\/\/radiorevelacionfm.cl\/wp-content\/uploads\/2024\/12\/LICENCIA-CONDUCIR-DIGITAL-1-1-450x327.jpg 450w, https:\/\/radiorevelacionfm.cl\/wp-content\/uploads\/2024\/12\/LICENCIA-CONDUCIR-DIGITAL-1-1-600x436.jpg 600w\" sizes=\"(max-width: 825px) 100vw, 825px\" \/><\/div><\/div><\/div><\/div><div class=\"flex_column av_one_full  flex_column_div av-zero-column-padding first  avia-builder-el-2  el_after_av_one_full  el_before_av_one_full  column-top-margin\" style='border-radius:0px; '><section class=\"av_textblock_section \"  itemscope=\"itemscope\" itemtype=\"https:\/\/schema.org\/BlogPosting\" itemprop=\"blogPost\" ><div class='avia_textblock  '   itemprop=\"text\" ><p style=\"text-align: center;\"><span style=\"font-size: 18pt;\"><b>En Ays\u00e9n y Tarapac\u00e1 iniciar\u00e1n implementaci\u00f3n de la Licencia Digital de Conducir en el pa\u00eds<\/b><\/span><\/p>\n<div id=\"gtx-trans\" style=\"position: absolute; left: -50px; top: 4.31534px;\">\n<div class=\"gtx-trans-icon\"><\/div>\n<\/div>\n<\/div><\/section><\/div><div class=\"flex_column av_one_full  flex_column_div av-zero-column-padding first  avia-builder-el-4  el_after_av_one_full  el_before_av_hr  column-top-margin\" style='border-radius:0px; '><section class=\"av_textblock_section \"  itemscope=\"itemscope\" itemtype=\"https:\/\/schema.org\/BlogPosting\" itemprop=\"blogPost\" ><div class='avia_textblock  '   itemprop=\"text\" ><p style=\"font-weight: 400; text-align: justify;\">El 15 de enero de 2025 se inicia un cambio hist\u00f3rico para la seguridad vial del pa\u00eds; a partir de ese d\u00eda, \u00a0las regiones de Ays\u00e9n y Tarapac\u00e1, implementar\u00e1n la licencia digital de conducir, fortaleciendo as\u00ed la seguridad vial y facilitando los procesos de fiscalizaci\u00f3n a nivel nacional.<\/p>\n<p style=\"font-weight: 400; text-align: justify;\">La nueva Licencia Digital de Conducir incorpora medidas innovadoras para evitar la falsificaci\u00f3n, como un c\u00f3digo QR \u00fanico y encriptado, y estar\u00e1 vinculada a la Clave \u00danica para mayor protecci\u00f3n de la informaci\u00f3n. A su vez, al tener la informaci\u00f3n centralizada, permitir\u00e1 a Carabineros, fiscalizadores del Ministerio de Transportes y Telecomunicaciones (MTT) y municipios acceder de manera m\u00e1s eficiente a los datos del conductor, mejorando los controles y disminuyendo el uso de licencias fraudulentas.<\/p>\n<p style=\"font-weight: 400; text-align: justify;\">Sobre la nueva licencia, el seremiTT Hans Zimmermann indic\u00f3 que \u201ca partir del 15 de enero se implementar\u00e1 la licencia de conducir digital, siendo nuestra regi\u00f3n pionera a nivel nacional en este importante avance que permitir\u00e1 evitar la falsificaci\u00f3n de licencia de conducir, los fraudes asociados a este documento y, por otra parte, sistematizar la informaci\u00f3n respecto a la licencia de conducir de los conductores para que los organismos de fiscalizaci\u00f3n como Carabineros, los inspectores fiscales del ministerio de Transportes y los inspectores municipales puedan acceder de manera m\u00e1s expedita a esta informaci\u00f3n en los procedimientos de control\u201d.<\/p>\n<p style=\"font-weight: 400; text-align: justify;\">La autoridad de transportes en la regi\u00f3n a\u00f1adi\u00f3 que \u201cesta es la medida m\u00e1s importante que ha tenido el sistema de licencias de conducir desde el a\u00f1o 2000. Es importante se\u00f1alar que la licencia digital empezar\u00e1 a aplicar para las personas que tengan alguna fecha de renovaci\u00f3n pr\u00f3xima, a partir del 15 de enero del pr\u00f3ximo a\u00f1o, y tambi\u00e9n para las personas que vayan a obtener por primera vez el documento. Esta es una de las medidas m\u00e1s importantes y transformadoras que ha tenido el sistema de otorgamiento de licencias de conducir y como ministerio estamos muy orgullosos de poder seguir fortaleciendo la institucionalidad de tr\u00e1nsito y transporte a nivel nacional con este tipo de medidas\u201d.<\/p>\n<p style=\"font-weight: 400; text-align: justify;\">En cuanto a la relevancia de avanzar hacia la modernizaci\u00f3n del sistema de entrega de licencias, seg\u00fan estudios internacionales, entre el 8 y el 20% de los siniestros de tr\u00e1nsito fatales involucran a conductores sin licencias de conducir v\u00e1lidas. Con la unificaci\u00f3n de bases de datos que est\u00e1 detr\u00e1s de cada licencia digital se reduce este riesgo, al permitir identificar m\u00e1s r\u00e1pido si las personas cuentan o no con el documento o si han cometido alguna falta grave que les inhabilite para la conducci\u00f3n de veh\u00edculos motorizados.<\/p>\n<p style=\"font-weight: 400; text-align: justify;\"><strong>Capacitaciones en gabinetes de Tr\u00e1nsito<\/strong><\/p>\n<p style=\"font-weight: 400; text-align: justify;\">A fin de instruir a las direcciones de tr\u00e1nsito de la regi\u00f3n sobre la implementaci\u00f3n de esta medida en la regi\u00f3n, se han realizado capacitaciones sobre la aplicaci\u00f3n de esta medida a todos los municipios que poseen direcci\u00f3n de Tr\u00e1nsito en la regi\u00f3n. Estas jornadas de trabajo, tuvieron lugar en los municipios de Coyhaique, R\u00edo Ib\u00e1\u00f1ez y Cisnes, instancias donde tambi\u00e9n asistieron los encargados de los gabinetes de Lago Verde, Ays\u00e9n, Chile Chico y Cochrane.<\/p>\n<p style=\"font-weight: 400; text-align: justify;\">Mat\u00edas Guti\u00e9rrez, asesor de tr\u00e1nsito del municipio de Coyhaique se refiri\u00f3 a esta inducci\u00f3n realizada a los funcionarios municipales a nivel regional: \u00a0\u201cnos estamos preparando con el personal, recibiendo capacitaciones por parte del Ministerio de Transporte para poder tener toda la informaci\u00f3n y los funcionarios bien capacitados. Para la gente que realiza el proceso, la verdad que no cambia mucho, tienen que presentar los mismos antecedentes que nosotros los digitalizaremos para subirlo a esta plataforma\u201d.<\/p>\n<p style=\"font-weight: 400; text-align: justify;\"><strong>Detalles de la nueva licencia<\/strong><\/p>\n<p style=\"font-weight: 400; text-align: justify;\">Respecto a las licencias actuales, \u00e9stas seguir\u00e1n siendo v\u00e1lidas hasta su fecha de vencimiento. En tanto, quienes obtengan o renueven su licencia desde la puesta en marcha de esta medida, podr\u00e1n acceder al formato digital a trav\u00e9s de una app m\u00f3vil compatible con iOS y Android, adem\u00e1s de la versi\u00f3n f\u00edsica del documento que tendr\u00e1 su respectivo QR. Por otro lado, quienes actualmente tienen una licencia, no podr\u00e1n acceder a la versi\u00f3n digital sino hasta que renueven su carnet de conducir. Finalmente, todo lo vinculado al proceso de obtenci\u00f3n y renovaci\u00f3n de licencias de conducir seguir\u00e1 realiz\u00e1ndose a trav\u00e9s de las Direcciones de Tr\u00e1nsito.<\/p>\n<p style=\"font-weight: 400; text-align: justify;\">En cuanto al proceso de implementaci\u00f3n, desde el MTT explicaron que su despliegue nacional finalizar\u00e1 en la Regi\u00f3n Metropolitana en el segundo semestre del 2025.<\/p>\n<\/div><\/section><\/div><div  style='height:50px' class='hr hr-invisible   avia-builder-el-6  el_after_av_one_full  el_before_av_social_share '><span class='hr-inner ' ><span class='hr-inner-style'><\/span><\/span><\/div><\/p>\n<div  class='av-social-sharing-box  avia-builder-el-7  el_after_av_hr  el_before_av_hr  '><div class='av-share-box'><h5 class='av-share-link-description av-no-toc '>Compartir esta noticia<\/h5><ul class='av-share-box-list noLightbox'><li class='av-share-link av-social-link-facebook' ><a target=\"_blank\" aria-label=\"Compartir en Facebook\" href='https:\/\/www.facebook.com\/sharer.php?u=https:\/\/radiorevelacionfm.cl\/?p=48994&#038;t=En%20Ays%C3%A9n%20y%20Tarapac%C3%A1%20iniciar%C3%A1n%20implementaci%C3%B3n%20de%20la%20Licencia%20Digital%20de%20Conducir%20en%20el%20pa%C3%ADs' aria-hidden='false' data-av_icon='\ue8f3' data-av_iconfont='entypo-fontello' title='' data-avia-related-tooltip='Compartir en Facebook' rel=\"noopener\"><span class='avia_hidden_link_text'>Compartir en Facebook<\/span><\/a><\/li><li class='av-share-link av-social-link-twitter' ><a target=\"_blank\" aria-label=\"Compartir en Twitter\" href='https:\/\/twitter.com\/share?text=En%20Ays%C3%A9n%20y%20Tarapac%C3%A1%20iniciar%C3%A1n%20implementaci%C3%B3n%20de%20la%20Licencia%20Digital%20de%20Conducir%20en%20el%20pa%C3%ADs&#038;url=https:\/\/radiorevelacionfm.cl\/?p=48994' aria-hidden='false' data-av_icon='\ue8f1' data-av_iconfont='entypo-fontello' title='' data-avia-related-tooltip='Compartir en Twitter' rel=\"noopener\"><span class='avia_hidden_link_text'>Compartir en Twitter<\/span><\/a><\/li><li class='av-share-link av-social-link-whatsapp' ><a target=\"_blank\" aria-label=\"Compartir en Whatsapp\" href='https:\/\/api.whatsapp.com\/send?text=https:\/\/radiorevelacionfm.cl\/?p=48994' aria-hidden='false' data-av_icon='\uf232' data-av_iconfont='entypo-fontello' title='' data-avia-related-tooltip='Compartir en Whatsapp' rel=\"noopener\"><span class='avia_hidden_link_text'>Compartir en Whatsapp<\/span><\/a><\/li><li class='av-share-link av-social-link-linkedin' ><a target=\"_blank\" aria-label=\"Compartir en LinkedIn\" href='https:\/\/linkedin.com\/shareArticle?mini=true&#038;title=En%20Ays%C3%A9n%20y%20Tarapac%C3%A1%20iniciar%C3%A1n%20implementaci%C3%B3n%20de%20la%20Licencia%20Digital%20de%20Conducir%20en%20el%20pa%C3%ADs&#038;url=https:\/\/radiorevelacionfm.cl\/?p=48994' aria-hidden='false' data-av_icon='\ue8fc' data-av_iconfont='entypo-fontello' title='' data-avia-related-tooltip='Compartir en LinkedIn' rel=\"noopener\"><span class='avia_hidden_link_text'>Compartir en LinkedIn<\/span><\/a><\/li><li class='av-share-link av-social-link-mail' ><a  aria-label=\"Compartir por correo\" href='mailto:?subject=En%20Ays%C3%A9n%20y%20Tarapac%C3%A1%20iniciar%C3%A1n%20implementaci%C3%B3n%20de%20la%20Licencia%20Digital%20de%20Conducir%20en%20el%20pa%C3%ADs&#038;body=https:\/\/radiorevelacionfm.cl\/?p=48994' aria-hidden='false' data-av_icon='\ue805' data-av_iconfont='entypo-fontello' title='' data-avia-related-tooltip='Compartir por correo'><span class='avia_hidden_link_text'>Compartir por correo<\/span><\/a><\/li><\/ul><\/div><\/div>\n<div  style='height:50px' class='hr hr-invisible   avia-builder-el-8  el_after_av_social_share  el_before_av_comments_list '><span class='hr-inner ' ><span class='hr-inner-style'><\/span><\/span><\/div>\n<div  class='av-buildercomment  av-blog-meta-html-info-disabled av-blog-meta-tag-disabled  '><\/div>\n","protected":false},"excerpt":{"rendered":"","protected":false},"author":1,"featured_media":48995,"comment_status":"open","ping_status":"open","sticky":false,"template":"","format":"standard","meta":{"footnotes":""},"categories":[59],"tags":[],"class_list":["post-48994","post","type-post","status-publish","format-standard","has-post-thumbnail","hentry","category-transporte"],"jetpack_featured_media_url":"https:\/\/radiorevelacionfm.cl\/wp-content\/uploads\/2024\/12\/LICENCIA-CONDUCIR-DIGITAL-1-1.jpg","_links":{"self":[{"href":"https:\/\/radiorevelacionfm.cl\/index.php?rest_route=\/wp\/v2\/posts\/48994","targetHints":{"allow":["GET"]}}],"collection":[{"href":"https:\/\/radiorevelacionfm.cl\/index.php?rest_route=\/wp\/v2\/posts"}],"about":[{"href":"https:\/\/radiorevelacionfm.cl\/index.php?rest_route=\/wp\/v2\/types\/post"}],"author":[{"embeddable":true,"href":"https:\/\/radiorevelacionfm.cl\/index.php?rest_route=\/wp\/v2\/users\/1"}],"replies":[{"embeddable":true,"href":"https:\/\/radiorevelacionfm.cl\/index.php?rest_route=%2Fwp%2Fv2%2Fcomments&post=48994"}],"version-history":[{"count":1,"href":"https:\/\/radiorevelacionfm.cl\/index.php?rest_route=\/wp\/v2\/posts\/48994\/revisions"}],"predecessor-version":[{"id":48996,"href":"https:\/\/radiorevelacionfm.cl\/index.php?rest_route=\/wp\/v2\/posts\/48994\/revisions\/48996"}],"wp:featuredmedia":[{"embeddable":true,"href":"https:\/\/radiorevelacionfm.cl\/index.php?rest_route=\/wp\/v2\/media\/48995"}],"wp:attachment":[{"href":"https:\/\/radiorevelacionfm.cl\/index.php?rest_route=%2Fwp%2Fv2%2Fmedia&parent=48994"}],"wp:term":[{"taxonomy":"category","embeddable":true,"href":"https:\/\/radiorevelacionfm.cl\/index.php?rest_route=%2Fwp%2Fv2%2Fcategories&post=48994"},{"taxonomy":"post_tag","embeddable":true,"href":"https:\/\/radiorevelacionfm.cl\/index.php?rest_route=%2Fwp%2Fv2%2Ftags&post=48994"}],"curies":[{"name":"wp","href":"https:\/\/api.w.org\/{rel}","templated":true}]}}