{"id":48991,"date":"2024-12-18T21:43:22","date_gmt":"2024-12-19T00:43:22","guid":{"rendered":"https:\/\/radiorevelacionfm.cl\/?p=48991"},"modified":"2024-12-18T21:43:22","modified_gmt":"2024-12-19T00:43:22","slug":"senadora-ordenes-llamo-a-sus-pares-a-tramitar-con-celeridad-888-trabajadores-se-beneficiarian-con-la-asignacion-especial-tecnica-del-area-de-la-salud-en-aysen","status":"publish","type":"post","link":"https:\/\/radiorevelacionfm.cl\/?p=48991","title":{"rendered":"Senadora \u00d3rdenes llam\u00f3 a sus pares a tramitar con celeridad: 888 trabajadores se beneficiar\u00edan con la asignaci\u00f3n especial t\u00e9cnica del \u00e1rea de la Salud en Ays\u00e9n"},"content":{"rendered":"<div class=\"flex_column av_one_full  flex_column_div av-zero-column-padding first  avia-builder-el-0  el_before_av_one_full  avia-builder-el-first  \" style='border-radius:0px; '><div  class='avia-image-container  av-styling-    avia-builder-el-1  avia-builder-el-no-sibling  avia-align-center '  itemprop=\"image\" itemscope=\"itemscope\" itemtype=\"https:\/\/schema.org\/ImageObject\"  ><div class='avia-image-container-inner'><div class='avia-image-overlay-wrap'><img decoding=\"async\" class='wp-image-48992 avia-img-lazy-loading-not-48992 avia_image' src=\"https:\/\/radiorevelacionfm.cl\/wp-content\/uploads\/2024\/12\/SENADORA-ORDENES-2-2.jpg\" alt='' title='SENADORA ORDENES (2) (2)' height=\"600\" width=\"894\"  itemprop=\"thumbnailUrl\" srcset=\"https:\/\/radiorevelacionfm.cl\/wp-content\/uploads\/2024\/12\/SENADORA-ORDENES-2-2.jpg 894w, https:\/\/radiorevelacionfm.cl\/wp-content\/uploads\/2024\/12\/SENADORA-ORDENES-2-2-300x201.jpg 300w, https:\/\/radiorevelacionfm.cl\/wp-content\/uploads\/2024\/12\/SENADORA-ORDENES-2-2-768x515.jpg 768w, https:\/\/radiorevelacionfm.cl\/wp-content\/uploads\/2024\/12\/SENADORA-ORDENES-2-2-705x473.jpg 705w, https:\/\/radiorevelacionfm.cl\/wp-content\/uploads\/2024\/12\/SENADORA-ORDENES-2-2-450x302.jpg 450w, https:\/\/radiorevelacionfm.cl\/wp-content\/uploads\/2024\/12\/SENADORA-ORDENES-2-2-600x403.jpg 600w\" sizes=\"(max-width: 894px) 100vw, 894px\" \/><\/div><\/div><\/div><\/div><div class=\"flex_column av_one_full  flex_column_div av-zero-column-padding first  avia-builder-el-2  el_after_av_one_full  el_before_av_one_full  column-top-margin\" style='border-radius:0px; '><section class=\"av_textblock_section \"  itemscope=\"itemscope\" itemtype=\"https:\/\/schema.org\/BlogPosting\" itemprop=\"blogPost\" ><div class='avia_textblock  '   itemprop=\"text\" ><p style=\"text-align: center;\"><strong><span style=\"font-size: 18pt;\">Senadora \u00d3rdenes llam\u00f3 a sus pares a tramitar con celeridad: 888 trabajadores se beneficiar\u00edan con la asignaci\u00f3n especial t\u00e9cnica del \u00e1rea de la Salud en Ays\u00e9n<\/span><\/strong><\/p>\n<div id=\"gtx-trans\" style=\"position: absolute; left: -50px; top: 4.31534px;\">\n<div class=\"gtx-trans-icon\"><\/div>\n<\/div>\n<\/div><\/section><\/div><div class=\"flex_column av_one_full  flex_column_div av-zero-column-padding first  avia-builder-el-4  el_after_av_one_full  el_before_av_hr  column-top-margin\" style='border-radius:0px; '><section class=\"av_textblock_section \"  itemscope=\"itemscope\" itemtype=\"https:\/\/schema.org\/BlogPosting\" itemprop=\"blogPost\" ><div class='avia_textblock  '   itemprop=\"text\" ><p style=\"text-align: justify;\">Con un estridente vitoreo que tuvo que ser detenido por el presidente de la Comisi\u00f3n de Salud, los distintos representantes de los estamentos t\u00e9cnicos del \u00e1rea de la salud y de funcionarios que realizan labores t\u00e9cnicas, inscritos en el Registro Nacional de Prestadores Individuales de la Superintendencia de Salud, reconocieron el apoyo entregado por la senadora y representante de la regi\u00f3n de Ays\u00e9n, Ximena \u00d3rdenes.<\/p>\n<p style=\"text-align: justify;\">La parlamentaria valor\u00f3 el proyecto de Asignaci\u00f3n Especial T\u00e9cnica del \u00c1rea de Salud que se discuti\u00f3 durante la instancia de este martes, asegurando que se \u201creconoce a un estamento sobre el cual existen varias brechas\u201d y sosteniendo que tanto los centros de salud, como los hospitales, no funcionan si no hay un t\u00e9cnico de nivel superior, un t\u00e9cnico de nivel medio o un auxiliar param\u00e9dico.<\/p>\n<p style=\"text-align: justify;\">\u201cLo han dicho tambi\u00e9n algunos de los dirigentes. A m\u00ed me parece que ac\u00e1 hay una suerte de deuda hist\u00f3rica con el rol que han cumplido\u201d, continu\u00f3 \u00d3rdenes en su intervenci\u00f3n, llamando a sus pares en el Senado a dar celeridad en los tr\u00e1mites que le restan a esta iniciativa, pero tambi\u00e9n al Ejecutivo, para que despeje todas las dudas en torno al financiamiento necesario para que la asignaci\u00f3n avance en ambas c\u00e1maras.<\/p>\n<p style=\"text-align: justify;\">\u201cYo entiendo que la urgencia est\u00e1 dada, pero podr\u00edamos avanzar m\u00e1s r\u00e1pido\u201d, insisti\u00f3, destacando el que el proyecto \u201ccuenta con un amplio apoyo de los distintos gremios de la Salud\u201d, al mismo tiempo que record\u00f3 que este acuerdo, emanado de los compromisos establecidos en la Mesa del Sector P\u00fablico CUT Chile-Gobierno para el per\u00edodo 2023-2024, se alcanz\u00f3 luego de un largo y arduo trabajo impulsado por distintos gremios de la salud.<\/p>\n<p style=\"text-align: justify;\">\u201cMe parece que es un reconocimiento que se est\u00e1 esperando hace mucho tiempo y llamo a mis colegas a que avancemos en ese sentido tambi\u00e9n. Entiendo que son 57 mil personas\u201d, concluy\u00f3 la parlamentaria, indicando que,\u00a0 solo en Ays\u00e9n, ser\u00edan 888 funcionarios t\u00e9cnicos que se ver\u00edan beneficiados.<\/p>\n<p style=\"text-align: justify;\">\u201cQuiero valorar esto, porque, dada la historia que se ha presentado, esto no es un trabajo espont\u00e1neo. Creo que ninguno de nosotros est\u00e1 improvisando en avanzar con este tema y espero que le podamos dar el sentido de urgencia que este proyecto merece\u201d, finaliz\u00f3 entre aplausos la senadora e integrante de la Comisi\u00f3n.<\/p>\n<p style=\"text-align: justify;\">Por su parte, Armando Gacit\u00faa, dirigente nacional y representante regional -en Ays\u00e9n- de la Federaci\u00f3n Nacional de Asociaciones de Funcionarios T\u00e9cnicos de los Servicios de Salud -Fentess- record\u00f3 el compromiso de la parlamentaria y destac\u00f3 su intervenci\u00f3n. \u201cEstamos muy contentos porque se est\u00e1 tramitando en el Senado, en la Comisi\u00f3n de Salud, la asignaci\u00f3n t\u00e9cnica para los TENS y t\u00e9cnicos param\u00e9dicos de los Servicio de Salud de Chile\u201d, se\u00f1al\u00f3 en representaci\u00f3n de la federaci\u00f3n.<\/p>\n<p style=\"text-align: justify;\">\u201cQuiero destacar la gran participaci\u00f3n de nuestra senadora de la regi\u00f3n de Ays\u00e9n, Ximena \u00d3rdenes, ya que ha hecho una presentaci\u00f3n y ha valorado la labor de los t\u00e9cnicos param\u00e9dico y de los TENS de una forma muy expl\u00edcita. Ha mostrado la necesidad de que esta asignaci\u00f3n t\u00e9cnica sea realidad\u201d, finaliz\u00f3 el dirigente.<\/p>\n<p style=\"text-align: justify;\">El acuerdo fue suscrito el 8 de agosto de 2024, por tres de los cuatro gremios de la salud &#8211; FENATS Unitaria, FENTESS y CONFENATS- pertenecientes a la Mesa del Sector P\u00fablico que lidera la Central Unitaria de Trabajadores, grupos que representan cerca del 80% del personal no profesional sindicalizado.<\/p>\n<p style=\"text-align: justify;\">La asignaci\u00f3n consiste en un pago mensual destinado a funcionarias y funcionarias que trabajen 44 horas semanales en los Servicios de Salud, con montos que van de los $45.000 a los $100.000 mensuales seg\u00fan los grados de la escala no profesional, con un a\u00f1o inicial de transici\u00f3n (2025) donde ser\u00e1n $31.000 mensuales para cada persona sin importar grado. Estos montos se reajustar\u00e1n en la misma oportunidad y porcentaje de los reajustes generales de remuneraciones que se otorguen a los trabajadores del sector p\u00fablico a partir del 2do a\u00f1o.<\/p>\n<\/div><\/section><\/div><div  style='height:50px' class='hr hr-invisible   avia-builder-el-6  el_after_av_one_full  el_before_av_social_share '><span class='hr-inner ' ><span class='hr-inner-style'><\/span><\/span><\/div><\/p>\n<div  class='av-social-sharing-box  avia-builder-el-7  el_after_av_hr  el_before_av_hr  '><div class='av-share-box'><h5 class='av-share-link-description av-no-toc '>Compartir esta noticia<\/h5><ul class='av-share-box-list noLightbox'><li class='av-share-link av-social-link-facebook' ><a target=\"_blank\" aria-label=\"Compartir en Facebook\" href='https:\/\/www.facebook.com\/sharer.php?u=https:\/\/radiorevelacionfm.cl\/?p=48991&#038;t=Senadora%20%C3%93rdenes%20llam%C3%B3%20a%20sus%20pares%20a%20tramitar%20con%20celeridad%3A%20888%20trabajadores%20se%20beneficiar%C3%ADan%20con%20la%20asignaci%C3%B3n%20especial%20t%C3%A9cnica%20del%20%C3%A1rea%20de%20la%20Salud%20en%20Ays%C3%A9n' aria-hidden='false' data-av_icon='\ue8f3' data-av_iconfont='entypo-fontello' title='' data-avia-related-tooltip='Compartir en Facebook' rel=\"noopener\"><span class='avia_hidden_link_text'>Compartir en Facebook<\/span><\/a><\/li><li class='av-share-link av-social-link-twitter' ><a target=\"_blank\" aria-label=\"Compartir en Twitter\" href='https:\/\/twitter.com\/share?text=Senadora%20%C3%93rdenes%20llam%C3%B3%20a%20sus%20pares%20a%20tramitar%20con%20celeridad%3A%20888%20trabajadores%20se%20beneficiar%C3%ADan%20con%20la%20asignaci%C3%B3n%20especial%20t%C3%A9cnica%20del%20%C3%A1rea%20de%20la%20Salud%20en%20Ays%C3%A9n&#038;url=https:\/\/radiorevelacionfm.cl\/?p=48991' aria-hidden='false' data-av_icon='\ue8f1' data-av_iconfont='entypo-fontello' title='' data-avia-related-tooltip='Compartir en Twitter' rel=\"noopener\"><span class='avia_hidden_link_text'>Compartir en Twitter<\/span><\/a><\/li><li class='av-share-link av-social-link-whatsapp' ><a target=\"_blank\" aria-label=\"Compartir en Whatsapp\" href='https:\/\/api.whatsapp.com\/send?text=https:\/\/radiorevelacionfm.cl\/?p=48991' aria-hidden='false' data-av_icon='\uf232' data-av_iconfont='entypo-fontello' title='' data-avia-related-tooltip='Compartir en Whatsapp' rel=\"noopener\"><span class='avia_hidden_link_text'>Compartir en Whatsapp<\/span><\/a><\/li><li class='av-share-link av-social-link-linkedin' ><a target=\"_blank\" aria-label=\"Compartir en LinkedIn\" href='https:\/\/linkedin.com\/shareArticle?mini=true&#038;title=Senadora%20%C3%93rdenes%20llam%C3%B3%20a%20sus%20pares%20a%20tramitar%20con%20celeridad%3A%20888%20trabajadores%20se%20beneficiar%C3%ADan%20con%20la%20asignaci%C3%B3n%20especial%20t%C3%A9cnica%20del%20%C3%A1rea%20de%20la%20Salud%20en%20Ays%C3%A9n&#038;url=https:\/\/radiorevelacionfm.cl\/?p=48991' aria-hidden='false' data-av_icon='\ue8fc' data-av_iconfont='entypo-fontello' title='' data-avia-related-tooltip='Compartir en LinkedIn' rel=\"noopener\"><span class='avia_hidden_link_text'>Compartir en LinkedIn<\/span><\/a><\/li><li class='av-share-link av-social-link-mail' ><a  aria-label=\"Compartir por correo\" href='mailto:?subject=Senadora%20%C3%93rdenes%20llam%C3%B3%20a%20sus%20pares%20a%20tramitar%20con%20celeridad%3A%20888%20trabajadores%20se%20beneficiar%C3%ADan%20con%20la%20asignaci%C3%B3n%20especial%20t%C3%A9cnica%20del%20%C3%A1rea%20de%20la%20Salud%20en%20Ays%C3%A9n&#038;body=https:\/\/radiorevelacionfm.cl\/?p=48991' aria-hidden='false' data-av_icon='\ue805' data-av_iconfont='entypo-fontello' title='' data-avia-related-tooltip='Compartir por correo'><span class='avia_hidden_link_text'>Compartir por correo<\/span><\/a><\/li><\/ul><\/div><\/div>\n<div  style='height:50px' class='hr hr-invisible   avia-builder-el-8  el_after_av_social_share  el_before_av_comments_list '><span class='hr-inner ' ><span class='hr-inner-style'><\/span><\/span><\/div>\n<div  class='av-buildercomment  av-blog-meta-html-info-disabled av-blog-meta-tag-disabled  '><\/div>\n","protected":false},"excerpt":{"rendered":"","protected":false},"author":1,"featured_media":48992,"comment_status":"open","ping_status":"open","sticky":false,"template":"","format":"standard","meta":{"footnotes":""},"categories":[35],"tags":[],"class_list":["post-48991","post","type-post","status-publish","format-standard","has-post-thumbnail","hentry","category-politica"],"jetpack_featured_media_url":"https:\/\/radiorevelacionfm.cl\/wp-content\/uploads\/2024\/12\/SENADORA-ORDENES-2-2.jpg","_links":{"self":[{"href":"https:\/\/radiorevelacionfm.cl\/index.php?rest_route=\/wp\/v2\/posts\/48991","targetHints":{"allow":["GET"]}}],"collection":[{"href":"https:\/\/radiorevelacionfm.cl\/index.php?rest_route=\/wp\/v2\/posts"}],"about":[{"href":"https:\/\/radiorevelacionfm.cl\/index.php?rest_route=\/wp\/v2\/types\/post"}],"author":[{"embeddable":true,"href":"https:\/\/radiorevelacionfm.cl\/index.php?rest_route=\/wp\/v2\/users\/1"}],"replies":[{"embeddable":true,"href":"https:\/\/radiorevelacionfm.cl\/index.php?rest_route=%2Fwp%2Fv2%2Fcomments&post=48991"}],"version-history":[{"count":1,"href":"https:\/\/radiorevelacionfm.cl\/index.php?rest_route=\/wp\/v2\/posts\/48991\/revisions"}],"predecessor-version":[{"id":48993,"href":"https:\/\/radiorevelacionfm.cl\/index.php?rest_route=\/wp\/v2\/posts\/48991\/revisions\/48993"}],"wp:featuredmedia":[{"embeddable":true,"href":"https:\/\/radiorevelacionfm.cl\/index.php?rest_route=\/wp\/v2\/media\/48992"}],"wp:attachment":[{"href":"https:\/\/radiorevelacionfm.cl\/index.php?rest_route=%2Fwp%2Fv2%2Fmedia&parent=48991"}],"wp:term":[{"taxonomy":"category","embeddable":true,"href":"https:\/\/radiorevelacionfm.cl\/index.php?rest_route=%2Fwp%2Fv2%2Fcategories&post=48991"},{"taxonomy":"post_tag","embeddable":true,"href":"https:\/\/radiorevelacionfm.cl\/index.php?rest_route=%2Fwp%2Fv2%2Ftags&post=48991"}],"curies":[{"name":"wp","href":"https:\/\/api.w.org\/{rel}","templated":true}]}}