{"id":48988,"date":"2024-12-18T11:40:54","date_gmt":"2024-12-18T14:40:54","guid":{"rendered":"https:\/\/radiorevelacionfm.cl\/?p=48988"},"modified":"2024-12-18T11:40:54","modified_gmt":"2024-12-18T14:40:54","slug":"el-483-de-la-superficie-total-de-aysen-corresponde-al-subuso-bosque-nativo","status":"publish","type":"post","link":"https:\/\/radiorevelacionfm.cl\/?p=48988","title":{"rendered":"El 48,3 % de la superficie total de Ays\u00e9n corresponde al subuso bosque nativo"},"content":{"rendered":"<div class=\"flex_column av_one_full  flex_column_div av-zero-column-padding first  avia-builder-el-0  el_before_av_one_full  avia-builder-el-first  \" style='border-radius:0px; '><div  class='avia-image-container  av-styling-    avia-builder-el-1  avia-builder-el-no-sibling  avia-align-center '  itemprop=\"image\" itemscope=\"itemscope\" itemtype=\"https:\/\/schema.org\/ImageObject\"  ><div class='avia-image-container-inner'><div class='avia-image-overlay-wrap'><img decoding=\"async\" class='wp-image-48989 avia-img-lazy-loading-not-48989 avia_image' src=\"https:\/\/radiorevelacionfm.cl\/wp-content\/uploads\/2024\/12\/bosque-nativo-aysen-1_optimized.jpeg\" alt='' title='bosque-nativo-ays\u00e9n-(1)_optimized' height=\"600\" width=\"1067\"  itemprop=\"thumbnailUrl\" srcset=\"https:\/\/radiorevelacionfm.cl\/wp-content\/uploads\/2024\/12\/bosque-nativo-aysen-1_optimized.jpeg 1067w, https:\/\/radiorevelacionfm.cl\/wp-content\/uploads\/2024\/12\/bosque-nativo-aysen-1_optimized-300x169.jpeg 300w, https:\/\/radiorevelacionfm.cl\/wp-content\/uploads\/2024\/12\/bosque-nativo-aysen-1_optimized-1030x579.jpeg 1030w, https:\/\/radiorevelacionfm.cl\/wp-content\/uploads\/2024\/12\/bosque-nativo-aysen-1_optimized-768x432.jpeg 768w, https:\/\/radiorevelacionfm.cl\/wp-content\/uploads\/2024\/12\/bosque-nativo-aysen-1_optimized-705x396.jpeg 705w, https:\/\/radiorevelacionfm.cl\/wp-content\/uploads\/2024\/12\/bosque-nativo-aysen-1_optimized-450x253.jpeg 450w, https:\/\/radiorevelacionfm.cl\/wp-content\/uploads\/2024\/12\/bosque-nativo-aysen-1_optimized-600x337.jpeg 600w\" sizes=\"(max-width: 1067px) 100vw, 1067px\" \/><\/div><\/div><\/div><\/div><div class=\"flex_column av_one_full  flex_column_div av-zero-column-padding first  avia-builder-el-2  el_after_av_one_full  el_before_av_one_full  column-top-margin\" style='border-radius:0px; '><section class=\"av_textblock_section \"  itemscope=\"itemscope\" itemtype=\"https:\/\/schema.org\/BlogPosting\" itemprop=\"blogPost\" ><div class='avia_textblock  '   itemprop=\"text\" ><p style=\"text-align: center;\"><strong><span style=\"font-size: 18pt;\">El 48,3 % de la superficie total de Ays\u00e9n corresponde al subuso bosque nativo<\/span><\/strong><\/p>\n<div id=\"gtx-trans\" style=\"position: absolute; left: -50px; top: 4.31534px;\">\n<div class=\"gtx-trans-icon\"><\/div>\n<\/div>\n<\/div><\/section><\/div><div class=\"flex_column av_one_full  flex_column_div av-zero-column-padding first  avia-builder-el-4  el_after_av_one_full  el_before_av_hr  column-top-margin\" style='border-radius:0px; '><section class=\"av_textblock_section \"  itemscope=\"itemscope\" itemtype=\"https:\/\/schema.org\/BlogPosting\" itemprop=\"blogPost\" ><div class='avia_textblock  '   itemprop=\"text\" ><p style=\"text-align: justify;\"><em>La actualizaci\u00f3n del catastro de los recursos vegetacionales revel\u00f3 un gran n\u00famero de especies dominantes en la regi\u00f3n, alcanzando un total de 306 especies, de las cuales 116 no hab\u00edan sido detectadas anteriormente. <\/em><\/p>\n<p style=\"text-align: justify;\">Cerca del 50%\u00a0 de la superficie de la Regi\u00f3n de Ays\u00e9n est\u00e1 cubierta por\u00a0 el uso de ecosistemas boscosos. As\u00ed se desprende de la actualizaci\u00f3n del Catastro de Recursos Vegetacionales y Usos de la Tierra de la Regi\u00f3n de Ays\u00e9n.<\/p>\n<p style=\"text-align: justify;\">Seg\u00fan inform\u00f3 la directora ejecutiva de CONAF, A\u00edda Baldini 48,7 % de la superficie regional est\u00e1 cubierta por el uso bosque. De este porcentaje, el 0,33 % corresponde a plantaciones forestales, el 48,3 % a Bosque Nativo y el 0,02 % a bosques mixtos.<\/p>\n<p style=\"text-align: justify;\">Agreg\u00f3 que en la Regi\u00f3n de Ays\u00e9n se destaca que el monitoreo anterior fue publicado hace m\u00e1s de 10 a\u00f1os por lo que, era necesario y esperado obtener una nueva cartograf\u00eda y \u00a0superficies asociadas a cada uso de la tierra, con la distribuci\u00f3n del bosque y sus variados tipos forestales. \u00a0Aproximadamente, el 49 % de la superficie, \u00a0es de uso bosques, le siguen el uso praderas y matorrales con 25 % de la superficie regional, luego los usos de la tierra que siguen en superficie son \u00e1reas desprovistas de vegetaci\u00f3n con 9,1 % y nieves y glaciares con el 11,2 % de la superficie regional.<\/p>\n<p style=\"text-align: justify;\">En cuanto a la extensi\u00f3n en superficie de los distintos usos de la tierra, el m\u00e1s extenso es el Bosque con una superficie total de 5.189.923,7 ha, destacando dentro del uso el bosque nativo con 5.152.384,3 de ha, le sigue el subuso plantaci\u00f3n forestal con 35.473,6 ha y bosque mixto con 2.065,9 ha. El siguiente uso de relevancia es praderas y matorrales ocupando, 2.606.729,0 ha y luego el uso \u00e1reas desprovistas de vegetaci\u00f3n \u00a0con 1.141.667,8 ha, donde destacan las tierras sobre el l\u00edmite altitudinal de vegetacional con 1.009.402,5 ha, seguido por el uso nieves y glaciares con \u00a01.114.497,1 ha. Por otra parte el uso terrenos agr\u00edcolas cubre m\u00e1s de 37 mil ha y el uso humedales sobrepasa las 106 mil ha, respecto al uso \u00e1reas urbanas e industriales este alcanza 6.468,7 ha.<\/p>\n<p style=\"text-align: justify;\">El catastro de recursos vegetacionales permite, junto con actualizar los usos de la tierra, conocer la superficie de bosques y vegetaci\u00f3n en general, y contribuye con informaci\u00f3n que permite precisar y gestionar los servicios ecosist\u00e9micos regionales, tales como la producci\u00f3n de madera, la producci\u00f3n de agua, la protecci\u00f3n del suelo, la captura de carbono, la provisi\u00f3n de h\u00e1bitat para la vida silvestre y las oportunidades de recreaci\u00f3n, contribuyendo as\u00ed a la mitigaci\u00f3n del cambio clim\u00e1tico.<\/p>\n<p style=\"text-align: justify;\">La presentaci\u00f3n de los resultados en la regi\u00f3n, estuvo encabezada por el director regional de CONAF, Ronald Valenzuela, y la jefa del Departamento de Monitoreo de la Gerencia de Fiscalizaci\u00f3n de la Corporaci\u00f3n, Francoise Pincheira, quienes justamente resaltaron la importancia de contar con datos actualizados para una mejor gesti\u00f3n en torno a los bosques de esta regi\u00f3n.<\/p>\n<p style=\"text-align: justify;\">En la Regi\u00f3n de Ays\u00e9n, se identificaron cuatro tipos forestales que comprenden la totalidad de la superficie de bosque nativo. Estos son: Cipr\u00e9s de las Guaitecas, Lenga, Coihue de Magallanes y Siempreverde. El tipo forestal dominante es el Siempreverde, cubriendo 2.552.613,1 ha, lo que representa el 49,5 % del total de bosque nativo regional, le sigue el tipo forestal Lenga con 1.409.259,7 ha, equivalente al 27,35 % del total de bosque nativo regional, el tipo forestal Coihue de Magallanes cubre 882.420,0 ha con el 17,1 %, y luego el tipo forestal Cipr\u00e9s de las Guaitecas con 308.091,5 ha representado el 6 % del bosque nativo regional.<\/p>\n<p style=\"text-align: justify;\">Se identifica un gran n\u00famero de especies dominantes en la regi\u00f3n, alcanzando un total de 306 especies, de las cuales 116 no hab\u00edan sido detectadas anteriormente. Adem\u00e1s, se detectan especies que est\u00e1n clasificadas en categor\u00eda de conservaci\u00f3n ya sea en estado Vulnerable, En peligro y Peligro Cr\u00edtico. Estas corresponden a: <em>Asplenium trilobum; Austrocactus patagonicus; Maihueniopsis darwinii; Pterocactus australis; Pterocactus hickenii; Schinus marchandii<\/em>.<\/p>\n<p style=\"text-align: justify;\">La mayor diferencia registrada entre la capa de la segunda actualizaci\u00f3n del Catastro de los recursos vegetacionales de los a\u00f1os 2010 y 2023, ocurre en el subuso Tundras Magall\u00e1nicas, el cual para el a\u00f1o 2010 no se encontraba representada, mientras que en la actualizaci\u00f3n cubre un 13,9 % de la regi\u00f3n. Principalmente, el uso actual de Tundras Magall\u00e1nicas provienen en un 51,86 % del uso que en el 2010 se representaba como \u201cPraderas y Matorrales\u201d, asociados a los subusos Matorral-Pradera; Matorral y Matorral Arborescente.<\/p>\n<p style=\"text-align: justify;\">Tambi\u00e9n existe una diferencia positiva de aproximadamente 750 mil hect\u00e1reas entre la superficie de Bosque nativo declarada para el a\u00f1o 2010-2011 (41,2 %) y 2023 (48,3 %), lo cual se explicar\u00eda por el mayor nivel de ajuste involucrado en la definici\u00f3n de las unidades (0,5 ha) y al trabajo de digitalizaci\u00f3n apoyado con im\u00e1genes SENTINEL y Google earth. Esto tambi\u00e9n tuvo repercusiones a nivel de Tipos Forestales, particularmente en el tipo \u201cSiempreverde\u201d y \u201cCipr\u00e9s de las Guaitecas\u201d, donde las diferencias positivas registradas se deben principalmente a las rectificaciones realizadas en la fotointerpretaci\u00f3n manual de las unidades vegetacionales, apoyada con im\u00e1genes de alta resoluci\u00f3n y a las campa\u00f1as de terreno que facilitaron la identificaci\u00f3n de mejor forma las especies dominantes.<\/p>\n<p style=\"text-align: justify;\">La informaci\u00f3n relacionada con la actualizaci\u00f3n del Catastro de los Recursos Vegetacionales y Usos de la Tierra de la Regi\u00f3n de Ays\u00e9n, se encuentra disponible para su acceso y descarga a trav\u00e9s de la plataforma SIT CONAF, sit.conaf.cl.<\/p>\n<\/div><\/section><\/div><div  style='height:50px' class='hr hr-invisible   avia-builder-el-6  el_after_av_one_full  el_before_av_social_share '><span class='hr-inner ' ><span class='hr-inner-style'><\/span><\/span><\/div><\/p>\n<div  class='av-social-sharing-box  avia-builder-el-7  el_after_av_hr  el_before_av_hr  '><div class='av-share-box'><h5 class='av-share-link-description av-no-toc '>Compartir esta noticia<\/h5><ul class='av-share-box-list noLightbox'><li class='av-share-link av-social-link-facebook' ><a target=\"_blank\" aria-label=\"Compartir en Facebook\" href='https:\/\/www.facebook.com\/sharer.php?u=https:\/\/radiorevelacionfm.cl\/?p=48988&#038;t=El%2048%2C3%20%25%20de%20la%20superficie%20total%20de%20Ays%C3%A9n%20corresponde%20al%20subuso%20bosque%20nativo' aria-hidden='false' data-av_icon='\ue8f3' data-av_iconfont='entypo-fontello' title='' data-avia-related-tooltip='Compartir en Facebook' rel=\"noopener\"><span class='avia_hidden_link_text'>Compartir en Facebook<\/span><\/a><\/li><li class='av-share-link av-social-link-twitter' ><a target=\"_blank\" aria-label=\"Compartir en Twitter\" href='https:\/\/twitter.com\/share?text=El%2048%2C3%20%25%20de%20la%20superficie%20total%20de%20Ays%C3%A9n%20corresponde%20al%20subuso%20bosque%20nativo&#038;url=https:\/\/radiorevelacionfm.cl\/?p=48988' aria-hidden='false' data-av_icon='\ue8f1' data-av_iconfont='entypo-fontello' title='' data-avia-related-tooltip='Compartir en Twitter' rel=\"noopener\"><span class='avia_hidden_link_text'>Compartir en Twitter<\/span><\/a><\/li><li class='av-share-link av-social-link-whatsapp' ><a target=\"_blank\" aria-label=\"Compartir en Whatsapp\" href='https:\/\/api.whatsapp.com\/send?text=https:\/\/radiorevelacionfm.cl\/?p=48988' aria-hidden='false' data-av_icon='\uf232' data-av_iconfont='entypo-fontello' title='' data-avia-related-tooltip='Compartir en Whatsapp' rel=\"noopener\"><span class='avia_hidden_link_text'>Compartir en Whatsapp<\/span><\/a><\/li><li class='av-share-link av-social-link-linkedin' ><a target=\"_blank\" aria-label=\"Compartir en LinkedIn\" href='https:\/\/linkedin.com\/shareArticle?mini=true&#038;title=El%2048%2C3%20%25%20de%20la%20superficie%20total%20de%20Ays%C3%A9n%20corresponde%20al%20subuso%20bosque%20nativo&#038;url=https:\/\/radiorevelacionfm.cl\/?p=48988' aria-hidden='false' data-av_icon='\ue8fc' data-av_iconfont='entypo-fontello' title='' data-avia-related-tooltip='Compartir en LinkedIn' rel=\"noopener\"><span class='avia_hidden_link_text'>Compartir en LinkedIn<\/span><\/a><\/li><li class='av-share-link av-social-link-mail' ><a  aria-label=\"Compartir por correo\" href='mailto:?subject=El%2048%2C3%20%25%20de%20la%20superficie%20total%20de%20Ays%C3%A9n%20corresponde%20al%20subuso%20bosque%20nativo&#038;body=https:\/\/radiorevelacionfm.cl\/?p=48988' aria-hidden='false' data-av_icon='\ue805' data-av_iconfont='entypo-fontello' title='' data-avia-related-tooltip='Compartir por correo'><span class='avia_hidden_link_text'>Compartir por correo<\/span><\/a><\/li><\/ul><\/div><\/div>\n<div  style='height:50px' class='hr hr-invisible   avia-builder-el-8  el_after_av_social_share  el_before_av_comments_list '><span class='hr-inner ' ><span class='hr-inner-style'><\/span><\/span><\/div>\n<div  class='av-buildercomment  av-blog-meta-html-info-disabled av-blog-meta-tag-disabled  '><\/div>\n","protected":false},"excerpt":{"rendered":"","protected":false},"author":1,"featured_media":48989,"comment_status":"open","ping_status":"open","sticky":false,"template":"","format":"standard","meta":{"footnotes":""},"categories":[38],"tags":[],"class_list":["post-48988","post","type-post","status-publish","format-standard","has-post-thumbnail","hentry","category-regional"],"jetpack_featured_media_url":"https:\/\/radiorevelacionfm.cl\/wp-content\/uploads\/2024\/12\/bosque-nativo-aysen-1_optimized.jpeg","_links":{"self":[{"href":"https:\/\/radiorevelacionfm.cl\/index.php?rest_route=\/wp\/v2\/posts\/48988","targetHints":{"allow":["GET"]}}],"collection":[{"href":"https:\/\/radiorevelacionfm.cl\/index.php?rest_route=\/wp\/v2\/posts"}],"about":[{"href":"https:\/\/radiorevelacionfm.cl\/index.php?rest_route=\/wp\/v2\/types\/post"}],"author":[{"embeddable":true,"href":"https:\/\/radiorevelacionfm.cl\/index.php?rest_route=\/wp\/v2\/users\/1"}],"replies":[{"embeddable":true,"href":"https:\/\/radiorevelacionfm.cl\/index.php?rest_route=%2Fwp%2Fv2%2Fcomments&post=48988"}],"version-history":[{"count":1,"href":"https:\/\/radiorevelacionfm.cl\/index.php?rest_route=\/wp\/v2\/posts\/48988\/revisions"}],"predecessor-version":[{"id":48990,"href":"https:\/\/radiorevelacionfm.cl\/index.php?rest_route=\/wp\/v2\/posts\/48988\/revisions\/48990"}],"wp:featuredmedia":[{"embeddable":true,"href":"https:\/\/radiorevelacionfm.cl\/index.php?rest_route=\/wp\/v2\/media\/48989"}],"wp:attachment":[{"href":"https:\/\/radiorevelacionfm.cl\/index.php?rest_route=%2Fwp%2Fv2%2Fmedia&parent=48988"}],"wp:term":[{"taxonomy":"category","embeddable":true,"href":"https:\/\/radiorevelacionfm.cl\/index.php?rest_route=%2Fwp%2Fv2%2Fcategories&post=48988"},{"taxonomy":"post_tag","embeddable":true,"href":"https:\/\/radiorevelacionfm.cl\/index.php?rest_route=%2Fwp%2Fv2%2Ftags&post=48988"}],"curies":[{"name":"wp","href":"https:\/\/api.w.org\/{rel}","templated":true}]}}