{"id":48985,"date":"2024-12-18T14:58:44","date_gmt":"2024-12-18T17:58:44","guid":{"rendered":"https:\/\/radiorevelacionfm.cl\/?p=48985"},"modified":"2024-12-18T15:01:35","modified_gmt":"2024-12-18T18:01:35","slug":"sence-llama-a-postular-a-sus-becas-sin-costo-para-capacitarse-en-temas-digitales-e-idiomas","status":"publish","type":"post","link":"https:\/\/radiorevelacionfm.cl\/?p=48985","title":{"rendered":"Sence llama a postular a sus becas sin costo para capacitarse en temas digitales e idiomas"},"content":{"rendered":"<div class=\"flex_column av_one_full  flex_column_div av-zero-column-padding first  avia-builder-el-0  el_before_av_one_full  avia-builder-el-first  \" style='border-radius:0px; '><div  class='avia-image-container  av-styling-    avia-builder-el-1  avia-builder-el-no-sibling  avia-align-center '  itemprop=\"image\" itemscope=\"itemscope\" itemtype=\"https:\/\/schema.org\/ImageObject\"  ><div class='avia-image-container-inner'><div class='avia-image-overlay-wrap'><img decoding=\"async\" class='wp-image-48986 avia-img-lazy-loading-not-48986 avia_image' src=\"https:\/\/radiorevelacionfm.cl\/wp-content\/uploads\/2024\/12\/DespegaMIPE_Portugues-1-1.jpg\" alt='' title='DespegaMIPE_Portugues (1) (1)' height=\"600\" width=\"861\"  itemprop=\"thumbnailUrl\" srcset=\"https:\/\/radiorevelacionfm.cl\/wp-content\/uploads\/2024\/12\/DespegaMIPE_Portugues-1-1.jpg 861w, https:\/\/radiorevelacionfm.cl\/wp-content\/uploads\/2024\/12\/DespegaMIPE_Portugues-1-1-300x209.jpg 300w, https:\/\/radiorevelacionfm.cl\/wp-content\/uploads\/2024\/12\/DespegaMIPE_Portugues-1-1-768x535.jpg 768w, https:\/\/radiorevelacionfm.cl\/wp-content\/uploads\/2024\/12\/DespegaMIPE_Portugues-1-1-705x491.jpg 705w, https:\/\/radiorevelacionfm.cl\/wp-content\/uploads\/2024\/12\/DespegaMIPE_Portugues-1-1-450x314.jpg 450w, https:\/\/radiorevelacionfm.cl\/wp-content\/uploads\/2024\/12\/DespegaMIPE_Portugues-1-1-600x418.jpg 600w\" sizes=\"(max-width: 861px) 100vw, 861px\" \/><\/div><\/div><\/div><\/div>\n<div class=\"flex_column av_one_full  flex_column_div av-zero-column-padding first  avia-builder-el-2  el_after_av_one_full  el_before_av_one_full  column-top-margin\" style='border-radius:0px; '><section class=\"av_textblock_section \"  itemscope=\"itemscope\" itemtype=\"https:\/\/schema.org\/BlogPosting\" itemprop=\"blogPost\" ><div class='avia_textblock  '   itemprop=\"text\" ><p style=\"text-align: center;\"><strong><span style=\"font-size: 18pt;\">Sence llama a postular a sus becas sin costo para capacitarse en temas digitales e idiomas<\/span><\/strong><\/p>\n<div id=\"gtx-trans\" style=\"position: absolute; left: -50px; top: 4.31534px;\">\n<div class=\"gtx-trans-icon\"><\/div>\n<\/div>\n<\/div><\/section><\/div>\n<div class=\"flex_column av_one_full  flex_column_div av-zero-column-padding first  avia-builder-el-4  el_after_av_one_full  el_before_av_hr  column-top-margin\" style='border-radius:0px; '><section class=\"av_textblock_section \"  itemscope=\"itemscope\" itemtype=\"https:\/\/schema.org\/BlogPosting\" itemprop=\"blogPost\" ><div class='avia_textblock  '   itemprop=\"text\" ><p class=\"v1gmail-MsoListParagraph\" style=\"text-align: justify;\"><i><span lang=\"ES\">Se trata de los programas \u00abTalento Digital\u00bb bajo la modalidad de bootcamp y el convenio con Open English del programa \u00abDespega MIPE\u00bb para capacitarse en ingl\u00e9s y\/o portugu\u00e9s.<\/span><\/i><\/p>\n<p class=\"v1MsoNormal\" style=\"text-align: justify;\"><span lang=\"ES\">Los trabajos y las necesidades tanto de los puestos laborales como de las micro, peque\u00f1as y medianas empresas han cambiado r\u00e1pidamente durante los \u00faltimos a\u00f1os, m\u00e1s a\u00fan con la globalizaci\u00f3n y la inteligencia artificial. Por ello, el Servicio de Capacitaci\u00f3n y Empleo, Sence, ha estado actualizando su malla de ofertas de capacitaci\u00f3n, abriendo en esta oportunidad los programas \u00abTalento Digital\u00bb con una actualizaci\u00f3n en sus contenidos y \u00abDespega MIPE\u00bb convenio Open English, que ofrece cursos de ingl\u00e9s y portugu\u00e9s.<\/span><\/p>\n<p class=\"v1MsoNormal\" style=\"text-align: justify;\"><span lang=\"ES\">La Seremi del Trabajo y Previsi\u00f3n Social, Camila Covarrubias, se refiri\u00f3 a esta oportunidad de capacitarse, sin costo, con el apoyo de Sence,\u00a0<\/span>\u00abContarles que tenemos dos cursos, que son becas laborales gratuitas, que incluyen la Regi\u00f3n de Ays\u00e9n, estos cursos permiten a los trabajadores y trabajadoras o quienes est\u00e1n en b\u00fasqueda de empleo, poder enfrentar nuevos desaf\u00edos laborales y tambi\u00e9n mejorar as\u00ed su empleabilidad. Les invitamos a ser parte de estos cursos y para eso los invitamos a ingresar a\u00a0<a href=\"http:\/\/www.sence.cl\/\" target=\"_blank\" rel=\"noopener noreferrer\">www.sence.cl<\/a>\u00ab.<\/p>\n<p class=\"v1MsoNormal\" style=\"text-align: justify;\">Los detalles sobre ambas becas las entreg\u00f3 el director regional de Sence Ays\u00e9n, Nelson Garrido Morales, \u00abContentos como Servicio Nacional de Capacitaci\u00f3n y empleo y en el \u00e9nfasis de querer cambiar vidas para mejor, tenemos el programa \u00abTalento Digital\u00bb, en el cual existen varias opciones de capacitaci\u00f3n en ciberseguridad, bases de datos, todo lo relacionado con inteligencia artificial. Puedes postular siendo mayor de 18 a\u00f1os, teniendo cuarto medio y dando una sencilla prueba. El otro curso que estamos promocionando en este momento y donde tenemos m\u00e1s de 1.800 cupos a\u00fan a nivel nacional, es un curso de ingl\u00e9s o portugu\u00e9s. \u00c9ste es en conjunto con Open English, as\u00ed que lo \u00fanico importante es que t\u00fa seas un emprendedor o que trabajes para una PYME o una mipyme, ingresas con tu clave \u00fanica y puedes comenzar el curso en forma inmediata, recuerda ingl\u00e9s o portugu\u00e9s\u00bb, mencion\u00f3.<\/p>\n<p class=\"v1MsoNormal\" style=\"text-align: justify;\"><b><u>Formaci\u00f3n tecnol\u00f3gica:<\/u><\/b><b><u><span lang=\"ES-MX\">\u00a0actualizaci\u00f3n seg\u00fan las demandas del mercado<\/span><\/u><\/b><\/p>\n<p class=\"v1MsoNormal\" style=\"text-align: justify;\"><span lang=\"ES-MX\">El Programa \u00abTalento Digital\u00bb se lanz\u00f3 hace unos d\u00edas ofreciendo 2.400 becas laborales por parte del Ministerio del Trabajo, SENCE, OTIC Sofofa y Talento Digital para Chile, buscando potenciar las habilidades tecnol\u00f3gicas de personas desempleadas, independientes y profesionales interesados en ingresar o especializarse en el sector TI.<\/span><\/p>\n<p class=\"v1MsoNormal\" style=\"text-align: justify;\"><span lang=\"ES-MX\">Estas becas, dise\u00f1adas para aprender bajo una metodolog\u00eda intensiva de bootcamp, tienen cobertura nacional, son 100% gratuitas y est\u00e1n orientadas a las \u00e1reas de alta demanda como programaci\u00f3n, an\u00e1lisis de datos y ciberseguridad, entre otros. Los cursos ser\u00e1n impartidos de manera completamente online, con clases sincr\u00f3nicas, permitiendo a los participantes adquirir competencias clave en un periodo breve.<\/span><\/p>\n<p class=\"v1MsoNormal\" style=\"text-align: justify;\"><span lang=\"ES-MX\">Desde su creaci\u00f3n el 2019 se han gestionado 28 mil becas, transformando este programa en un referente en formaci\u00f3n tecnol\u00f3gica. En materia de empleabilidad, cuenta con una tasa de \u00e9xito de 77% al egreso en autoempleo, empleo o continuidad de estudios.<\/span><\/p>\n<p class=\"v1MsoNormal\" style=\"text-align: justify;\"><span lang=\"ES-MX\">Este a\u00f1o, Talento Digital ha renovado sus planes formativos para responder a las necesidades emergentes de la industria tecnol\u00f3gica. Como parte de esta actualizaci\u00f3n, se incorporan herramientas de inteligencia artificial (IA) desde el inicio de todos los bootcamps, lo que permite a los estudiantes aplicar estas tecnolog\u00edas de manera pr\u00e1ctica durante todo su proceso de aprendizaje.<\/span><\/p>\n<p class=\"v1MsoNormal\" style=\"text-align: justify;\"><span lang=\"ES-MX\">Adem\u00e1s, este proceso de modernizaci\u00f3n, realizado en colaboraci\u00f3n con instituciones formativas, empresas del sector p\u00fablico y privado, y egresados, incluye la creaci\u00f3n de nuevas especializaciones en \u00e1reas clave como Machine Learning y Ciberseguridad, reafirmando el compromiso de Talento Digital con la formaci\u00f3n de talento pertinente y altamente capacitado.<\/span><\/p>\n<p class=\"v1MsoNormal\" style=\"text-align: justify;\"><span lang=\"ES-MX\">Para postular a \u00abtalento Digital\u00bb, el link directo es\u00a0<\/span><a href=\"https:\/\/talentodigitalparachile.cl\/becas-laborales-2024\/\" target=\"_blank\" rel=\"noopener noreferrer\"><span lang=\"ES-MX\">https:\/\/talentodigitalparachile.cl\/becas-laborales-2024\/<\/span><\/a><\/p>\n<p class=\"v1MsoNormal\" style=\"text-align: justify;\"><b><u><span lang=\"ES-MX\">Capac\u00edtate en ingl\u00e9s y portugu\u00e9s<\/span><\/u><\/b><\/p>\n<p class=\"v1MsoNormal\" style=\"text-align: justify;\"><span lang=\"ES-MX\">Con el objetivo de mejorar las competencias laborales para aumentar la productividad y las oportunidades de las micro y peque\u00f1as empresas, el Programa \u00abDespega MIPE\u00bb de Sence\u00a0<\/span>ampli\u00f3 su oferta para los y las trabajadoras, due\u00f1os\/as, representantes legales, socios y socias de las micro y peque\u00f1as empresas, incorporando cursos de idiomas, para responder a la creciente necesidad de mejorar las competencias ling\u00fc\u00edsticas de actores del turismo, comercio y exportaci\u00f3n, entre otras \u00e1reas.<\/p>\n<p class=\"v1MsoNormal\" style=\"text-align: justify;\">Se trata de cinco mil becas para cursos en l\u00ednea, de 120 horas, de ingl\u00e9s y portugu\u00e9s en los niveles: B\u00e1sico (A1-A2) e Intermedio (B1-B2). Tal como coment\u00f3 Nelson Garrido, antes del inicio de las clases, cada participante deber\u00e1 dar un examen de diagn\u00f3stico que lo ubicar\u00e1 en el nivel adecuado. Los cursos ser\u00e1n impartidos en la plataforma Open English, que ofrece un acceso flexible y adaptado a las necesidades de cada participante.<\/p>\n<p class=\"v1MsoNormal\" style=\"text-align: justify;\"><span lang=\"ES-MX\">Para postular a \u00abDespega MIPE\u00bb, el link directo es<\/span><span lang=\"ES-MX\">\u00a0<\/span><a href=\"https:\/\/sence.gob.cl\/personas\/despega-mipe\" target=\"_blank\" rel=\"noopener noreferrer\">https:\/\/sence.gob.cl\/personas\/despega-mipe<\/a><u>.<\/u><\/p>\n<\/div><\/section><\/div><div  style='height:50px' class='hr hr-invisible   avia-builder-el-6  el_after_av_one_full  el_before_av_social_share '><span class='hr-inner ' ><span class='hr-inner-style'><\/span><\/span><\/div><\/p>\n<div  class='av-social-sharing-box  avia-builder-el-7  el_after_av_hr  el_before_av_hr  '><div class='av-share-box'><h5 class='av-share-link-description av-no-toc '>Compartir esta noticia<\/h5><ul class='av-share-box-list noLightbox'><li class='av-share-link av-social-link-facebook' ><a target=\"_blank\" aria-label=\"Compartir en Facebook\" href='https:\/\/www.facebook.com\/sharer.php?u=https:\/\/radiorevelacionfm.cl\/?p=48985&#038;t=Sence%20llama%20a%20postular%20a%20sus%20becas%20sin%20costo%20para%20capacitarse%20en%20temas%20digitales%20e%20idiomas' aria-hidden='false' data-av_icon='\ue8f3' data-av_iconfont='entypo-fontello' title='' data-avia-related-tooltip='Compartir en Facebook' rel=\"noopener\"><span class='avia_hidden_link_text'>Compartir en Facebook<\/span><\/a><\/li><li class='av-share-link av-social-link-twitter' ><a target=\"_blank\" aria-label=\"Compartir en Twitter\" href='https:\/\/twitter.com\/share?text=Sence%20llama%20a%20postular%20a%20sus%20becas%20sin%20costo%20para%20capacitarse%20en%20temas%20digitales%20e%20idiomas&#038;url=https:\/\/radiorevelacionfm.cl\/?p=48985' aria-hidden='false' data-av_icon='\ue8f1' data-av_iconfont='entypo-fontello' title='' data-avia-related-tooltip='Compartir en Twitter' rel=\"noopener\"><span class='avia_hidden_link_text'>Compartir en Twitter<\/span><\/a><\/li><li class='av-share-link av-social-link-whatsapp' ><a target=\"_blank\" aria-label=\"Compartir en Whatsapp\" href='https:\/\/api.whatsapp.com\/send?text=https:\/\/radiorevelacionfm.cl\/?p=48985' aria-hidden='false' data-av_icon='\uf232' data-av_iconfont='entypo-fontello' title='' data-avia-related-tooltip='Compartir en Whatsapp' rel=\"noopener\"><span class='avia_hidden_link_text'>Compartir en Whatsapp<\/span><\/a><\/li><li class='av-share-link av-social-link-linkedin' ><a target=\"_blank\" aria-label=\"Compartir en LinkedIn\" href='https:\/\/linkedin.com\/shareArticle?mini=true&#038;title=Sence%20llama%20a%20postular%20a%20sus%20becas%20sin%20costo%20para%20capacitarse%20en%20temas%20digitales%20e%20idiomas&#038;url=https:\/\/radiorevelacionfm.cl\/?p=48985' aria-hidden='false' data-av_icon='\ue8fc' data-av_iconfont='entypo-fontello' title='' data-avia-related-tooltip='Compartir en LinkedIn' rel=\"noopener\"><span class='avia_hidden_link_text'>Compartir en LinkedIn<\/span><\/a><\/li><li class='av-share-link av-social-link-mail' ><a  aria-label=\"Compartir por correo\" href='mailto:?subject=Sence%20llama%20a%20postular%20a%20sus%20becas%20sin%20costo%20para%20capacitarse%20en%20temas%20digitales%20e%20idiomas&#038;body=https:\/\/radiorevelacionfm.cl\/?p=48985' aria-hidden='false' data-av_icon='\ue805' data-av_iconfont='entypo-fontello' title='' data-avia-related-tooltip='Compartir por correo'><span class='avia_hidden_link_text'>Compartir por correo<\/span><\/a><\/li><\/ul><\/div><\/div>\n<div  style='height:50px' class='hr hr-invisible   avia-builder-el-8  el_after_av_social_share  el_before_av_comments_list '><span class='hr-inner ' ><span class='hr-inner-style'><\/span><\/span><\/div>\n<div  class='av-buildercomment  av-blog-meta-html-info-disabled av-blog-meta-tag-disabled  '><\/div>\n","protected":false},"excerpt":{"rendered":"","protected":false},"author":1,"featured_media":48986,"comment_status":"open","ping_status":"open","sticky":false,"template":"","format":"standard","meta":{"footnotes":""},"categories":[38],"tags":[],"class_list":["post-48985","post","type-post","status-publish","format-standard","has-post-thumbnail","hentry","category-regional"],"jetpack_featured_media_url":"https:\/\/radiorevelacionfm.cl\/wp-content\/uploads\/2024\/12\/DespegaMIPE_Portugues-1-1.jpg","_links":{"self":[{"href":"https:\/\/radiorevelacionfm.cl\/index.php?rest_route=\/wp\/v2\/posts\/48985","targetHints":{"allow":["GET"]}}],"collection":[{"href":"https:\/\/radiorevelacionfm.cl\/index.php?rest_route=\/wp\/v2\/posts"}],"about":[{"href":"https:\/\/radiorevelacionfm.cl\/index.php?rest_route=\/wp\/v2\/types\/post"}],"author":[{"embeddable":true,"href":"https:\/\/radiorevelacionfm.cl\/index.php?rest_route=\/wp\/v2\/users\/1"}],"replies":[{"embeddable":true,"href":"https:\/\/radiorevelacionfm.cl\/index.php?rest_route=%2Fwp%2Fv2%2Fcomments&post=48985"}],"version-history":[{"count":2,"href":"https:\/\/radiorevelacionfm.cl\/index.php?rest_route=\/wp\/v2\/posts\/48985\/revisions"}],"predecessor-version":[{"id":49009,"href":"https:\/\/radiorevelacionfm.cl\/index.php?rest_route=\/wp\/v2\/posts\/48985\/revisions\/49009"}],"wp:featuredmedia":[{"embeddable":true,"href":"https:\/\/radiorevelacionfm.cl\/index.php?rest_route=\/wp\/v2\/media\/48986"}],"wp:attachment":[{"href":"https:\/\/radiorevelacionfm.cl\/index.php?rest_route=%2Fwp%2Fv2%2Fmedia&parent=48985"}],"wp:term":[{"taxonomy":"category","embeddable":true,"href":"https:\/\/radiorevelacionfm.cl\/index.php?rest_route=%2Fwp%2Fv2%2Fcategories&post=48985"},{"taxonomy":"post_tag","embeddable":true,"href":"https:\/\/radiorevelacionfm.cl\/index.php?rest_route=%2Fwp%2Fv2%2Ftags&post=48985"}],"curies":[{"name":"wp","href":"https:\/\/api.w.org\/{rel}","templated":true}]}}