{"id":48982,"date":"2024-12-18T10:22:33","date_gmt":"2024-12-18T13:22:33","guid":{"rendered":"https:\/\/radiorevelacionfm.cl\/?p=48982"},"modified":"2024-12-18T10:22:33","modified_gmt":"2024-12-18T13:22:33","slug":"impulsan-la-alfabetizacion-digital-de-vecinos-de-la-union-comunal-pampa-del-corral-en-coyhaique","status":"publish","type":"post","link":"https:\/\/radiorevelacionfm.cl\/?p=48982","title":{"rendered":"Impulsan la alfabetizaci\u00f3n digital de vecinos de la uni\u00f3n comunal Pampa del Corral en Coyhaique"},"content":{"rendered":"<div class=\"flex_column av_one_full  flex_column_div av-zero-column-padding first  avia-builder-el-0  el_before_av_one_full  avia-builder-el-first  \" style='border-radius:0px; '><div  class='avia-image-container  av-styling-    avia-builder-el-1  avia-builder-el-no-sibling  avia-align-center '  itemprop=\"image\" itemscope=\"itemscope\" itemtype=\"https:\/\/schema.org\/ImageObject\"  ><div class='avia-image-container-inner'><div class='avia-image-overlay-wrap'><img decoding=\"async\" class='wp-image-48983 avia-img-lazy-loading-not-48983 avia_image' src=\"https:\/\/radiorevelacionfm.cl\/wp-content\/uploads\/2024\/12\/alfabetizacion-digital1-1_optimized.jpeg\" alt='' title='alfabetizacion-digital1-(1)_optimized' height=\"600\" width=\"800\"  itemprop=\"thumbnailUrl\" srcset=\"https:\/\/radiorevelacionfm.cl\/wp-content\/uploads\/2024\/12\/alfabetizacion-digital1-1_optimized.jpeg 800w, https:\/\/radiorevelacionfm.cl\/wp-content\/uploads\/2024\/12\/alfabetizacion-digital1-1_optimized-300x225.jpeg 300w, https:\/\/radiorevelacionfm.cl\/wp-content\/uploads\/2024\/12\/alfabetizacion-digital1-1_optimized-768x576.jpeg 768w, https:\/\/radiorevelacionfm.cl\/wp-content\/uploads\/2024\/12\/alfabetizacion-digital1-1_optimized-705x529.jpeg 705w, https:\/\/radiorevelacionfm.cl\/wp-content\/uploads\/2024\/12\/alfabetizacion-digital1-1_optimized-450x338.jpeg 450w, https:\/\/radiorevelacionfm.cl\/wp-content\/uploads\/2024\/12\/alfabetizacion-digital1-1_optimized-600x450.jpeg 600w\" sizes=\"(max-width: 800px) 100vw, 800px\" \/><\/div><\/div><\/div><\/div><div class=\"flex_column av_one_full  flex_column_div av-zero-column-padding first  avia-builder-el-2  el_after_av_one_full  el_before_av_one_full  column-top-margin\" style='border-radius:0px; '><section class=\"av_textblock_section \"  itemscope=\"itemscope\" itemtype=\"https:\/\/schema.org\/BlogPosting\" itemprop=\"blogPost\" ><div class='avia_textblock  '   itemprop=\"text\" ><p style=\"text-align: center;\"><strong><span style=\"font-size: 18pt;\">Impulsan la alfabetizaci\u00f3n digital de vecinos de la uni\u00f3n comunal Pampa del Corral en Coyhaique<\/span><\/strong><\/p>\n<div id=\"gtx-trans\" style=\"position: absolute; left: -50px; top: 4.31534px;\">\n<div class=\"gtx-trans-icon\"><\/div>\n<\/div>\n<\/div><\/section><\/div><div class=\"flex_column av_one_full  flex_column_div av-zero-column-padding first  avia-builder-el-4  el_after_av_one_full  el_before_av_hr  column-top-margin\" style='border-radius:0px; '><section class=\"av_textblock_section \"  itemscope=\"itemscope\" itemtype=\"https:\/\/schema.org\/BlogPosting\" itemprop=\"blogPost\" ><div class='avia_textblock  '   itemprop=\"text\" ><p style=\"text-align: justify;\"><em>La uni\u00f3n comunal Pampa del Corral inici\u00f3 un curso que busca fortalecer las competencias digitales de la comunidad.<\/em><\/p>\n<p style=\"text-align: justify;\">En una nueva iniciativa de desarrollo comunitario, Edelaysen en colaboraci\u00f3n con la Otec Tropilla, dio inicio al curso de alfabetizaci\u00f3n digital dirigido a la Uni\u00f3n Comunal Pampa del Corral en la comuna de Coyhaique. Este programa tiene como objetivo principal brindar herramientas tecnol\u00f3gicas a los participantes, permiti\u00e9ndoles desenvolverse con mayor confianza y eficacia en el entorno digital.<\/p>\n<p style=\"text-align: justify;\">La capacitaci\u00f3n abarca desde el manejo b\u00e1sico de dispositivos hasta el uso de aplicaciones y plataformas esenciales en la vida cotidiana. \u201cEs fundamental que todas las personas puedan acceder al conocimiento digital, y este curso es un paso importante para lograrlo\u201d, destac\u00f3 Yasna Vera, ejecutiva de Edelaysen.<\/p>\n<p style=\"text-align: justify;\">De esta manera, tanto desde la el\u00e9ctrica como desde la entidad capacitadora se busca fortalecer el desarrollo de las competencias digitales en la comunidad, impulsando la inclusi\u00f3n tecnol\u00f3gica y el acceso equitativo al conocimiento digital.<\/p>\n<p style=\"text-align: justify;\">Para Julia Molina, vecina y tesorera de la JJVV de poblaci\u00f3n Sargento Rebolledo este curso fue de mucho aprendizaje, destacando qu\u00e9: \u201cMuchas cosas que no sabemos pudimos verlas y ahora ense\u00f1arlas a nuestros vecinos, as\u00ed que ha sido s\u00faper confortante porque la profesora es un siete, nos tiene paciencia, nos ense\u00f1a a cada una, cada paso as\u00ed que muy contenta de eso y lo que queremos es que esto no sea solamente para nosotras, sino que tambi\u00e9n para nuestros vecinos que necesitan tambi\u00e9n de esto\u201d.<\/p>\n<p style=\"text-align: justify;\">\u201cComo Otec Tropilla buscamos capacitar, entregar conocimiento a las personas para que cada uno de quienes participen en nuestras capacitaciones adquieran los conocimientos y sobre todo los puedan practicar y aprovechar en cada una de las funciones y labores en las que se desempe\u00f1en\u201d, se\u00f1al\u00f3 Claudia Novoa, profesora del curso de alfabetizaci\u00f3n digital.<\/p>\n<p style=\"text-align: justify;\">De acuerdo a lo mencionado por Edelaysen, este curso tiene una duraci\u00f3n de 20 horas totales, las que tras acuerdo entre la Otec y las propias estudiantes se administrar\u00e1n durante 2 semanas consecutivas, finalizando su formaci\u00f3n con una ceremonia de certificaci\u00f3n para cada una de ellas.<\/p>\n<p style=\"text-align: justify;\"><strong>\u00a0<\/strong><\/p>\n<p style=\"text-align: justify;\"><strong>\u00a0<\/strong><\/p>\n<\/div><\/section><\/div><div  style='height:50px' class='hr hr-invisible   avia-builder-el-6  el_after_av_one_full  el_before_av_social_share '><span class='hr-inner ' ><span class='hr-inner-style'><\/span><\/span><\/div><\/p>\n<div  class='av-social-sharing-box  avia-builder-el-7  el_after_av_hr  el_before_av_hr  '><div class='av-share-box'><h5 class='av-share-link-description av-no-toc '>Compartir esta noticia<\/h5><ul class='av-share-box-list noLightbox'><li class='av-share-link av-social-link-facebook' ><a target=\"_blank\" aria-label=\"Compartir en Facebook\" href='https:\/\/www.facebook.com\/sharer.php?u=https:\/\/radiorevelacionfm.cl\/?p=48982&#038;t=Impulsan%20la%20alfabetizaci%C3%B3n%20digital%20de%20vecinos%20de%20la%20uni%C3%B3n%20comunal%20Pampa%20del%20Corral%20en%20Coyhaique' aria-hidden='false' data-av_icon='\ue8f3' data-av_iconfont='entypo-fontello' title='' data-avia-related-tooltip='Compartir en Facebook' rel=\"noopener\"><span class='avia_hidden_link_text'>Compartir en Facebook<\/span><\/a><\/li><li class='av-share-link av-social-link-twitter' ><a target=\"_blank\" aria-label=\"Compartir en Twitter\" href='https:\/\/twitter.com\/share?text=Impulsan%20la%20alfabetizaci%C3%B3n%20digital%20de%20vecinos%20de%20la%20uni%C3%B3n%20comunal%20Pampa%20del%20Corral%20en%20Coyhaique&#038;url=https:\/\/radiorevelacionfm.cl\/?p=48982' aria-hidden='false' data-av_icon='\ue8f1' data-av_iconfont='entypo-fontello' title='' data-avia-related-tooltip='Compartir en Twitter' rel=\"noopener\"><span class='avia_hidden_link_text'>Compartir en Twitter<\/span><\/a><\/li><li class='av-share-link av-social-link-whatsapp' ><a target=\"_blank\" aria-label=\"Compartir en Whatsapp\" href='https:\/\/api.whatsapp.com\/send?text=https:\/\/radiorevelacionfm.cl\/?p=48982' aria-hidden='false' data-av_icon='\uf232' data-av_iconfont='entypo-fontello' title='' data-avia-related-tooltip='Compartir en Whatsapp' rel=\"noopener\"><span class='avia_hidden_link_text'>Compartir en Whatsapp<\/span><\/a><\/li><li class='av-share-link av-social-link-linkedin' ><a target=\"_blank\" aria-label=\"Compartir en LinkedIn\" href='https:\/\/linkedin.com\/shareArticle?mini=true&#038;title=Impulsan%20la%20alfabetizaci%C3%B3n%20digital%20de%20vecinos%20de%20la%20uni%C3%B3n%20comunal%20Pampa%20del%20Corral%20en%20Coyhaique&#038;url=https:\/\/radiorevelacionfm.cl\/?p=48982' aria-hidden='false' data-av_icon='\ue8fc' data-av_iconfont='entypo-fontello' title='' data-avia-related-tooltip='Compartir en LinkedIn' rel=\"noopener\"><span class='avia_hidden_link_text'>Compartir en LinkedIn<\/span><\/a><\/li><li class='av-share-link av-social-link-mail' ><a  aria-label=\"Compartir por correo\" href='mailto:?subject=Impulsan%20la%20alfabetizaci%C3%B3n%20digital%20de%20vecinos%20de%20la%20uni%C3%B3n%20comunal%20Pampa%20del%20Corral%20en%20Coyhaique&#038;body=https:\/\/radiorevelacionfm.cl\/?p=48982' aria-hidden='false' data-av_icon='\ue805' data-av_iconfont='entypo-fontello' title='' data-avia-related-tooltip='Compartir por correo'><span class='avia_hidden_link_text'>Compartir por correo<\/span><\/a><\/li><\/ul><\/div><\/div>\n<div  style='height:50px' class='hr hr-invisible   avia-builder-el-8  el_after_av_social_share  el_before_av_comments_list '><span class='hr-inner ' ><span class='hr-inner-style'><\/span><\/span><\/div>\n<div  class='av-buildercomment  av-blog-meta-html-info-disabled av-blog-meta-tag-disabled  '><\/div>\n","protected":false},"excerpt":{"rendered":"","protected":false},"author":1,"featured_media":48983,"comment_status":"open","ping_status":"open","sticky":false,"template":"","format":"standard","meta":{"footnotes":""},"categories":[38],"tags":[],"class_list":["post-48982","post","type-post","status-publish","format-standard","has-post-thumbnail","hentry","category-regional"],"jetpack_featured_media_url":"https:\/\/radiorevelacionfm.cl\/wp-content\/uploads\/2024\/12\/alfabetizacion-digital1-1_optimized.jpeg","_links":{"self":[{"href":"https:\/\/radiorevelacionfm.cl\/index.php?rest_route=\/wp\/v2\/posts\/48982","targetHints":{"allow":["GET"]}}],"collection":[{"href":"https:\/\/radiorevelacionfm.cl\/index.php?rest_route=\/wp\/v2\/posts"}],"about":[{"href":"https:\/\/radiorevelacionfm.cl\/index.php?rest_route=\/wp\/v2\/types\/post"}],"author":[{"embeddable":true,"href":"https:\/\/radiorevelacionfm.cl\/index.php?rest_route=\/wp\/v2\/users\/1"}],"replies":[{"embeddable":true,"href":"https:\/\/radiorevelacionfm.cl\/index.php?rest_route=%2Fwp%2Fv2%2Fcomments&post=48982"}],"version-history":[{"count":1,"href":"https:\/\/radiorevelacionfm.cl\/index.php?rest_route=\/wp\/v2\/posts\/48982\/revisions"}],"predecessor-version":[{"id":48984,"href":"https:\/\/radiorevelacionfm.cl\/index.php?rest_route=\/wp\/v2\/posts\/48982\/revisions\/48984"}],"wp:featuredmedia":[{"embeddable":true,"href":"https:\/\/radiorevelacionfm.cl\/index.php?rest_route=\/wp\/v2\/media\/48983"}],"wp:attachment":[{"href":"https:\/\/radiorevelacionfm.cl\/index.php?rest_route=%2Fwp%2Fv2%2Fmedia&parent=48982"}],"wp:term":[{"taxonomy":"category","embeddable":true,"href":"https:\/\/radiorevelacionfm.cl\/index.php?rest_route=%2Fwp%2Fv2%2Fcategories&post=48982"},{"taxonomy":"post_tag","embeddable":true,"href":"https:\/\/radiorevelacionfm.cl\/index.php?rest_route=%2Fwp%2Fv2%2Ftags&post=48982"}],"curies":[{"name":"wp","href":"https:\/\/api.w.org\/{rel}","templated":true}]}}