{"id":4898,"date":"2021-06-04T13:42:49","date_gmt":"2021-06-04T16:42:49","guid":{"rendered":"https:\/\/radiorevelacionfm.cl\/?p=4898"},"modified":"2021-06-04T13:42:49","modified_gmt":"2021-06-04T16:42:49","slug":"melimoyu-ya-cuenta-con-una-brigada-bomberil-que-se-conformo-con-el-apoyo-del-cuerpo-de-bomberos-de-cisnes","status":"publish","type":"post","link":"https:\/\/radiorevelacionfm.cl\/?p=4898","title":{"rendered":"Melimoyu ya cuenta con una Brigada Bomberil que se conform\u00f3 con el apoyo del Cuerpo de Bomberos de Cisnes"},"content":{"rendered":"<div class=\"flex_column av_one_full  flex_column_div av-zero-column-padding first  avia-builder-el-0  el_before_av_one_full  avia-builder-el-first  \" style='border-radius:0px; '><div  class='avia-image-container  av-styling-    avia-builder-el-1  avia-builder-el-no-sibling  avia-align-center '  itemprop=\"image\" itemscope=\"itemscope\" itemtype=\"https:\/\/schema.org\/ImageObject\"  ><div class='avia-image-container-inner'><div class='avia-image-overlay-wrap'><img decoding=\"async\" class='wp-image-4899 avia-img-lazy-loading-not-4899 avia_image' src=\"https:\/\/radiorevelacionfm.cl\/wp-content\/uploads\/2021\/06\/BRIGADA-MELIMOYU-11-1-1.jpeg\" alt='' title='BRIGADA MELIMOYU 11 (1) (1)' height=\"600\" width=\"944\"  itemprop=\"thumbnailUrl\" srcset=\"https:\/\/radiorevelacionfm.cl\/wp-content\/uploads\/2021\/06\/BRIGADA-MELIMOYU-11-1-1.jpeg 944w, https:\/\/radiorevelacionfm.cl\/wp-content\/uploads\/2021\/06\/BRIGADA-MELIMOYU-11-1-1-300x191.jpeg 300w, https:\/\/radiorevelacionfm.cl\/wp-content\/uploads\/2021\/06\/BRIGADA-MELIMOYU-11-1-1-768x488.jpeg 768w, https:\/\/radiorevelacionfm.cl\/wp-content\/uploads\/2021\/06\/BRIGADA-MELIMOYU-11-1-1-705x448.jpeg 705w, https:\/\/radiorevelacionfm.cl\/wp-content\/uploads\/2021\/06\/BRIGADA-MELIMOYU-11-1-1-600x381.jpeg 600w\" sizes=\"(max-width: 944px) 100vw, 944px\" \/><\/div><\/div><\/div><\/div><div class=\"flex_column av_one_full  flex_column_div av-zero-column-padding first  avia-builder-el-2  el_after_av_one_full  el_before_av_one_full  column-top-margin\" style='border-radius:0px; '><section class=\"av_textblock_section \"  itemscope=\"itemscope\" itemtype=\"https:\/\/schema.org\/BlogPosting\" itemprop=\"blogPost\" ><div class='avia_textblock  '   itemprop=\"text\" ><p style=\"text-align: center;\"><strong><span style=\"font-size: 18pt;\">Melimoyu ya cuenta con una Brigada Bomberil que se conform\u00f3 con el apoyo del Cuerpo de Bomberos de Cisnes<\/span><\/strong><\/p>\n<div id=\"gtx-trans\" style=\"position: absolute; left: -50px; top: 4.31534px;\">\n<div class=\"gtx-trans-icon\"><\/div>\n<\/div>\n<\/div><\/section><\/div><div class=\"flex_column av_one_full  flex_column_div av-zero-column-padding first  avia-builder-el-4  el_after_av_one_full  el_before_av_hr  column-top-margin\" style='border-radius:0px; '><section class=\"av_textblock_section \"  itemscope=\"itemscope\" itemtype=\"https:\/\/schema.org\/BlogPosting\" itemprop=\"blogPost\" ><div class='avia_textblock  '   itemprop=\"text\" ><p style=\"text-align: justify;\">Un trabajo intersectorial, encabezado por el Cuerpo de Bomberos de Cisnes, permiti\u00f3 recientemente formar la Brigada de Melimoyu, en el litoral norte de nuestra regi\u00f3n. La urgencia y necesidad de crear este organismo de emergencia, se increment\u00f3 en los \u00faltimos d\u00edas al ocurrir dos incendios en la localidad y donde en uno de ellos falleci\u00f3 una persona.<\/p>\n<p style=\"text-align: justify;\">Es por esto que, se unieron voluntades entre la entidad voluntaria, el municipio y la empresa privada, que permitieron llegar hasta Melimoyu, trasladar a los oficiales y el material para concretar el objetivo. Algo que fue relevado por el Superintendente de Bomberos de Cisnes y Lago Verde, Milton Lopend\u00eda.<\/p>\n<p style=\"text-align: justify;\">\u201cSe conform\u00f3 la Brigada de Bomberos de Melimoyu, con la presencia de nuestro Comandante se\u00f1or H\u00e9ctor Andrade y los voluntarios Luis Huenchul y Juan Carlos Maripi\u00f1an, todos pertenecientes a la Tercera Compa\u00f1\u00eda de Puyuhuapi. Adem\u00e1s, se cont\u00f3 con la presencia de los vecinos y vecinas de esta lejana localidad, quienes ten\u00edan urgente necesidad de contar con equipamiento y capacitaci\u00f3n para enfrentar emergencias como el combate del fuego. Sin duda, se cre\u00f3 un gran equipo humano, quienes con trabajo y esfuerzo se estar\u00e1n capacitando y de esta forma dando los primeros pasos de esta nueva Brigada. Como Cuerpo de Bomberos continuaremos apoyando en incrementar nuestros esfuerzos, para llegar a todos los rincones de nuestra comuna\u201d.<\/p>\n<p style=\"text-align: justify;\">Con la creaci\u00f3n del nuevo ente de emergencia en Melimoyu, el Cuerpo de Bomberos de Cisnes y Lago Verde tiene en la actualidad 4 Compa\u00f1\u00edas y 5 Brigadas, destac\u00f3 el Superintendente Lopend\u00eda.<\/p>\n<p style=\"text-align: justify;\">\u201cEsta Brigada se suma a las ya conformadas en Puerto Gala, Amengual, La Tapera y Lago Verde, manteniendo en la actualidad 5 Brigadas y 4 Compa\u00f1\u00edas. Destacar tambi\u00e9n que, para poder formar esta nueva Brigada, contamos con el apoyo de la Ilustre Municipalidad de Cisnes, quien a trav\u00e9s de su Alcalde Francisco Roncagliolo, nos entreg\u00f3 una motobomba y todo el apoyo para nuevas gestiones a futuro. Igualmente la empresa privada, Aqua Chile, nos prest\u00f3 la log\u00edstica y el traslado hacia la localidad, as\u00ed es que, agradecemos a ambas instituciones por el apoyo entregado con el fin de lograr este objetivo. Solo nos queda, desear mucho \u00e9xito a esta Novena Brigada de Bomberos de Melimoyu, del Cuerpo de Bomberos Cisnes \u2013 Lago Verde\u201d.<\/p>\n<p style=\"text-align: justify;\">La formaci\u00f3n de la Brigada Bomberil en Melimoyu, viene a hacer realidad una antigua aspiraci\u00f3n de contar con material, capacitaci\u00f3n y apoyo para enfrentar futuras emergencias en esta apartada localidad.<\/p>\n<\/div><\/section><\/div><div  style='height:50px' class='hr hr-invisible   avia-builder-el-6  el_after_av_one_full  el_before_av_social_share '><span class='hr-inner ' ><span class='hr-inner-style'><\/span><\/span><\/div><\/p>\n<div  class='av-social-sharing-box  avia-builder-el-7  el_after_av_hr  el_before_av_hr  '><div class='av-share-box'><h5 class='av-share-link-description av-no-toc '>Compartir esta noticia<\/h5><ul class='av-share-box-list noLightbox'><li class='av-share-link av-social-link-facebook' ><a target=\"_blank\" aria-label=\"Compartir en Facebook\" href='https:\/\/www.facebook.com\/sharer.php?u=https:\/\/radiorevelacionfm.cl\/?p=4898&#038;t=Melimoyu%20ya%20cuenta%20con%20una%20Brigada%20Bomberil%20que%20se%20conform%C3%B3%20con%20el%20apoyo%20del%20Cuerpo%20de%20Bomberos%20de%20Cisnes' aria-hidden='false' data-av_icon='\ue8f3' data-av_iconfont='entypo-fontello' title='' data-avia-related-tooltip='Compartir en Facebook' rel=\"noopener\"><span class='avia_hidden_link_text'>Compartir en Facebook<\/span><\/a><\/li><li class='av-share-link av-social-link-twitter' ><a target=\"_blank\" aria-label=\"Compartir en Twitter\" href='https:\/\/twitter.com\/share?text=Melimoyu%20ya%20cuenta%20con%20una%20Brigada%20Bomberil%20que%20se%20conform%C3%B3%20con%20el%20apoyo%20del%20Cuerpo%20de%20Bomberos%20de%20Cisnes&#038;url=https:\/\/radiorevelacionfm.cl\/?p=4898' aria-hidden='false' data-av_icon='\ue8f1' data-av_iconfont='entypo-fontello' title='' data-avia-related-tooltip='Compartir en Twitter' rel=\"noopener\"><span class='avia_hidden_link_text'>Compartir en Twitter<\/span><\/a><\/li><li class='av-share-link av-social-link-whatsapp' ><a target=\"_blank\" aria-label=\"Compartir en Whatsapp\" href='https:\/\/api.whatsapp.com\/send?text=https:\/\/radiorevelacionfm.cl\/?p=4898' aria-hidden='false' data-av_icon='\uf232' data-av_iconfont='entypo-fontello' title='' data-avia-related-tooltip='Compartir en Whatsapp' rel=\"noopener\"><span class='avia_hidden_link_text'>Compartir en Whatsapp<\/span><\/a><\/li><li class='av-share-link av-social-link-linkedin' ><a target=\"_blank\" aria-label=\"Compartir en LinkedIn\" href='https:\/\/linkedin.com\/shareArticle?mini=true&#038;title=Melimoyu%20ya%20cuenta%20con%20una%20Brigada%20Bomberil%20que%20se%20conform%C3%B3%20con%20el%20apoyo%20del%20Cuerpo%20de%20Bomberos%20de%20Cisnes&#038;url=https:\/\/radiorevelacionfm.cl\/?p=4898' aria-hidden='false' data-av_icon='\ue8fc' data-av_iconfont='entypo-fontello' title='' data-avia-related-tooltip='Compartir en LinkedIn' rel=\"noopener\"><span class='avia_hidden_link_text'>Compartir en LinkedIn<\/span><\/a><\/li><li class='av-share-link av-social-link-mail' ><a  aria-label=\"Compartir por correo\" href='mailto:?subject=Melimoyu%20ya%20cuenta%20con%20una%20Brigada%20Bomberil%20que%20se%20conform%C3%B3%20con%20el%20apoyo%20del%20Cuerpo%20de%20Bomberos%20de%20Cisnes&#038;body=https:\/\/radiorevelacionfm.cl\/?p=4898' aria-hidden='false' data-av_icon='\ue805' data-av_iconfont='entypo-fontello' title='' data-avia-related-tooltip='Compartir por correo'><span class='avia_hidden_link_text'>Compartir por correo<\/span><\/a><\/li><\/ul><\/div><\/div>\n<div  style='height:50px' class='hr hr-invisible   avia-builder-el-8  el_after_av_social_share  el_before_av_comments_list '><span class='hr-inner ' ><span class='hr-inner-style'><\/span><\/span><\/div>\n<div  class='av-buildercomment  av-blog-meta-html-info-disabled av-blog-meta-tag-disabled  '><\/div>\n","protected":false},"excerpt":{"rendered":"","protected":false},"author":1,"featured_media":4899,"comment_status":"open","ping_status":"open","sticky":false,"template":"","format":"standard","meta":{"footnotes":""},"categories":[38],"tags":[],"class_list":["post-4898","post","type-post","status-publish","format-standard","has-post-thumbnail","hentry","category-regional"],"jetpack_featured_media_url":"https:\/\/radiorevelacionfm.cl\/wp-content\/uploads\/2021\/06\/BRIGADA-MELIMOYU-11-1-1.jpeg","_links":{"self":[{"href":"https:\/\/radiorevelacionfm.cl\/index.php?rest_route=\/wp\/v2\/posts\/4898","targetHints":{"allow":["GET"]}}],"collection":[{"href":"https:\/\/radiorevelacionfm.cl\/index.php?rest_route=\/wp\/v2\/posts"}],"about":[{"href":"https:\/\/radiorevelacionfm.cl\/index.php?rest_route=\/wp\/v2\/types\/post"}],"author":[{"embeddable":true,"href":"https:\/\/radiorevelacionfm.cl\/index.php?rest_route=\/wp\/v2\/users\/1"}],"replies":[{"embeddable":true,"href":"https:\/\/radiorevelacionfm.cl\/index.php?rest_route=%2Fwp%2Fv2%2Fcomments&post=4898"}],"version-history":[{"count":1,"href":"https:\/\/radiorevelacionfm.cl\/index.php?rest_route=\/wp\/v2\/posts\/4898\/revisions"}],"predecessor-version":[{"id":4900,"href":"https:\/\/radiorevelacionfm.cl\/index.php?rest_route=\/wp\/v2\/posts\/4898\/revisions\/4900"}],"wp:featuredmedia":[{"embeddable":true,"href":"https:\/\/radiorevelacionfm.cl\/index.php?rest_route=\/wp\/v2\/media\/4899"}],"wp:attachment":[{"href":"https:\/\/radiorevelacionfm.cl\/index.php?rest_route=%2Fwp%2Fv2%2Fmedia&parent=4898"}],"wp:term":[{"taxonomy":"category","embeddable":true,"href":"https:\/\/radiorevelacionfm.cl\/index.php?rest_route=%2Fwp%2Fv2%2Fcategories&post=4898"},{"taxonomy":"post_tag","embeddable":true,"href":"https:\/\/radiorevelacionfm.cl\/index.php?rest_route=%2Fwp%2Fv2%2Ftags&post=4898"}],"curies":[{"name":"wp","href":"https:\/\/api.w.org\/{rel}","templated":true}]}}