{"id":48979,"date":"2024-12-21T16:09:43","date_gmt":"2024-12-21T19:09:43","guid":{"rendered":"https:\/\/radiorevelacionfm.cl\/?p=48979"},"modified":"2024-12-21T16:09:43","modified_gmt":"2024-12-21T19:09:43","slug":"la-magia-y-el-estres-de-la-navidad-puede-afectar-significativamente-el-bienestar-emocional","status":"publish","type":"post","link":"https:\/\/radiorevelacionfm.cl\/?p=48979","title":{"rendered":"La magia y el estr\u00e9s de la Navidad puede afectar significativamente el bienestar emocional"},"content":{"rendered":"<div class=\"flex_column av_one_full  flex_column_div av-zero-column-padding first  avia-builder-el-0  el_before_av_one_full  avia-builder-el-first  \" style='border-radius:0px; '><div  class='avia-image-container  av-styling-    avia-builder-el-1  avia-builder-el-no-sibling  avia-align-center '  itemprop=\"image\" itemscope=\"itemscope\" itemtype=\"https:\/\/schema.org\/ImageObject\"  ><div class='avia-image-container-inner'><div class='avia-image-overlay-wrap'><img decoding=\"async\" class='wp-image-48980 avia-img-lazy-loading-not-48980 avia_image' src=\"https:\/\/radiorevelacionfm.cl\/wp-content\/uploads\/2024\/12\/adobestock_301996935-1-1_optimized-1_optimized-1.jpeg\" alt='' title='adobestock_301996935-(1)-(1)_optimized-(1)_optimized (1)' height=\"600\" width=\"900\"  itemprop=\"thumbnailUrl\" srcset=\"https:\/\/radiorevelacionfm.cl\/wp-content\/uploads\/2024\/12\/adobestock_301996935-1-1_optimized-1_optimized-1.jpeg 900w, https:\/\/radiorevelacionfm.cl\/wp-content\/uploads\/2024\/12\/adobestock_301996935-1-1_optimized-1_optimized-1-300x200.jpeg 300w, https:\/\/radiorevelacionfm.cl\/wp-content\/uploads\/2024\/12\/adobestock_301996935-1-1_optimized-1_optimized-1-768x512.jpeg 768w, https:\/\/radiorevelacionfm.cl\/wp-content\/uploads\/2024\/12\/adobestock_301996935-1-1_optimized-1_optimized-1-705x470.jpeg 705w, https:\/\/radiorevelacionfm.cl\/wp-content\/uploads\/2024\/12\/adobestock_301996935-1-1_optimized-1_optimized-1-450x300.jpeg 450w, https:\/\/radiorevelacionfm.cl\/wp-content\/uploads\/2024\/12\/adobestock_301996935-1-1_optimized-1_optimized-1-600x400.jpeg 600w\" sizes=\"(max-width: 900px) 100vw, 900px\" \/><\/div><\/div><\/div><\/div><div class=\"flex_column av_one_full  flex_column_div av-zero-column-padding first  avia-builder-el-2  el_after_av_one_full  el_before_av_one_full  column-top-margin\" style='border-radius:0px; '><section class=\"av_textblock_section \"  itemscope=\"itemscope\" itemtype=\"https:\/\/schema.org\/BlogPosting\" itemprop=\"blogPost\" ><div class='avia_textblock  '   itemprop=\"text\" ><p style=\"text-align: center;\"><strong><span style=\"font-size: 18pt;\">La magia y el estr\u00e9s de la Navidad puede afectar significativamente el bienestar emocional<\/span><\/strong><\/p>\n<div id=\"gtx-trans\" style=\"position: absolute; left: -50px; top: 4.31534px;\">\n<div class=\"gtx-trans-icon\"><\/div>\n<\/div>\n<\/div><\/section><\/div><div class=\"flex_column av_one_full  flex_column_div av-zero-column-padding first  avia-builder-el-4  el_after_av_one_full  el_before_av_hr  column-top-margin\" style='border-radius:0px; '><section class=\"av_textblock_section \"  itemscope=\"itemscope\" itemtype=\"https:\/\/schema.org\/BlogPosting\" itemprop=\"blogPost\" ><div class='avia_textblock  '   itemprop=\"text\" ><p style=\"text-align: justify;\">La llegada de la Navidad suele asociarse con alegr\u00eda, uni\u00f3n familiar y celebraci\u00f3n. Sin embargo, para muchos padres, esta \u00e9poca del a\u00f1o representa una fuente significativa de estr\u00e9s. La presi\u00f3n por encontrar los regalos perfectos, el cansancio y ansiedad de los ni\u00f1os ante las vacaciones y el t\u00e9rmino del colegio, sumados a las dificultades econ\u00f3micas actuales, puede afectar significativamente el bienestar emocional de los padres.<\/p>\n<p style=\"text-align: justify;\">La b\u00fasqueda de regalos para familiares y amigos se convierte en una tarea abrumadora, y la necesidad de encontrar regalos que satisfagan las expectativas, sin exceder el presupuesto, genera un nivel de estr\u00e9s considerable.<\/p>\n<p style=\"text-align: justify;\">La emoci\u00f3n de la Navidad tambi\u00e9n puede generar ansiedad en los ni\u00f1os. La expectativa de recibir regalos, la interrupci\u00f3n de la rutina escolar y la presi\u00f3n social para participar en diversas actividades pueden provocar cambios en su comportamiento y estado de \u00e1nimo. Para los padres, esto implica lidiar mayores desregulaciones a nivel emocional, dificultades para dormir y mayores peleas entre hermanos, lo que puede aumentar el nivel de estr\u00e9s de toda la familia.<\/p>\n<p style=\"text-align: justify;\">Ante este panorama, es fundamental que los padres tomen medidas para cuidar su salud mental y emocional durante esta \u00e9poca del a\u00f1o. Es recomendable establecer un presupuesto realista y evitar generar expectativas con regalos complejos de adquirir. Para esto es importante ser ordenados y responsables con los gastos y evitar discursos que hablen continuamente de temas materiales o de juguetes. Por otro lado, se puede cambiar el foco y priorizar actividades familiares, como hacer galletas, decorar la casa, aprovechar de hacer paseos a espacios abiertos en la naturaleza, entre otros.<\/p>\n<p style=\"text-align: justify;\">De cierta forma si las familias van resignificando la navidad, como un espacio de disfrute familiar y que no est\u00e9 centrado en los regalos, esto podr\u00eda ayudar a reducir el estr\u00e9s tanto para los padres como para los ni\u00f1os.<\/p>\n<\/div><\/section><\/div><div  style='height:50px' class='hr hr-invisible   avia-builder-el-6  el_after_av_one_full  el_before_av_social_share '><span class='hr-inner ' ><span class='hr-inner-style'><\/span><\/span><\/div><\/p>\n<div  class='av-social-sharing-box  avia-builder-el-7  el_after_av_hr  el_before_av_hr  '><div class='av-share-box'><h5 class='av-share-link-description av-no-toc '>Compartir esta noticia<\/h5><ul class='av-share-box-list noLightbox'><li class='av-share-link av-social-link-facebook' ><a target=\"_blank\" aria-label=\"Compartir en Facebook\" href='https:\/\/www.facebook.com\/sharer.php?u=https:\/\/radiorevelacionfm.cl\/?p=48979&#038;t=La%20magia%20y%20el%20estr%C3%A9s%20de%20la%20Navidad%20puede%20afectar%20significativamente%20el%20bienestar%20emocional' aria-hidden='false' data-av_icon='\ue8f3' data-av_iconfont='entypo-fontello' title='' data-avia-related-tooltip='Compartir en Facebook' rel=\"noopener\"><span class='avia_hidden_link_text'>Compartir en Facebook<\/span><\/a><\/li><li class='av-share-link av-social-link-twitter' ><a target=\"_blank\" aria-label=\"Compartir en Twitter\" href='https:\/\/twitter.com\/share?text=La%20magia%20y%20el%20estr%C3%A9s%20de%20la%20Navidad%20puede%20afectar%20significativamente%20el%20bienestar%20emocional&#038;url=https:\/\/radiorevelacionfm.cl\/?p=48979' aria-hidden='false' data-av_icon='\ue8f1' data-av_iconfont='entypo-fontello' title='' data-avia-related-tooltip='Compartir en Twitter' rel=\"noopener\"><span class='avia_hidden_link_text'>Compartir en Twitter<\/span><\/a><\/li><li class='av-share-link av-social-link-whatsapp' ><a target=\"_blank\" aria-label=\"Compartir en Whatsapp\" href='https:\/\/api.whatsapp.com\/send?text=https:\/\/radiorevelacionfm.cl\/?p=48979' aria-hidden='false' data-av_icon='\uf232' data-av_iconfont='entypo-fontello' title='' data-avia-related-tooltip='Compartir en Whatsapp' rel=\"noopener\"><span class='avia_hidden_link_text'>Compartir en Whatsapp<\/span><\/a><\/li><li class='av-share-link av-social-link-linkedin' ><a target=\"_blank\" aria-label=\"Compartir en LinkedIn\" href='https:\/\/linkedin.com\/shareArticle?mini=true&#038;title=La%20magia%20y%20el%20estr%C3%A9s%20de%20la%20Navidad%20puede%20afectar%20significativamente%20el%20bienestar%20emocional&#038;url=https:\/\/radiorevelacionfm.cl\/?p=48979' aria-hidden='false' data-av_icon='\ue8fc' data-av_iconfont='entypo-fontello' title='' data-avia-related-tooltip='Compartir en LinkedIn' rel=\"noopener\"><span class='avia_hidden_link_text'>Compartir en LinkedIn<\/span><\/a><\/li><li class='av-share-link av-social-link-mail' ><a  aria-label=\"Compartir por correo\" href='mailto:?subject=La%20magia%20y%20el%20estr%C3%A9s%20de%20la%20Navidad%20puede%20afectar%20significativamente%20el%20bienestar%20emocional&#038;body=https:\/\/radiorevelacionfm.cl\/?p=48979' aria-hidden='false' data-av_icon='\ue805' data-av_iconfont='entypo-fontello' title='' data-avia-related-tooltip='Compartir por correo'><span class='avia_hidden_link_text'>Compartir por correo<\/span><\/a><\/li><\/ul><\/div><\/div>\n<div  style='height:50px' class='hr hr-invisible   avia-builder-el-8  el_after_av_social_share  el_before_av_comments_list '><span class='hr-inner ' ><span class='hr-inner-style'><\/span><\/span><\/div>\n<div  class='av-buildercomment  av-blog-meta-html-info-disabled av-blog-meta-tag-disabled  '><\/div>\n","protected":false},"excerpt":{"rendered":"","protected":false},"author":1,"featured_media":48980,"comment_status":"open","ping_status":"open","sticky":false,"template":"","format":"standard","meta":{"footnotes":""},"categories":[61],"tags":[],"class_list":["post-48979","post","type-post","status-publish","format-standard","has-post-thumbnail","hentry","category-nacional"],"jetpack_featured_media_url":"https:\/\/radiorevelacionfm.cl\/wp-content\/uploads\/2024\/12\/adobestock_301996935-1-1_optimized-1_optimized-1.jpeg","_links":{"self":[{"href":"https:\/\/radiorevelacionfm.cl\/index.php?rest_route=\/wp\/v2\/posts\/48979","targetHints":{"allow":["GET"]}}],"collection":[{"href":"https:\/\/radiorevelacionfm.cl\/index.php?rest_route=\/wp\/v2\/posts"}],"about":[{"href":"https:\/\/radiorevelacionfm.cl\/index.php?rest_route=\/wp\/v2\/types\/post"}],"author":[{"embeddable":true,"href":"https:\/\/radiorevelacionfm.cl\/index.php?rest_route=\/wp\/v2\/users\/1"}],"replies":[{"embeddable":true,"href":"https:\/\/radiorevelacionfm.cl\/index.php?rest_route=%2Fwp%2Fv2%2Fcomments&post=48979"}],"version-history":[{"count":1,"href":"https:\/\/radiorevelacionfm.cl\/index.php?rest_route=\/wp\/v2\/posts\/48979\/revisions"}],"predecessor-version":[{"id":48981,"href":"https:\/\/radiorevelacionfm.cl\/index.php?rest_route=\/wp\/v2\/posts\/48979\/revisions\/48981"}],"wp:featuredmedia":[{"embeddable":true,"href":"https:\/\/radiorevelacionfm.cl\/index.php?rest_route=\/wp\/v2\/media\/48980"}],"wp:attachment":[{"href":"https:\/\/radiorevelacionfm.cl\/index.php?rest_route=%2Fwp%2Fv2%2Fmedia&parent=48979"}],"wp:term":[{"taxonomy":"category","embeddable":true,"href":"https:\/\/radiorevelacionfm.cl\/index.php?rest_route=%2Fwp%2Fv2%2Fcategories&post=48979"},{"taxonomy":"post_tag","embeddable":true,"href":"https:\/\/radiorevelacionfm.cl\/index.php?rest_route=%2Fwp%2Fv2%2Ftags&post=48979"}],"curies":[{"name":"wp","href":"https:\/\/api.w.org\/{rel}","templated":true}]}}