{"id":48976,"date":"2024-12-18T09:51:23","date_gmt":"2024-12-18T12:51:23","guid":{"rendered":"https:\/\/radiorevelacionfm.cl\/?p=48976"},"modified":"2024-12-18T09:51:23","modified_gmt":"2024-12-18T12:51:23","slug":"certifican-a-30-vehiculos-para-realizar-transporte-de-turismo-en-temporada-de-cruceros","status":"publish","type":"post","link":"https:\/\/radiorevelacionfm.cl\/?p=48976","title":{"rendered":"Certifican a 30 veh\u00edculos para realizar transporte de turismo en temporada de cruceros"},"content":{"rendered":"<div class=\"flex_column av_one_full  flex_column_div av-zero-column-padding first  avia-builder-el-0  el_before_av_one_full  avia-builder-el-first  \" style='border-radius:0px; '><div  class='avia-image-container  av-styling-    avia-builder-el-1  avia-builder-el-no-sibling  avia-align-center '  itemprop=\"image\" itemscope=\"itemscope\" itemtype=\"https:\/\/schema.org\/ImageObject\"  ><div class='avia-image-container-inner'><div class='avia-image-overlay-wrap'><img decoding=\"async\" class='wp-image-48977 avia-img-lazy-loading-not-48977 avia_image' src=\"https:\/\/radiorevelacionfm.cl\/wp-content\/uploads\/2024\/12\/dsc_0266-2_optimized.jpg\" alt='' title='dsc_0266-(2)_optimized' height=\"600\" width=\"903\"  itemprop=\"thumbnailUrl\" srcset=\"https:\/\/radiorevelacionfm.cl\/wp-content\/uploads\/2024\/12\/dsc_0266-2_optimized.jpg 903w, https:\/\/radiorevelacionfm.cl\/wp-content\/uploads\/2024\/12\/dsc_0266-2_optimized-300x199.jpg 300w, https:\/\/radiorevelacionfm.cl\/wp-content\/uploads\/2024\/12\/dsc_0266-2_optimized-768x510.jpg 768w, https:\/\/radiorevelacionfm.cl\/wp-content\/uploads\/2024\/12\/dsc_0266-2_optimized-705x468.jpg 705w, https:\/\/radiorevelacionfm.cl\/wp-content\/uploads\/2024\/12\/dsc_0266-2_optimized-450x299.jpg 450w, https:\/\/radiorevelacionfm.cl\/wp-content\/uploads\/2024\/12\/dsc_0266-2_optimized-600x399.jpg 600w\" sizes=\"(max-width: 903px) 100vw, 903px\" \/><\/div><\/div><\/div><\/div><div class=\"flex_column av_one_full  flex_column_div av-zero-column-padding first  avia-builder-el-2  el_after_av_one_full  el_before_av_one_full  column-top-margin\" style='border-radius:0px; '><section class=\"av_textblock_section \"  itemscope=\"itemscope\" itemtype=\"https:\/\/schema.org\/BlogPosting\" itemprop=\"blogPost\" ><div class='avia_textblock  '   itemprop=\"text\" ><p style=\"text-align: center;\"><span style=\"font-size: 18pt;\"><b>Certifican a 30 veh\u00edculos para realizar transporte de turismo en temporada de cruceros<\/b><\/span><\/p>\n<div id=\"gtx-trans\" style=\"position: absolute; left: -50px; top: 4.31534px;\">\n<div class=\"gtx-trans-icon\"><\/div>\n<\/div>\n<\/div><\/section><\/div><div class=\"flex_column av_one_full  flex_column_div av-zero-column-padding first  avia-builder-el-4  el_after_av_one_full  el_before_av_hr  column-top-margin\" style='border-radius:0px; '><section class=\"av_textblock_section \"  itemscope=\"itemscope\" itemtype=\"https:\/\/schema.org\/BlogPosting\" itemprop=\"blogPost\" ><div class='avia_textblock  '   itemprop=\"text\" ><p style=\"font-weight: 400; text-align: justify;\"><em>Fruto del trabajo conjunto entre la seremiTT Ays\u00e9n, Programa Nacional de Fiscalizaci\u00f3n y Municipalidad de Ays\u00e9n se est\u00e1n tomando medidas ad-portas de la temporada de cruceros 2024 &#8211; 2025.<\/em><\/p>\n<p style=\"font-weight: 400; text-align: justify;\">Con el prop\u00f3sito de brindar mayores garant\u00edas de seguridad a usuarios de veh\u00edculos de turismo, y tambi\u00e9n fomentar las actividades de los transportistas que trasladan pasajeros en la temporada de cruceros de Puerto Chacabuco, seremiTT Ays\u00e9n, Programa Nacional de Fiscalizaci\u00f3n y Municipio de Ays\u00e9n realizaron un operativo de control masivo a veh\u00edculos de transporte.<\/p>\n<p style=\"font-weight: 400; text-align: justify;\">A trav\u00e9s de una inspecci\u00f3n documental y f\u00edsica de los veh\u00edculos, se entrega un sello de aprobaci\u00f3n desde el municipio, denotando as\u00ed el cumplimiento de la normativa vigente para el traslado de pasajeros. Para el transporte de turistas, se puede realizar mediante veh\u00edculos inscritos en el Transporte Privado Remunerado, Minibuses y buses inscritos en el Transporte P\u00fablico de Pasajeros y taxis b\u00e1sicos, de turismo o ejecutivos.<\/p>\n<p style=\"font-weight: 400; text-align: justify;\">El seremiTT Hans Zimmermann explic\u00f3 que \u201cpudimos certificar que los veh\u00edculos que operan en el sector de turismo en la comuna de Ays\u00e9n cuenten con toda su documentaci\u00f3n al d\u00eda. Esta instancia la realizamos junto a la municipalidad y los inspectores fiscales del Ministerio de Transporte y nos permite poder seguir avanzando en un transporte de turismo m\u00e1s seguro de turistas y pasajeros, ahora a puertas del inicio de la temporada estival y de cruceros\u201d.<\/p>\n<p style=\"font-weight: 400; text-align: justify;\">Mabel Vel\u00e1squez, directora de tr\u00e1nsito del municipio agreg\u00f3 que \u201cestas fiscalizaciones son muy importantes. Este trabajo mancomunado que se realiza con el municipio y con la serem\u00eda de Transportes, adem\u00e1s de la agrupaci\u00f3n de transportistas, van a facilitar que tengamos un transporte de mejor calidad, con mayor seguridad tambi\u00e9n, para quienes nos visitan en esta temporada de cruceros. La importancia tambi\u00e9n es que los transportistas cumplan con la normativa vigente y que entreguemos el mejor servicio posible\u201d.<\/p>\n<p style=\"font-weight: 400; text-align: justify;\">Dada la importancia que tiene el transporte para fomentar el comercio y la actividad productiva, Loreto Co\u00f1uecar, encargada de la oficina de turismo municipal, destac\u00f3 la proactividad de los transportistas en esta instancia. \u201cLa verdad es que estamos s\u00faper contentos con la convocatoria que tuvimos. Para nosotros es s\u00faper importante el que los turistas puedan recorrer con un transporte que est\u00e9 seguro y en norma. Si bien hay algunos que no pudieron venir por diferentes motivos, estamos viendo y planificando el poder repetir una instancia como esta, ya que fue s\u00faper exitosa. Y queremos, obviamente, lograr el que tengamos a todos los transportes que realizan actividades de turismo certificados y que cumplan todo lo que la normativa exige, para, obviamente, tener una excursi\u00f3n de forma segura\u201d, concluy\u00f3 la funcionaria municipal.<\/p>\n<\/div><\/section><\/div><div  style='height:50px' class='hr hr-invisible   avia-builder-el-6  el_after_av_one_full  el_before_av_social_share '><span class='hr-inner ' ><span class='hr-inner-style'><\/span><\/span><\/div><\/p>\n<div  class='av-social-sharing-box  avia-builder-el-7  el_after_av_hr  el_before_av_hr  '><div class='av-share-box'><h5 class='av-share-link-description av-no-toc '>Compartir esta noticia<\/h5><ul class='av-share-box-list noLightbox'><li class='av-share-link av-social-link-facebook' ><a target=\"_blank\" aria-label=\"Compartir en Facebook\" href='https:\/\/www.facebook.com\/sharer.php?u=https:\/\/radiorevelacionfm.cl\/?p=48976&#038;t=Certifican%20a%2030%20veh%C3%ADculos%20para%20realizar%20transporte%20de%20turismo%20en%20temporada%20de%20cruceros' aria-hidden='false' data-av_icon='\ue8f3' data-av_iconfont='entypo-fontello' title='' data-avia-related-tooltip='Compartir en Facebook' rel=\"noopener\"><span class='avia_hidden_link_text'>Compartir en Facebook<\/span><\/a><\/li><li class='av-share-link av-social-link-twitter' ><a target=\"_blank\" aria-label=\"Compartir en Twitter\" href='https:\/\/twitter.com\/share?text=Certifican%20a%2030%20veh%C3%ADculos%20para%20realizar%20transporte%20de%20turismo%20en%20temporada%20de%20cruceros&#038;url=https:\/\/radiorevelacionfm.cl\/?p=48976' aria-hidden='false' data-av_icon='\ue8f1' data-av_iconfont='entypo-fontello' title='' data-avia-related-tooltip='Compartir en Twitter' rel=\"noopener\"><span class='avia_hidden_link_text'>Compartir en Twitter<\/span><\/a><\/li><li class='av-share-link av-social-link-whatsapp' ><a target=\"_blank\" aria-label=\"Compartir en Whatsapp\" href='https:\/\/api.whatsapp.com\/send?text=https:\/\/radiorevelacionfm.cl\/?p=48976' aria-hidden='false' data-av_icon='\uf232' data-av_iconfont='entypo-fontello' title='' data-avia-related-tooltip='Compartir en Whatsapp' rel=\"noopener\"><span class='avia_hidden_link_text'>Compartir en Whatsapp<\/span><\/a><\/li><li class='av-share-link av-social-link-linkedin' ><a target=\"_blank\" aria-label=\"Compartir en LinkedIn\" href='https:\/\/linkedin.com\/shareArticle?mini=true&#038;title=Certifican%20a%2030%20veh%C3%ADculos%20para%20realizar%20transporte%20de%20turismo%20en%20temporada%20de%20cruceros&#038;url=https:\/\/radiorevelacionfm.cl\/?p=48976' aria-hidden='false' data-av_icon='\ue8fc' data-av_iconfont='entypo-fontello' title='' data-avia-related-tooltip='Compartir en LinkedIn' rel=\"noopener\"><span class='avia_hidden_link_text'>Compartir en LinkedIn<\/span><\/a><\/li><li class='av-share-link av-social-link-mail' ><a  aria-label=\"Compartir por correo\" href='mailto:?subject=Certifican%20a%2030%20veh%C3%ADculos%20para%20realizar%20transporte%20de%20turismo%20en%20temporada%20de%20cruceros&#038;body=https:\/\/radiorevelacionfm.cl\/?p=48976' aria-hidden='false' data-av_icon='\ue805' data-av_iconfont='entypo-fontello' title='' data-avia-related-tooltip='Compartir por correo'><span class='avia_hidden_link_text'>Compartir por correo<\/span><\/a><\/li><\/ul><\/div><\/div>\n<div  style='height:50px' class='hr hr-invisible   avia-builder-el-8  el_after_av_social_share  el_before_av_comments_list '><span class='hr-inner ' ><span class='hr-inner-style'><\/span><\/span><\/div>\n<div  class='av-buildercomment  av-blog-meta-html-info-disabled av-blog-meta-tag-disabled  '><\/div>\n","protected":false},"excerpt":{"rendered":"","protected":false},"author":1,"featured_media":48977,"comment_status":"open","ping_status":"open","sticky":false,"template":"","format":"standard","meta":{"footnotes":""},"categories":[59],"tags":[],"class_list":["post-48976","post","type-post","status-publish","format-standard","has-post-thumbnail","hentry","category-transporte"],"jetpack_featured_media_url":"https:\/\/radiorevelacionfm.cl\/wp-content\/uploads\/2024\/12\/dsc_0266-2_optimized.jpg","_links":{"self":[{"href":"https:\/\/radiorevelacionfm.cl\/index.php?rest_route=\/wp\/v2\/posts\/48976","targetHints":{"allow":["GET"]}}],"collection":[{"href":"https:\/\/radiorevelacionfm.cl\/index.php?rest_route=\/wp\/v2\/posts"}],"about":[{"href":"https:\/\/radiorevelacionfm.cl\/index.php?rest_route=\/wp\/v2\/types\/post"}],"author":[{"embeddable":true,"href":"https:\/\/radiorevelacionfm.cl\/index.php?rest_route=\/wp\/v2\/users\/1"}],"replies":[{"embeddable":true,"href":"https:\/\/radiorevelacionfm.cl\/index.php?rest_route=%2Fwp%2Fv2%2Fcomments&post=48976"}],"version-history":[{"count":1,"href":"https:\/\/radiorevelacionfm.cl\/index.php?rest_route=\/wp\/v2\/posts\/48976\/revisions"}],"predecessor-version":[{"id":48978,"href":"https:\/\/radiorevelacionfm.cl\/index.php?rest_route=\/wp\/v2\/posts\/48976\/revisions\/48978"}],"wp:featuredmedia":[{"embeddable":true,"href":"https:\/\/radiorevelacionfm.cl\/index.php?rest_route=\/wp\/v2\/media\/48977"}],"wp:attachment":[{"href":"https:\/\/radiorevelacionfm.cl\/index.php?rest_route=%2Fwp%2Fv2%2Fmedia&parent=48976"}],"wp:term":[{"taxonomy":"category","embeddable":true,"href":"https:\/\/radiorevelacionfm.cl\/index.php?rest_route=%2Fwp%2Fv2%2Fcategories&post=48976"},{"taxonomy":"post_tag","embeddable":true,"href":"https:\/\/radiorevelacionfm.cl\/index.php?rest_route=%2Fwp%2Fv2%2Ftags&post=48976"}],"curies":[{"name":"wp","href":"https:\/\/api.w.org\/{rel}","templated":true}]}}