{"id":48973,"date":"2024-12-17T17:58:47","date_gmt":"2024-12-17T20:58:47","guid":{"rendered":"https:\/\/radiorevelacionfm.cl\/?p=48973"},"modified":"2024-12-17T17:58:47","modified_gmt":"2024-12-17T20:58:47","slug":"desarrollan-ardua-busqueda-de-mujer-extranjera-desaparecida-en-aguas-del-rio-aysen","status":"publish","type":"post","link":"https:\/\/radiorevelacionfm.cl\/?p=48973","title":{"rendered":"Desarrollan ardua b\u00fasqueda de mujer extranjera desaparecida en aguas del r\u00edo Ays\u00e9n"},"content":{"rendered":"<div class=\"flex_column av_one_full  flex_column_div av-zero-column-padding first  avia-builder-el-0  el_before_av_one_full  avia-builder-el-first  \" style='border-radius:0px; '><div  class='avia-image-container  av-styling-    avia-builder-el-1  avia-builder-el-no-sibling  avia-align-center '  itemprop=\"image\" itemscope=\"itemscope\" itemtype=\"https:\/\/schema.org\/ImageObject\"  ><div class='avia-image-container-inner'><div class='avia-image-overlay-wrap'><img decoding=\"async\" class='wp-image-48974 avia-img-lazy-loading-not-48974 avia_image' src=\"https:\/\/radiorevelacionfm.cl\/wp-content\/uploads\/2024\/12\/f9e12a5f-1dd1-4f3f-804f-fe5013c237e2-1_optimized-1.jpg\" alt='' title='f9e12a5f-1dd1-4f3f-804f-fe5013c237e2-(1)_optimized (1)' height=\"600\" width=\"1067\"  itemprop=\"thumbnailUrl\" srcset=\"https:\/\/radiorevelacionfm.cl\/wp-content\/uploads\/2024\/12\/f9e12a5f-1dd1-4f3f-804f-fe5013c237e2-1_optimized-1.jpg 1067w, https:\/\/radiorevelacionfm.cl\/wp-content\/uploads\/2024\/12\/f9e12a5f-1dd1-4f3f-804f-fe5013c237e2-1_optimized-1-300x169.jpg 300w, https:\/\/radiorevelacionfm.cl\/wp-content\/uploads\/2024\/12\/f9e12a5f-1dd1-4f3f-804f-fe5013c237e2-1_optimized-1-1030x579.jpg 1030w, https:\/\/radiorevelacionfm.cl\/wp-content\/uploads\/2024\/12\/f9e12a5f-1dd1-4f3f-804f-fe5013c237e2-1_optimized-1-768x432.jpg 768w, https:\/\/radiorevelacionfm.cl\/wp-content\/uploads\/2024\/12\/f9e12a5f-1dd1-4f3f-804f-fe5013c237e2-1_optimized-1-705x396.jpg 705w, https:\/\/radiorevelacionfm.cl\/wp-content\/uploads\/2024\/12\/f9e12a5f-1dd1-4f3f-804f-fe5013c237e2-1_optimized-1-450x253.jpg 450w, https:\/\/radiorevelacionfm.cl\/wp-content\/uploads\/2024\/12\/f9e12a5f-1dd1-4f3f-804f-fe5013c237e2-1_optimized-1-600x337.jpg 600w\" sizes=\"(max-width: 1067px) 100vw, 1067px\" \/><\/div><\/div><\/div><\/div><div class=\"flex_column av_one_full  flex_column_div av-zero-column-padding first  avia-builder-el-2  el_after_av_one_full  el_before_av_one_full  column-top-margin\" style='border-radius:0px; '><section class=\"av_textblock_section \"  itemscope=\"itemscope\" itemtype=\"https:\/\/schema.org\/BlogPosting\" itemprop=\"blogPost\" ><div class='avia_textblock  '   itemprop=\"text\" ><p style=\"text-align: center;\"><strong><span style=\"font-size: 18pt;\">Desarrollan ardua b\u00fasqueda de mujer extranjera desaparecida en aguas del r\u00edo Ays\u00e9n<\/span><\/strong><\/p>\n<div id=\"gtx-trans\" style=\"position: absolute; left: -50px; top: 4.31534px;\">\n<div class=\"gtx-trans-icon\"><\/div>\n<\/div>\n<\/div><\/section><\/div><div class=\"flex_column av_one_full  flex_column_div av-zero-column-padding first  avia-builder-el-4  el_after_av_one_full  el_before_av_hr  column-top-margin\" style='border-radius:0px; '><section class=\"av_textblock_section \"  itemscope=\"itemscope\" itemtype=\"https:\/\/schema.org\/BlogPosting\" itemprop=\"blogPost\" ><div class='avia_textblock  '   itemprop=\"text\" ><p class=\"v1MsoNormal\" style=\"text-align: justify;\"><span lang=\"ES-MX\">Personal del GOPE a trav\u00e9s de buzos especializados, junto a Gersa de Bomberos, drones y kayakistas, inspeccionan las caudalosas aguas, verificando remansos y profundidades de m\u00e1s de 20 metros, verificando sectores ribere\u00f1os, sin que hasta el momento se tenga resultados positivos.<\/span><\/p>\n<p class=\"v1MsoNormal\" style=\"text-align: justify;\"><span lang=\"ES-MX\">En virtud de una denuncia por presunta desgracia, Carabineros Ays\u00e9n -a trav\u00e9s del Grupo de Operaciones Policiales Especiales (GOPE) y Bomberos- en coordinaci\u00f3n con la Fiscal\u00eda, desarrollan trabajos de buceo como parte de las tareas de b\u00fasqueda de una joven extranjera (de nacionalidad colombiana) quien seg\u00fan el relato de testigos desapareci\u00f3 en las aguas del r\u00edo Ays\u00e9n a la altura del km 18 de la ruta CH-240.<\/span><\/p>\n<p class=\"v1MsoNormal\" style=\"text-align: justify;\"><span lang=\"ES-MX\">El lamentable hecho ocurrido cerca del mediod\u00eda del domingo reci\u00e9n pasado, fue denunciado a Carabineros de la 2da Comisar\u00eda de Puerto Ays\u00e9n, dando paso a las primeras diligencias en el lugar, tareas en las que tambi\u00e9n se encuentra participando el Grupo Gersa de Bomberos, drones y kayakistas.<\/span><\/p>\n<p class=\"v1MsoNormal\" style=\"text-align: justify;\"><span lang=\"ES-MX\">Seg\u00fan indic\u00f3 el Comisario de Puerto Ays\u00e9n, Mayor Patricio Parada -de acuerdo a los primeros antecedentes recabados- la joven habr\u00eda concurrido al lugar en compa\u00f1\u00eda de otras tres personas.<\/span><\/p>\n<p class=\"v1MsoNormal\" style=\"text-align: justify;\"><span lang=\"ES-MX\">\u00abHabr\u00edan estado compartiendo a orillas del r\u00edo y esta persona -femenina mayor de edad- habr\u00eda ingresado a las aguas del r\u00edo Ays\u00e9n, producto de la fuerte corriente y condiciones del curso de agua, esta persona habr\u00eda desaparecido al interior de este. Se hizo la denuncia por presunta desgracia y se inform\u00f3 al Ministerio P\u00fablico que dirige la investigaci\u00f3n\u00bb, indic\u00f3 el Oficial.<\/span><\/p>\n<p class=\"v1MsoNormal\" style=\"text-align: justify;\"><b><span lang=\"ES-MX\">Condiciones del r\u00edo<\/span><\/b><\/p>\n<p class=\"v1MsoNormal\" style=\"text-align: justify;\"><span lang=\"ES-MX\">Enfrentando una fuerte corriente, personal especializado del GOPE Ays\u00e9n ha recorrido cerca de 15 km, inspeccionando remansos y el fondo del r\u00edo, el cual presenta abundante cantidad de troncos y profundidades que -en algunos sectores- supera los 20 metros, trabajo que se ha desarrollado con una l\u00ednea de seguridad para los buzos, evitando as\u00ed ser arrastrados por el fuerte caudal.<\/span><\/p>\n<p class=\"v1MsoNormal\" style=\"text-align: justify;\"><span lang=\"ES-MX\">Las tareas est\u00e1n siendo apoyadas por drones, sumado al desarrollo de patrullajes fluviales a bordo de botes zodiac desde el punto cero, por ambas riberas del r\u00edo Ays\u00e9n.<\/span><\/p>\n<p class=\"v1MsoNormal\" style=\"text-align: justify;\"><span lang=\"ES-MX\">\u00abSe est\u00e1 articulando con el Ministerio P\u00fablico la cooperaci\u00f3n de drones por parte de la PDI que se unir\u00e1 esta tarde para poder ampliar el \u00e1rea de b\u00fasqueda, como tambi\u00e9n personal Gersa que trabaj\u00f3 el d\u00eda de ayer y que continuar\u00e1n cooperando el d\u00eda de ma\u00f1ana desde este punto hasta el sector del puente Dun\u00bb, a\u00f1adi\u00f3 el Mayor Parada.<\/span><\/p>\n<p class=\"v1MsoNormal\" style=\"text-align: justify;\"><span lang=\"ES-MX\">El r\u00edo Ays\u00e9n es un amplio curso de agua, que se forma tras la confluencia de los r\u00edos Simpson y Ma\u00f1ihuales. De bajas temperaturas y diversos afluentes, el r\u00edo presenta zonas profundas, \u00e1reas de r\u00e1pidos, abundante vegetaci\u00f3n y troncos bajo la superficie a lo largo de su extensi\u00f3n.<\/span><\/p>\n<\/div><\/section><\/div><div  style='height:50px' class='hr hr-invisible   avia-builder-el-6  el_after_av_one_full  el_before_av_social_share '><span class='hr-inner ' ><span class='hr-inner-style'><\/span><\/span><\/div><\/p>\n<div  class='av-social-sharing-box  avia-builder-el-7  el_after_av_hr  el_before_av_hr  '><div class='av-share-box'><h5 class='av-share-link-description av-no-toc '>Compartir esta noticia<\/h5><ul class='av-share-box-list noLightbox'><li class='av-share-link av-social-link-facebook' ><a target=\"_blank\" aria-label=\"Compartir en Facebook\" href='https:\/\/www.facebook.com\/sharer.php?u=https:\/\/radiorevelacionfm.cl\/?p=48973&#038;t=Desarrollan%20ardua%20b%C3%BAsqueda%20de%20mujer%20extranjera%20desaparecida%20en%20aguas%20del%20r%C3%ADo%20Ays%C3%A9n' aria-hidden='false' data-av_icon='\ue8f3' data-av_iconfont='entypo-fontello' title='' data-avia-related-tooltip='Compartir en Facebook' rel=\"noopener\"><span class='avia_hidden_link_text'>Compartir en Facebook<\/span><\/a><\/li><li class='av-share-link av-social-link-twitter' ><a target=\"_blank\" aria-label=\"Compartir en Twitter\" href='https:\/\/twitter.com\/share?text=Desarrollan%20ardua%20b%C3%BAsqueda%20de%20mujer%20extranjera%20desaparecida%20en%20aguas%20del%20r%C3%ADo%20Ays%C3%A9n&#038;url=https:\/\/radiorevelacionfm.cl\/?p=48973' aria-hidden='false' data-av_icon='\ue8f1' data-av_iconfont='entypo-fontello' title='' data-avia-related-tooltip='Compartir en Twitter' rel=\"noopener\"><span class='avia_hidden_link_text'>Compartir en Twitter<\/span><\/a><\/li><li class='av-share-link av-social-link-whatsapp' ><a target=\"_blank\" aria-label=\"Compartir en Whatsapp\" href='https:\/\/api.whatsapp.com\/send?text=https:\/\/radiorevelacionfm.cl\/?p=48973' aria-hidden='false' data-av_icon='\uf232' data-av_iconfont='entypo-fontello' title='' data-avia-related-tooltip='Compartir en Whatsapp' rel=\"noopener\"><span class='avia_hidden_link_text'>Compartir en Whatsapp<\/span><\/a><\/li><li class='av-share-link av-social-link-linkedin' ><a target=\"_blank\" aria-label=\"Compartir en LinkedIn\" href='https:\/\/linkedin.com\/shareArticle?mini=true&#038;title=Desarrollan%20ardua%20b%C3%BAsqueda%20de%20mujer%20extranjera%20desaparecida%20en%20aguas%20del%20r%C3%ADo%20Ays%C3%A9n&#038;url=https:\/\/radiorevelacionfm.cl\/?p=48973' aria-hidden='false' data-av_icon='\ue8fc' data-av_iconfont='entypo-fontello' title='' data-avia-related-tooltip='Compartir en LinkedIn' rel=\"noopener\"><span class='avia_hidden_link_text'>Compartir en LinkedIn<\/span><\/a><\/li><li class='av-share-link av-social-link-mail' ><a  aria-label=\"Compartir por correo\" href='mailto:?subject=Desarrollan%20ardua%20b%C3%BAsqueda%20de%20mujer%20extranjera%20desaparecida%20en%20aguas%20del%20r%C3%ADo%20Ays%C3%A9n&#038;body=https:\/\/radiorevelacionfm.cl\/?p=48973' aria-hidden='false' data-av_icon='\ue805' data-av_iconfont='entypo-fontello' title='' data-avia-related-tooltip='Compartir por correo'><span class='avia_hidden_link_text'>Compartir por correo<\/span><\/a><\/li><\/ul><\/div><\/div>\n<div  style='height:50px' class='hr hr-invisible   avia-builder-el-8  el_after_av_social_share  el_before_av_comments_list '><span class='hr-inner ' ><span class='hr-inner-style'><\/span><\/span><\/div>\n<div  class='av-buildercomment  av-blog-meta-html-info-disabled av-blog-meta-tag-disabled  '><\/div>\n","protected":false},"excerpt":{"rendered":"","protected":false},"author":1,"featured_media":48974,"comment_status":"open","ping_status":"open","sticky":false,"template":"","format":"standard","meta":{"footnotes":""},"categories":[36],"tags":[],"class_list":["post-48973","post","type-post","status-publish","format-standard","has-post-thumbnail","hentry","category-policial"],"jetpack_featured_media_url":"https:\/\/radiorevelacionfm.cl\/wp-content\/uploads\/2024\/12\/f9e12a5f-1dd1-4f3f-804f-fe5013c237e2-1_optimized-1.jpg","_links":{"self":[{"href":"https:\/\/radiorevelacionfm.cl\/index.php?rest_route=\/wp\/v2\/posts\/48973","targetHints":{"allow":["GET"]}}],"collection":[{"href":"https:\/\/radiorevelacionfm.cl\/index.php?rest_route=\/wp\/v2\/posts"}],"about":[{"href":"https:\/\/radiorevelacionfm.cl\/index.php?rest_route=\/wp\/v2\/types\/post"}],"author":[{"embeddable":true,"href":"https:\/\/radiorevelacionfm.cl\/index.php?rest_route=\/wp\/v2\/users\/1"}],"replies":[{"embeddable":true,"href":"https:\/\/radiorevelacionfm.cl\/index.php?rest_route=%2Fwp%2Fv2%2Fcomments&post=48973"}],"version-history":[{"count":1,"href":"https:\/\/radiorevelacionfm.cl\/index.php?rest_route=\/wp\/v2\/posts\/48973\/revisions"}],"predecessor-version":[{"id":48975,"href":"https:\/\/radiorevelacionfm.cl\/index.php?rest_route=\/wp\/v2\/posts\/48973\/revisions\/48975"}],"wp:featuredmedia":[{"embeddable":true,"href":"https:\/\/radiorevelacionfm.cl\/index.php?rest_route=\/wp\/v2\/media\/48974"}],"wp:attachment":[{"href":"https:\/\/radiorevelacionfm.cl\/index.php?rest_route=%2Fwp%2Fv2%2Fmedia&parent=48973"}],"wp:term":[{"taxonomy":"category","embeddable":true,"href":"https:\/\/radiorevelacionfm.cl\/index.php?rest_route=%2Fwp%2Fv2%2Fcategories&post=48973"},{"taxonomy":"post_tag","embeddable":true,"href":"https:\/\/radiorevelacionfm.cl\/index.php?rest_route=%2Fwp%2Fv2%2Ftags&post=48973"}],"curies":[{"name":"wp","href":"https:\/\/api.w.org\/{rel}","templated":true}]}}