{"id":48970,"date":"2024-12-17T23:15:07","date_gmt":"2024-12-18T02:15:07","guid":{"rendered":"https:\/\/radiorevelacionfm.cl\/?p=48970"},"modified":"2024-12-17T23:15:07","modified_gmt":"2024-12-18T02:15:07","slug":"campana-verano-2024-2025-seremi-de-salud-aysen-intensifica-iniciativas-de-prevencion-durante-la-temporada-estival","status":"publish","type":"post","link":"https:\/\/radiorevelacionfm.cl\/?p=48970","title":{"rendered":"Campa\u00f1a Verano 2024 \u2013 2025: Seremi de Salud Ays\u00e9n intensifica iniciativas de prevenci\u00f3n durante la temporada estival"},"content":{"rendered":"<div class=\"flex_column av_one_full  flex_column_div av-zero-column-padding first  avia-builder-el-0  el_before_av_one_full  avia-builder-el-first  \" style='border-radius:0px; '><div  class='avia-image-container  av-styling-    avia-builder-el-1  avia-builder-el-no-sibling  avia-align-center '  itemprop=\"image\" itemscope=\"itemscope\" itemtype=\"https:\/\/schema.org\/ImageObject\"  ><div class='avia-image-container-inner'><div class='avia-image-overlay-wrap'><img decoding=\"async\" class='wp-image-48971 avia-img-lazy-loading-not-48971 avia_image' src=\"https:\/\/radiorevelacionfm.cl\/wp-content\/uploads\/2024\/12\/campaNa-verano-1-1_optimized-1.jpeg\" alt='' title='campa\u00d1a-verano-(1)-(1)_optimized (1)' height=\"600\" width=\"800\"  itemprop=\"thumbnailUrl\" srcset=\"https:\/\/radiorevelacionfm.cl\/wp-content\/uploads\/2024\/12\/campaNa-verano-1-1_optimized-1.jpeg 800w, https:\/\/radiorevelacionfm.cl\/wp-content\/uploads\/2024\/12\/campaNa-verano-1-1_optimized-1-300x225.jpeg 300w, https:\/\/radiorevelacionfm.cl\/wp-content\/uploads\/2024\/12\/campaNa-verano-1-1_optimized-1-768x576.jpeg 768w, https:\/\/radiorevelacionfm.cl\/wp-content\/uploads\/2024\/12\/campaNa-verano-1-1_optimized-1-705x529.jpeg 705w, https:\/\/radiorevelacionfm.cl\/wp-content\/uploads\/2024\/12\/campaNa-verano-1-1_optimized-1-450x338.jpeg 450w, https:\/\/radiorevelacionfm.cl\/wp-content\/uploads\/2024\/12\/campaNa-verano-1-1_optimized-1-600x450.jpeg 600w\" sizes=\"(max-width: 800px) 100vw, 800px\" \/><\/div><\/div><\/div><\/div><div class=\"flex_column av_one_full  flex_column_div av-zero-column-padding first  avia-builder-el-2  el_after_av_one_full  el_before_av_one_full  column-top-margin\" style='border-radius:0px; '><section class=\"av_textblock_section \"  itemscope=\"itemscope\" itemtype=\"https:\/\/schema.org\/BlogPosting\" itemprop=\"blogPost\" ><div class='avia_textblock  '   itemprop=\"text\" ><p style=\"text-align: center;\"><strong><span style=\"font-size: 18pt;\">Campa\u00f1a Verano 2024 \u2013 2025: Seremi de Salud Ays\u00e9n intensifica iniciativas de prevenci\u00f3n durante la temporada estival<\/span><\/strong><\/p>\n<div id=\"gtx-trans\" style=\"position: absolute; left: -50px; top: 4.31534px;\">\n<div class=\"gtx-trans-icon\"><\/div>\n<\/div>\n<\/div><\/section><\/div><div class=\"flex_column av_one_full  flex_column_div av-zero-column-padding first  avia-builder-el-4  el_after_av_one_full  el_before_av_hr  column-top-margin\" style='border-radius:0px; '><section class=\"av_textblock_section \"  itemscope=\"itemscope\" itemtype=\"https:\/\/schema.org\/BlogPosting\" itemprop=\"blogPost\" ><div class='avia_textblock  '   itemprop=\"text\" ><p style=\"text-align: justify;\"><em>Educar e informar a la ciudadan\u00eda sobre m\u00e9todos de prevenci\u00f3n y cuidado de su salud durante la temporada estival con enfoque territorial, es el objetivo de esta iniciativa. Hantavirus, marea roja y altas temperaturas, entre otros, son parte de los t\u00f3picos a abordar durante el verano.<\/em><\/p>\n<p style=\"text-align: justify;\">La esperada llegada del verano a nuestra regi\u00f3n implica una serie de desaf\u00edos y articulaciones a nivel sanitario, que entreguen seguridad tanto a quienes habitan en la zona como a los cientos de turistas que visitan Ays\u00e9n durante esta temporada.<\/p>\n<p style=\"text-align: justify;\">Es en este contexto, que la Seremi de Salud Ays\u00e9n lanz\u00f3 la \u201cCampa\u00f1a Verano 2024-2025\u201d, iniciativa que tiene como objetivo proponer y coordinar las acciones de monitoreo, prevenci\u00f3n, control y comunicaci\u00f3n de eventos biol\u00f3gicos y ambientales, con alto impacto para la salud de la poblaci\u00f3n en temporada de verano, educando e informando a la ciudadan\u00eda sobre m\u00e9todos de prevenci\u00f3n y cuidado en torno a su salud.<\/p>\n<p style=\"text-align: justify;\">En el caso de la regi\u00f3n de Ays\u00e9n, las acciones de promoci\u00f3n y prevenci\u00f3n se centrar\u00e1n en hantavirus, enfermedades transmitidas por alimentos (ETAs), altas temperaturas, protecci\u00f3n de rayos UV, medicina del viajero para quienes entran o salen del pa\u00eds, hidatidosis, salud sexual y marea roja.<\/p>\n<p style=\"text-align: justify;\">\u201cPara nuestro Gobierno la protecci\u00f3n de la ciudadan\u00eda es nuestra tarea, y por lo tanto lo que estamos haciendo ac\u00e1 es precisamente advertir a toda la comunidad sobre los riesgos que corremos en este verano\u201d, se\u00f1al\u00f3 el Delegado Presidencial Regional, Jorge D\u00edaz Guzm\u00e1n.<\/p>\n<p style=\"text-align: justify;\">En ese sentido, el Delegado Presidencial hizo hincapi\u00e9 en la importancia de mantener la seguridad de la poblaci\u00f3n a todo nivel, tanto para los que habitamos la regi\u00f3n de Ays\u00e9n como para los cientos de turistas que llegan a la zona durante la temporada estival.<\/p>\n<p style=\"text-align: justify;\">\u201cDebemos advertir a toda la ciudadan\u00eda los riesgos que corremos en verano, tanto para quienes consumen productos del mar; productos c\u00e1rneos -los corderitos son muy ricos, pero tambi\u00e9n hay que tener ciertos cuidados con la hidatidosis-; nuestras hortalizas pueden tener algunos efectos y hay que preocuparse de procesarlos de buena manera, y por supuesto los riesgos ambientales que son propios del verano\u201d, sostuvo Jorge D\u00edaz Guzm\u00e1n.<\/p>\n<p style=\"text-align: justify;\">Por su parte, la Seremi de Salud, Carmen Monsalve G\u00f3mez, destac\u00f3 que \u201cnuestro Gobierno est\u00e1 preocupado permanentemente de generar e identificar las situaciones de riesgo, y a trav\u00e9s de nuestro Ministerio, aterrizarlo de acuerdo a las necesidades territoriales. En ese contexto, quiero reconocer el trabajo de todas y todos los profesionales de los diferentes departamentos de nuestra Serem\u00eda, que se despliegan a lo largo del territorio, para efectivamente llevar estas acciones mucho m\u00e1s lejos de Coyhaique\u201d.<\/p>\n<p style=\"text-align: justify;\"><strong>SALUD EN VERANO<\/strong><\/p>\n<p style=\"text-align: justify;\">Dentro de los riesgos asociados a las altas temperaturas, se encuentra la exposici\u00f3n al sol y los rayos ultravioleta, que afectan mayormente a ni\u00f1os y ni\u00f1as peque\u00f1os y adultos mayores, siendo primordial el uso de protector solar sobre el factor 50 y evitar exponerse al sol en las horas de mayor radiaci\u00f3n (entre 12.00 y 16.00 horas).<\/p>\n<p style=\"text-align: justify;\">\u201cLos golpes de calor afectan principalmente a la poblaci\u00f3n mayor y a los ni\u00f1os. Dentro de los s\u00edntomas o signos de alerta, est\u00e1 la deshidrataci\u00f3n, coloraci\u00f3n roja de la piel, p\u00e9rdida de la conciencia y la sed, que es el principal factor de deshidrataci\u00f3n. La recomendaci\u00f3n principal es el consumo de agua frecuente, donde estudios recientes recomiendan consumir diariamente 2,7 litros de agua para las mujeres, y 3,7 litros para los hombres\u201d, precis\u00f3 la Seremi de Salud, agregando que junto con la hidrataci\u00f3n constante, tambi\u00e9n se aconseja el uso de elementos de protecci\u00f3n personal, tales como sombreros y lentes de sol.<\/p>\n<p style=\"text-align: justify;\">Una de las enfermedades m\u00e1s comunes en verano, son las denominadas ETAs, enfermedades transmitidas por alimentos, las que se incrementan en esta \u00e9poca de la mano de las fiestas de fin de a\u00f1o y porque las personas suelen comer m\u00e1s seguido fuera de sus casas, ya sea al ir de camping, paseos, o mayor consumo de productos vendidos en la v\u00eda p\u00fablica.<\/p>\n<p style=\"text-align: justify;\">\u201cLo importante es que los alimentos sean preservados de forma adecuada, mantenerlos en envases sellados idealmente con cadena de fr\u00edo, y recordar siempre que antes de consumir alimentos hay que lavarse las manos\u201d, enfatiz\u00f3 el epidemi\u00f3logo de la Seremi de Salud Ays\u00e9n, Marco Acu\u00f1a.<\/p>\n<p style=\"text-align: justify;\">El profesional agreg\u00f3 que otro punto a considerar, sobre todos para quienes vacacionan fuera del pa\u00eds, son los brotes epid\u00e9micos que se est\u00e1n dando en el exterior, sobre todo en destinos como Argentina y Brasil, que actualmente presentan casos de dengue y sarampi\u00f3n, los que se pueden prevenir con el uso diario de repelente de insectos (en el caso del dengue) y a trav\u00e9s de la vacuna contra el sarampi\u00f3n respectivamente.<\/p>\n<p style=\"text-align: justify;\">En lo que respecta a factores territoriales, la autoridad sanitaria recalc\u00f3 que con el incremento de la temperatura de los oc\u00e9anos, existe una mayor floraci\u00f3n de algas nocivas que provocan marea roja -veneno paralizante y veneno diarr\u00e9ico-, por lo que el llamado es comprar productos del mar siempre en lugares autorizados por la Seremi de Salud.<\/p>\n<p style=\"text-align: justify;\">Otro factor de riesgo durante la temporada estival es el hantavirus, que si bien no se han presentado casos confirmados en la regi\u00f3n de Ays\u00e9n durante el a\u00f1o 2024, las condiciones propias del verano pueden producir un incremento de los ratones de cola larga que transmiten dicha enfermedad.<\/p>\n<\/div><\/section><\/div><div  style='height:50px' class='hr hr-invisible   avia-builder-el-6  el_after_av_one_full  el_before_av_social_share '><span class='hr-inner ' ><span class='hr-inner-style'><\/span><\/span><\/div><\/p>\n<div  class='av-social-sharing-box  avia-builder-el-7  el_after_av_hr  el_before_av_hr  '><div class='av-share-box'><h5 class='av-share-link-description av-no-toc '>Compartir esta noticia<\/h5><ul class='av-share-box-list noLightbox'><li class='av-share-link av-social-link-facebook' ><a target=\"_blank\" aria-label=\"Compartir en Facebook\" href='https:\/\/www.facebook.com\/sharer.php?u=https:\/\/radiorevelacionfm.cl\/?p=48970&#038;t=Campa%C3%B1a%20Verano%202024%20%E2%80%93%202025%3A%20Seremi%20de%20Salud%20Ays%C3%A9n%20intensifica%20iniciativas%20de%20prevenci%C3%B3n%20durante%20la%20temporada%20estival' aria-hidden='false' data-av_icon='\ue8f3' data-av_iconfont='entypo-fontello' title='' data-avia-related-tooltip='Compartir en Facebook' rel=\"noopener\"><span class='avia_hidden_link_text'>Compartir en Facebook<\/span><\/a><\/li><li class='av-share-link av-social-link-twitter' ><a target=\"_blank\" aria-label=\"Compartir en Twitter\" href='https:\/\/twitter.com\/share?text=Campa%C3%B1a%20Verano%202024%20%E2%80%93%202025%3A%20Seremi%20de%20Salud%20Ays%C3%A9n%20intensifica%20iniciativas%20de%20prevenci%C3%B3n%20durante%20la%20temporada%20estival&#038;url=https:\/\/radiorevelacionfm.cl\/?p=48970' aria-hidden='false' data-av_icon='\ue8f1' data-av_iconfont='entypo-fontello' title='' data-avia-related-tooltip='Compartir en Twitter' rel=\"noopener\"><span class='avia_hidden_link_text'>Compartir en Twitter<\/span><\/a><\/li><li class='av-share-link av-social-link-whatsapp' ><a target=\"_blank\" aria-label=\"Compartir en Whatsapp\" href='https:\/\/api.whatsapp.com\/send?text=https:\/\/radiorevelacionfm.cl\/?p=48970' aria-hidden='false' data-av_icon='\uf232' data-av_iconfont='entypo-fontello' title='' data-avia-related-tooltip='Compartir en Whatsapp' rel=\"noopener\"><span class='avia_hidden_link_text'>Compartir en Whatsapp<\/span><\/a><\/li><li class='av-share-link av-social-link-linkedin' ><a target=\"_blank\" aria-label=\"Compartir en LinkedIn\" href='https:\/\/linkedin.com\/shareArticle?mini=true&#038;title=Campa%C3%B1a%20Verano%202024%20%E2%80%93%202025%3A%20Seremi%20de%20Salud%20Ays%C3%A9n%20intensifica%20iniciativas%20de%20prevenci%C3%B3n%20durante%20la%20temporada%20estival&#038;url=https:\/\/radiorevelacionfm.cl\/?p=48970' aria-hidden='false' data-av_icon='\ue8fc' data-av_iconfont='entypo-fontello' title='' data-avia-related-tooltip='Compartir en LinkedIn' rel=\"noopener\"><span class='avia_hidden_link_text'>Compartir en LinkedIn<\/span><\/a><\/li><li class='av-share-link av-social-link-mail' ><a  aria-label=\"Compartir por correo\" href='mailto:?subject=Campa%C3%B1a%20Verano%202024%20%E2%80%93%202025%3A%20Seremi%20de%20Salud%20Ays%C3%A9n%20intensifica%20iniciativas%20de%20prevenci%C3%B3n%20durante%20la%20temporada%20estival&#038;body=https:\/\/radiorevelacionfm.cl\/?p=48970' aria-hidden='false' data-av_icon='\ue805' data-av_iconfont='entypo-fontello' title='' data-avia-related-tooltip='Compartir por correo'><span class='avia_hidden_link_text'>Compartir por correo<\/span><\/a><\/li><\/ul><\/div><\/div>\n<div  style='height:50px' class='hr hr-invisible   avia-builder-el-8  el_after_av_social_share  el_before_av_comments_list '><span class='hr-inner ' ><span class='hr-inner-style'><\/span><\/span><\/div>\n<div  class='av-buildercomment  av-blog-meta-html-info-disabled av-blog-meta-tag-disabled  '><\/div>\n","protected":false},"excerpt":{"rendered":"","protected":false},"author":1,"featured_media":48971,"comment_status":"open","ping_status":"open","sticky":false,"template":"","format":"standard","meta":{"footnotes":""},"categories":[46],"tags":[],"class_list":["post-48970","post","type-post","status-publish","format-standard","has-post-thumbnail","hentry","category-salud"],"jetpack_featured_media_url":"https:\/\/radiorevelacionfm.cl\/wp-content\/uploads\/2024\/12\/campaNa-verano-1-1_optimized-1.jpeg","_links":{"self":[{"href":"https:\/\/radiorevelacionfm.cl\/index.php?rest_route=\/wp\/v2\/posts\/48970","targetHints":{"allow":["GET"]}}],"collection":[{"href":"https:\/\/radiorevelacionfm.cl\/index.php?rest_route=\/wp\/v2\/posts"}],"about":[{"href":"https:\/\/radiorevelacionfm.cl\/index.php?rest_route=\/wp\/v2\/types\/post"}],"author":[{"embeddable":true,"href":"https:\/\/radiorevelacionfm.cl\/index.php?rest_route=\/wp\/v2\/users\/1"}],"replies":[{"embeddable":true,"href":"https:\/\/radiorevelacionfm.cl\/index.php?rest_route=%2Fwp%2Fv2%2Fcomments&post=48970"}],"version-history":[{"count":1,"href":"https:\/\/radiorevelacionfm.cl\/index.php?rest_route=\/wp\/v2\/posts\/48970\/revisions"}],"predecessor-version":[{"id":48972,"href":"https:\/\/radiorevelacionfm.cl\/index.php?rest_route=\/wp\/v2\/posts\/48970\/revisions\/48972"}],"wp:featuredmedia":[{"embeddable":true,"href":"https:\/\/radiorevelacionfm.cl\/index.php?rest_route=\/wp\/v2\/media\/48971"}],"wp:attachment":[{"href":"https:\/\/radiorevelacionfm.cl\/index.php?rest_route=%2Fwp%2Fv2%2Fmedia&parent=48970"}],"wp:term":[{"taxonomy":"category","embeddable":true,"href":"https:\/\/radiorevelacionfm.cl\/index.php?rest_route=%2Fwp%2Fv2%2Fcategories&post=48970"},{"taxonomy":"post_tag","embeddable":true,"href":"https:\/\/radiorevelacionfm.cl\/index.php?rest_route=%2Fwp%2Fv2%2Ftags&post=48970"}],"curies":[{"name":"wp","href":"https:\/\/api.w.org\/{rel}","templated":true}]}}