{"id":48965,"date":"2024-12-17T23:03:04","date_gmt":"2024-12-18T02:03:04","guid":{"rendered":"https:\/\/radiorevelacionfm.cl\/?p=48965"},"modified":"2024-12-17T23:03:04","modified_gmt":"2024-12-18T02:03:04","slug":"tras-lento-cumplimiento-del-compromiso-presidencial-de-pavimentacion-de-carretera-austral-diputada-raphael-cito-al-director-de-vialidad-de-la-region","status":"publish","type":"post","link":"https:\/\/radiorevelacionfm.cl\/?p=48965","title":{"rendered":"Tras lento cumplimiento del compromiso presidencial de pavimentaci\u00f3n de Carretera Austral: Diputada Raphael cit\u00f3 al director de vialidad de la regi\u00f3n"},"content":{"rendered":"<div class=\"flex_column av_one_full  flex_column_div av-zero-column-padding first  avia-builder-el-0  el_before_av_one_full  avia-builder-el-first  \" style='border-radius:0px; '><div  class='avia-image-container  av-styling-    avia-builder-el-1  avia-builder-el-no-sibling  avia-align-center '  itemprop=\"image\" itemscope=\"itemscope\" itemtype=\"https:\/\/schema.org\/ImageObject\"  ><div class='avia-image-container-inner'><div class='avia-image-overlay-wrap'><img decoding=\"async\" class='wp-image-30195 avia-img-lazy-loading-not-30195 avia_image' src=\"https:\/\/radiorevelacionfm.cl\/wp-content\/uploads\/2023\/04\/Diputada-Marcia-Raphael-1-1.jpeg\" alt='' title='Diputada Marcia Raphael (1) (1)' height=\"600\" width=\"900\"  itemprop=\"thumbnailUrl\" srcset=\"https:\/\/radiorevelacionfm.cl\/wp-content\/uploads\/2023\/04\/Diputada-Marcia-Raphael-1-1.jpeg 900w, https:\/\/radiorevelacionfm.cl\/wp-content\/uploads\/2023\/04\/Diputada-Marcia-Raphael-1-1-300x200.jpeg 300w, https:\/\/radiorevelacionfm.cl\/wp-content\/uploads\/2023\/04\/Diputada-Marcia-Raphael-1-1-768x512.jpeg 768w, https:\/\/radiorevelacionfm.cl\/wp-content\/uploads\/2023\/04\/Diputada-Marcia-Raphael-1-1-705x470.jpeg 705w, https:\/\/radiorevelacionfm.cl\/wp-content\/uploads\/2023\/04\/Diputada-Marcia-Raphael-1-1-450x300.jpeg 450w, https:\/\/radiorevelacionfm.cl\/wp-content\/uploads\/2023\/04\/Diputada-Marcia-Raphael-1-1-600x400.jpeg 600w\" sizes=\"(max-width: 900px) 100vw, 900px\" \/><\/div><\/div><\/div><\/div><div class=\"flex_column av_one_full  flex_column_div av-zero-column-padding first  avia-builder-el-2  el_after_av_one_full  el_before_av_one_full  column-top-margin\" style='border-radius:0px; '><section class=\"av_textblock_section \"  itemscope=\"itemscope\" itemtype=\"https:\/\/schema.org\/BlogPosting\" itemprop=\"blogPost\" ><div class='avia_textblock  '   itemprop=\"text\" ><p style=\"text-align: center;\"><span style=\"font-size: 18pt;\"><strong>Tras lento cumplimiento del compromiso presidencial de pavimentaci\u00f3n de Carretera Austral: Diputada Raphael cit\u00f3 al director de vialidad de la regi\u00f3n<\/strong><\/span><\/p>\n<div id=\"gtx-trans\" style=\"position: absolute; left: -50px; top: 4.31534px;\">\n<div class=\"gtx-trans-icon\"><\/div>\n<\/div>\n<\/div><\/section><\/div><div class=\"flex_column av_one_full  flex_column_div av-zero-column-padding first  avia-builder-el-4  el_after_av_one_full  el_before_av_hr  column-top-margin\" style='border-radius:0px; '><section class=\"av_textblock_section \"  itemscope=\"itemscope\" itemtype=\"https:\/\/schema.org\/BlogPosting\" itemprop=\"blogPost\" ><div class='avia_textblock  '   itemprop=\"text\" ><p style=\"text-align: justify;\">La diputada por la Regi\u00f3n de Ays\u00e9n y Presidenta de la Comisi\u00f3n de Zonas extremas de la C\u00e1mara de Diputados Marcia Raphael cit\u00f3 al Director de Vialidad Sr. Renzo Sanders, para que d\u00e9 cuenta sobre el bajo cumplimiento que ha tenido la promesa del Presidente Gabriel Boric, de pavimentar durante su mandato 140 kil\u00f3metros de la Carretera Austral.<\/p>\n<p style=\"text-align: justify;\">Para la legisladora existe una lentitud en dicho compromiso, ya que a dos a\u00f1os de dicho anuncio y seg\u00fan las cifras expuestas en la Comisi\u00f3n, se han pavimentado apenas 20.1 kil\u00f3metros, lo que deja al gobierno muy lejos de la cifra comprometida al 11 de marzo de 2026, fecha de t\u00e9rmino del Gobierno de tener 140 kil\u00f3metros terminados y pavimentados.<\/p>\n<p style=\"text-align: justify;\">\u201cLa Carretera Austral es la ruta principal de nuestra regi\u00f3n y sigue teniendo m\u00e1s del 50% sin pavimentar, afectando enormemente el desarrollo y desplazamientos de los vecinos del sector sur de nuestra regi\u00f3n, dejando a las comunas de Tortel, Cochrane, Villa O&#8217;Higgins totalmente rezagadas. Los que somos de aqu\u00ed hemos vivido eternamente el abandono del Estado\u201d se\u00f1al\u00f3 Raphael.<\/p>\n<p style=\"text-align: justify;\">Pese a la importancia que tienen las obras p\u00fablicas para la regi\u00f3n, lamentablemente \u201cen este gobierno hemos visto varias licitaciones desiertas, licitaciones que se caen por estar subvaloradas, problemas en la ejecuci\u00f3n de obras, lo que significa retrasos en la proyecci\u00f3n de distintas iniciativas que son muy importantes para nuestra regi\u00f3n.\u00a0 El director entreg\u00f3 en su presentaci\u00f3n la calendarizaci\u00f3n de tramos por licitar y en adjudicaci\u00f3n, sin embargo, no existe ninguna obra en ejecuci\u00f3n en el d\u00eda de hoy, lo que demuestra el retraso en las obras comprometidas.<\/p>\n<p style=\"text-align: justify;\">Seg\u00fan la legisladora, el anuncio del Presidente Boric de pavimentar 140 kil\u00f3metros, hizo mucha ilusi\u00f3n en la ciudadan\u00eda, ya que permitir\u00eda mejorar enormemente la calidad de vida de los ayseninos que permanentemente se desplazan en dicha ruta.<\/p>\n<p style=\"text-align: justify;\">\u201cAc\u00e1 existe un compromiso presidencial de pavimentar 140 kil\u00f3metros de ruta que la verdad es imposible de cumplir, ya que queda un a\u00f1o de gobierno. El director nos present\u00f3 una hoja de ruta, de cu\u00e1les son los pr\u00f3ximos trazados a pavimentar. Estaremos atentos y fiscalizando su cumplimiento\u201d, se\u00f1al\u00f3 Raphael.<\/p>\n<\/div><\/section><\/div><div  style='height:50px' class='hr hr-invisible   avia-builder-el-6  el_after_av_one_full  el_before_av_social_share '><span class='hr-inner ' ><span class='hr-inner-style'><\/span><\/span><\/div><\/p>\n<div  class='av-social-sharing-box  avia-builder-el-7  el_after_av_hr  el_before_av_hr  '><div class='av-share-box'><h5 class='av-share-link-description av-no-toc '>Compartir esta noticia<\/h5><ul class='av-share-box-list noLightbox'><li class='av-share-link av-social-link-facebook' ><a target=\"_blank\" aria-label=\"Compartir en Facebook\" href='https:\/\/www.facebook.com\/sharer.php?u=https:\/\/radiorevelacionfm.cl\/?p=48965&#038;t=Tras%20lento%20cumplimiento%20del%20compromiso%20presidencial%20de%20pavimentaci%C3%B3n%20de%20Carretera%20Austral%3A%20Diputada%20Raphael%20cit%C3%B3%20al%20director%20de%20vialidad%20de%20la%20regi%C3%B3n' aria-hidden='false' data-av_icon='\ue8f3' data-av_iconfont='entypo-fontello' title='' data-avia-related-tooltip='Compartir en Facebook' rel=\"noopener\"><span class='avia_hidden_link_text'>Compartir en Facebook<\/span><\/a><\/li><li class='av-share-link av-social-link-twitter' ><a target=\"_blank\" aria-label=\"Compartir en Twitter\" href='https:\/\/twitter.com\/share?text=Tras%20lento%20cumplimiento%20del%20compromiso%20presidencial%20de%20pavimentaci%C3%B3n%20de%20Carretera%20Austral%3A%20Diputada%20Raphael%20cit%C3%B3%20al%20director%20de%20vialidad%20de%20la%20regi%C3%B3n&#038;url=https:\/\/radiorevelacionfm.cl\/?p=48965' aria-hidden='false' data-av_icon='\ue8f1' data-av_iconfont='entypo-fontello' title='' data-avia-related-tooltip='Compartir en Twitter' rel=\"noopener\"><span class='avia_hidden_link_text'>Compartir en Twitter<\/span><\/a><\/li><li class='av-share-link av-social-link-whatsapp' ><a target=\"_blank\" aria-label=\"Compartir en Whatsapp\" href='https:\/\/api.whatsapp.com\/send?text=https:\/\/radiorevelacionfm.cl\/?p=48965' aria-hidden='false' data-av_icon='\uf232' data-av_iconfont='entypo-fontello' title='' data-avia-related-tooltip='Compartir en Whatsapp' rel=\"noopener\"><span class='avia_hidden_link_text'>Compartir en Whatsapp<\/span><\/a><\/li><li class='av-share-link av-social-link-linkedin' ><a target=\"_blank\" aria-label=\"Compartir en LinkedIn\" href='https:\/\/linkedin.com\/shareArticle?mini=true&#038;title=Tras%20lento%20cumplimiento%20del%20compromiso%20presidencial%20de%20pavimentaci%C3%B3n%20de%20Carretera%20Austral%3A%20Diputada%20Raphael%20cit%C3%B3%20al%20director%20de%20vialidad%20de%20la%20regi%C3%B3n&#038;url=https:\/\/radiorevelacionfm.cl\/?p=48965' aria-hidden='false' data-av_icon='\ue8fc' data-av_iconfont='entypo-fontello' title='' data-avia-related-tooltip='Compartir en LinkedIn' rel=\"noopener\"><span class='avia_hidden_link_text'>Compartir en LinkedIn<\/span><\/a><\/li><li class='av-share-link av-social-link-mail' ><a  aria-label=\"Compartir por correo\" href='mailto:?subject=Tras%20lento%20cumplimiento%20del%20compromiso%20presidencial%20de%20pavimentaci%C3%B3n%20de%20Carretera%20Austral%3A%20Diputada%20Raphael%20cit%C3%B3%20al%20director%20de%20vialidad%20de%20la%20regi%C3%B3n&#038;body=https:\/\/radiorevelacionfm.cl\/?p=48965' aria-hidden='false' data-av_icon='\ue805' data-av_iconfont='entypo-fontello' title='' data-avia-related-tooltip='Compartir por correo'><span class='avia_hidden_link_text'>Compartir por correo<\/span><\/a><\/li><\/ul><\/div><\/div>\n<div  style='height:50px' class='hr hr-invisible   avia-builder-el-8  el_after_av_social_share  el_before_av_comments_list '><span class='hr-inner ' ><span class='hr-inner-style'><\/span><\/span><\/div>\n<div  class='av-buildercomment  av-blog-meta-html-info-disabled av-blog-meta-tag-disabled  '><\/div>\n","protected":false},"excerpt":{"rendered":"","protected":false},"author":1,"featured_media":30195,"comment_status":"open","ping_status":"open","sticky":false,"template":"","format":"standard","meta":{"footnotes":""},"categories":[35],"tags":[],"class_list":["post-48965","post","type-post","status-publish","format-standard","has-post-thumbnail","hentry","category-politica"],"jetpack_featured_media_url":"https:\/\/radiorevelacionfm.cl\/wp-content\/uploads\/2023\/04\/Diputada-Marcia-Raphael-1-1.jpeg","_links":{"self":[{"href":"https:\/\/radiorevelacionfm.cl\/index.php?rest_route=\/wp\/v2\/posts\/48965","targetHints":{"allow":["GET"]}}],"collection":[{"href":"https:\/\/radiorevelacionfm.cl\/index.php?rest_route=\/wp\/v2\/posts"}],"about":[{"href":"https:\/\/radiorevelacionfm.cl\/index.php?rest_route=\/wp\/v2\/types\/post"}],"author":[{"embeddable":true,"href":"https:\/\/radiorevelacionfm.cl\/index.php?rest_route=\/wp\/v2\/users\/1"}],"replies":[{"embeddable":true,"href":"https:\/\/radiorevelacionfm.cl\/index.php?rest_route=%2Fwp%2Fv2%2Fcomments&post=48965"}],"version-history":[{"count":1,"href":"https:\/\/radiorevelacionfm.cl\/index.php?rest_route=\/wp\/v2\/posts\/48965\/revisions"}],"predecessor-version":[{"id":48966,"href":"https:\/\/radiorevelacionfm.cl\/index.php?rest_route=\/wp\/v2\/posts\/48965\/revisions\/48966"}],"wp:featuredmedia":[{"embeddable":true,"href":"https:\/\/radiorevelacionfm.cl\/index.php?rest_route=\/wp\/v2\/media\/30195"}],"wp:attachment":[{"href":"https:\/\/radiorevelacionfm.cl\/index.php?rest_route=%2Fwp%2Fv2%2Fmedia&parent=48965"}],"wp:term":[{"taxonomy":"category","embeddable":true,"href":"https:\/\/radiorevelacionfm.cl\/index.php?rest_route=%2Fwp%2Fv2%2Fcategories&post=48965"},{"taxonomy":"post_tag","embeddable":true,"href":"https:\/\/radiorevelacionfm.cl\/index.php?rest_route=%2Fwp%2Fv2%2Ftags&post=48965"}],"curies":[{"name":"wp","href":"https:\/\/api.w.org\/{rel}","templated":true}]}}