{"id":48952,"date":"2024-12-17T14:51:54","date_gmt":"2024-12-17T17:51:54","guid":{"rendered":"https:\/\/radiorevelacionfm.cl\/?p=48952"},"modified":"2024-12-17T14:51:54","modified_gmt":"2024-12-17T17:51:54","slug":"comenzo-el-pago-de-las-compensaciones-por-colusion-de-los-pollos-que-beneficiara-a-956-personas-vulnerables-en-la-region-de-aysen","status":"publish","type":"post","link":"https:\/\/radiorevelacionfm.cl\/?p=48952","title":{"rendered":"Comenz\u00f3 el pago de las compensaciones por colusi\u00f3n de los pollos que beneficiar\u00e1 a 956 personas vulnerables en la Regi\u00f3n de Ays\u00e9n"},"content":{"rendered":"<div class=\"flex_column av_one_full  flex_column_div av-zero-column-padding first  avia-builder-el-0  el_before_av_one_full  avia-builder-el-first  \" style='border-radius:0px; '><div  class='avia-image-container  av-styling-    avia-builder-el-1  avia-builder-el-no-sibling  avia-align-center '  itemprop=\"image\" itemscope=\"itemscope\" itemtype=\"https:\/\/schema.org\/ImageObject\"  ><div class='avia-image-container-inner'><div class='avia-image-overlay-wrap'><img decoding=\"async\" class='wp-image-48953 avia-img-lazy-loading-not-48953 avia_image' src=\"https:\/\/radiorevelacionfm.cl\/wp-content\/uploads\/2024\/12\/sernac-ips-1_optimized-1.jpg\" alt='' title='sernac-ips-(1)_optimized (1)' height=\"600\" width=\"854\"  itemprop=\"thumbnailUrl\" srcset=\"https:\/\/radiorevelacionfm.cl\/wp-content\/uploads\/2024\/12\/sernac-ips-1_optimized-1.jpg 854w, https:\/\/radiorevelacionfm.cl\/wp-content\/uploads\/2024\/12\/sernac-ips-1_optimized-1-300x211.jpg 300w, https:\/\/radiorevelacionfm.cl\/wp-content\/uploads\/2024\/12\/sernac-ips-1_optimized-1-768x540.jpg 768w, https:\/\/radiorevelacionfm.cl\/wp-content\/uploads\/2024\/12\/sernac-ips-1_optimized-1-705x495.jpg 705w, https:\/\/radiorevelacionfm.cl\/wp-content\/uploads\/2024\/12\/sernac-ips-1_optimized-1-450x316.jpg 450w, https:\/\/radiorevelacionfm.cl\/wp-content\/uploads\/2024\/12\/sernac-ips-1_optimized-1-600x422.jpg 600w\" sizes=\"(max-width: 854px) 100vw, 854px\" \/><\/div><\/div><\/div><\/div><div class=\"flex_column av_one_full  flex_column_div av-zero-column-padding first  avia-builder-el-2  el_after_av_one_full  el_before_av_one_full  column-top-margin\" style='border-radius:0px; '><section class=\"av_textblock_section \"  itemscope=\"itemscope\" itemtype=\"https:\/\/schema.org\/BlogPosting\" itemprop=\"blogPost\" ><div class='avia_textblock  '   itemprop=\"text\" ><p style=\"text-align: center;\"><strong><span style=\"font-size: 18pt;\">Comenz\u00f3 el pago de las compensaciones por colusi\u00f3n de los pollos que beneficiar\u00e1 a 956 personas vulnerables en la Regi\u00f3n de Ays\u00e9n<\/span><\/strong><\/p>\n<div id=\"gtx-trans\" style=\"position: absolute; left: -50px; top: 4.31534px;\">\n<div class=\"gtx-trans-icon\"><\/div>\n<\/div>\n<\/div><\/section><\/div><div class=\"flex_column av_one_full  flex_column_div av-zero-column-padding first  avia-builder-el-4  el_after_av_one_full  el_before_av_hr  column-top-margin\" style='border-radius:0px; '><section class=\"av_textblock_section \"  itemscope=\"itemscope\" itemtype=\"https:\/\/schema.org\/BlogPosting\" itemprop=\"blogPost\" ><div class='avia_textblock  '   itemprop=\"text\" ><ul>\n<li style=\"text-align: justify;\"><em>Este pago se enmarca en un acuerdo judicial alcanzado entre SERNAC, Conadecus y la empresa SMU, tras una demanda colectiva por la colusi\u00f3n ocurrida entre los a\u00f1os 2008 y 2011.<\/em><\/li>\n<li style=\"text-align: justify;\"><em>Este proceso compensatorio beneficiar\u00e1 a quienes reciben la Pensi\u00f3n B\u00e1sica Solidaria de Invalidez que entrega el Instituto de Previsi\u00f3n Social.<\/em><\/li>\n<li style=\"text-align: justify;\"><em>Este acuerdo conciliatorio s\u00f3lo considera a la empresa SMU, por lo que las acciones judiciales presentadas por este mismo tema en contra de Cencosud y Walmart siguen su tramitaci\u00f3n en los tribunales de justicia.<\/em><\/li>\n<\/ul>\n<p style=\"text-align: justify;\">La primera semana de diciembre comenz\u00f3 <strong>el pago de la compensaci\u00f3n de $13.722<\/strong> que beneficiar\u00e1 en todo el pa\u00eds a un universo de poco m\u00e1s de 191 mil personas en todo el pa\u00eds, y en la <strong>regi\u00f3n de Ays\u00e9n a 956 personas<\/strong>, que reciben la <strong>Pensi\u00f3n B\u00e1sica Solidaria de Invalidez<\/strong>, proceso que se enmarca en un acuerdo judicial alcanzado por SERNAC, Conadecus y la cadena de Supermercados SMU tras una demanda colectiva por la colusi\u00f3n de los pollos.<\/p>\n<p style=\"text-align: justify;\">El anuncio en la regi\u00f3n fue realizado por la Directora Regional del SERNAC, Sandra Espinoza Tordecilla, y por el Director Regional del Instituto de Previsi\u00f3n Social (IPS), Rodrigo D\u00edaz Cordaro.<\/p>\n<p style=\"text-align: justify;\">Este proceso, que se <strong>extender\u00e1 durante todo el mes de diciembre<\/strong>, ser\u00e1 realizado en <strong>forma autom\u00e1tica<\/strong> a trav\u00e9s del <strong>pago de pensiones que realiza regularmente el IPS-ChileAtiende<\/strong> a las personas que reciben regularmente la <strong>Pensi\u00f3n B\u00e1sica Solidaria de Invalidez<\/strong>. Es decir, junto al pago de la pensi\u00f3n recibir\u00e1n durante este mes un monto extra de $13.722.<\/p>\n<p style=\"text-align: justify;\">Las fechas de pago se distribuyen entre el 3 y el 23 de diciembre, aunque <strong>la mayor parte de los beneficiarios recibir\u00e1n el pago entre el 18 y el 20 de diciembre<\/strong>.<\/p>\n<p style=\"text-align: justify;\">La directora regional del SERNAC, Sandra Espinoza, se\u00f1al\u00f3 que se trata de una muy buena noticia para un universo relevante de personas vulnerables, cuyo pago se har\u00e1 efectivo adem\u00e1s en un mes de alto gasto para las familias chilenas.<\/p>\n<p style=\"text-align: justify;\">\u201cComo SERNAC valoramos este acuerdo, que permitir\u00e1 que un universo importante de personas vulnerables, en nuestra regi\u00f3n 956 personas, reciban finalmente una compensaci\u00f3n por un acto de colusi\u00f3n del mercado del pollo, y que afect\u00f3 gravemente la fe p\u00fablica y el bolsillo de miles de consumidores en su momento\u201d, recalc\u00f3 la autoridad.<\/p>\n<p style=\"text-align: justify;\">Por su parte, el director regional del Instituto de Previsi\u00f3n Social (IPS), Rodrigo D\u00edaz Cordaro, explic\u00f3 que actualmente el organismo mantiene un convenio con SERNAC, agregando que siempre est\u00e1n trabajando colaborativamente en distintas materias que sean de inter\u00e9s de los beneficiarios.<\/p>\n<p style=\"text-align: justify;\">\u201cDentro de esto, nos corresponde pagar a los beneficiarios de la Pensi\u00f3n B\u00e1sica Solidaria de Invalidez el beneficio de los $13.722 pesos que corresponden al pago de la compensaci\u00f3n de la colusi\u00f3n de la carne de pollo. Esto se va a pagar de manera autom\u00e1tica. Los beneficiarios no tienen que hacer absolutamente nada, y en la liquidaci\u00f3n va a venir este \u00edtem agregado: \u201cPago convenio colusi\u00f3n carne de pollo $13.722\u201d para todos los beneficiarios de la Pensi\u00f3n B\u00e1sica Solidaria de Invalidez\u201d, indic\u00f3 D\u00edaz Cordaro.<\/p>\n<p style=\"text-align: justify;\">El acuerdo, al que se sum\u00f3 Conadecus, fue aprobado por el Tribunal de Defensa de la Libre Competencia en noviembre de 2023, y cuyo pago se concreta ahora luego de realizarse todas las gestiones administrativas que demandan este tipo de procesos.<\/p>\n<p style=\"text-align: justify;\">La conciliaci\u00f3n alcanzada estableci\u00f3 una serie de compromisos, entre ellos, que la cadena de supermercados SMU, pagara una compensaci\u00f3n de 3.438 Unidades Tributarias Anuales (UTA), esto es, alrededor de 2 mil 600 millones de pesos.<\/p>\n<p style=\"text-align: justify;\">En su momento las partes involucradas<strong> acordaron beneficiar con la compensaci\u00f3n a las personas que reciben la Pensi\u00f3n B\u00e1sica Solidaria de Invalidez<\/strong>, que <strong>representa un grupo de consumidores hipervulnerables<\/strong>.<\/p>\n<p style=\"text-align: justify;\">Este acuerdo conciliatorio s\u00f3lo considera a la empresa SMU, por lo que las acciones judiciales presentadas por este mismo tema en contra de Cencosud y Walmart siguen su tramitaci\u00f3n en los tribunales de justicia.<\/p>\n<p style=\"text-align: justify;\">El monto de la compensaci\u00f3n que se suma al aguinaldo de Navidad para pensionados IPS, se trata de un monto de dinero que recibir\u00e1n autom\u00e1ticamente con la pensi\u00f3n de diciembre si cumplen con los requisitos como persona beneficiaria, entre ellos, recibir la Pensi\u00f3n Garantizada Universal (PGU) o B\u00e1sica Solidaria de Invalidez (PBSI) del Instituto de Previsi\u00f3n Social (IPS); de las ex cajas de previsi\u00f3n o ex Servicio de Seguro Social; por accidente del trabajo (Ley N\u00b0 16.744), a cargo del Instituto de Seguridad Laboral (ISL). Para conocer m\u00e1s del aguinaldo de Navidad visite el sitio web <a href=\"http:\/\/www.ips.gob.cl\">www.ips.gob.cl<\/a>.<\/p>\n<p style=\"text-align: justify;\"><strong>Contexto del caso<\/strong><\/p>\n<p style=\"text-align: justify;\">En abril del a\u00f1o 2020, la Corte Suprema, tras ratificar el fallo del TDLC, conden\u00f3 a las cadenas de supermercados Cencosud, Walmart y SMU por haberse coludido en la venta del pollo fresco entre los a\u00f1os 2008 y 2011 para fijar precios m\u00ednimos de venta de la carne de pollo, incrementando el monto de las multas a 21 millones de d\u00f3lares, casi el doble de lo que hab\u00eda indicado el fallo emitido por el tribunal econ\u00f3mico.<\/p>\n<p style=\"text-align: justify;\">En el caso de la cadena de supermercados Cencosud, el M\u00e1ximo Tribunal le aplic\u00f3 una multa a beneficio fiscal de cerca de US$8,2 millones; en el caso de Walmart, la sanci\u00f3n alcanz\u00f3 los US$7,9 millones; y SMU, US$4,9 millones.<\/p>\n<p style=\"text-align: justify;\">En agosto del a\u00f1o 2021<strong>, el SERNAC demand\u00f3 colectivamente ante el Tribunal de Libre Competencia <\/strong>a SMU y a Waltmart, con el prop\u00f3sito que dichas compa\u00f1\u00edas compensaran a los consumidores afectados por la colusi\u00f3n de precios en ventas de carne de pollo. En diciembre del a\u00f1o anterior el Servicio hab\u00eda hecho lo propio con Cencosud.<\/p>\n<p style=\"text-align: justify;\"><strong>\u00a0<\/strong><\/p>\n<\/div><\/section><\/div><div  style='height:50px' class='hr hr-invisible   avia-builder-el-6  el_after_av_one_full  el_before_av_social_share '><span class='hr-inner ' ><span class='hr-inner-style'><\/span><\/span><\/div><\/p>\n<div  class='av-social-sharing-box  avia-builder-el-7  el_after_av_hr  el_before_av_hr  '><div class='av-share-box'><h5 class='av-share-link-description av-no-toc '>Compartir esta noticia<\/h5><ul class='av-share-box-list noLightbox'><li class='av-share-link av-social-link-facebook' ><a target=\"_blank\" aria-label=\"Compartir en Facebook\" href='https:\/\/www.facebook.com\/sharer.php?u=https:\/\/radiorevelacionfm.cl\/?p=48952&#038;t=Comenz%C3%B3%20el%20pago%20de%20las%20compensaciones%20por%20colusi%C3%B3n%20de%20los%20pollos%20que%20beneficiar%C3%A1%20a%20956%20personas%20vulnerables%20en%20la%20Regi%C3%B3n%20de%20Ays%C3%A9n' aria-hidden='false' data-av_icon='\ue8f3' data-av_iconfont='entypo-fontello' title='' data-avia-related-tooltip='Compartir en Facebook' rel=\"noopener\"><span class='avia_hidden_link_text'>Compartir en Facebook<\/span><\/a><\/li><li class='av-share-link av-social-link-twitter' ><a target=\"_blank\" aria-label=\"Compartir en Twitter\" href='https:\/\/twitter.com\/share?text=Comenz%C3%B3%20el%20pago%20de%20las%20compensaciones%20por%20colusi%C3%B3n%20de%20los%20pollos%20que%20beneficiar%C3%A1%20a%20956%20personas%20vulnerables%20en%20la%20Regi%C3%B3n%20de%20Ays%C3%A9n&#038;url=https:\/\/radiorevelacionfm.cl\/?p=48952' aria-hidden='false' data-av_icon='\ue8f1' data-av_iconfont='entypo-fontello' title='' data-avia-related-tooltip='Compartir en Twitter' rel=\"noopener\"><span class='avia_hidden_link_text'>Compartir en Twitter<\/span><\/a><\/li><li class='av-share-link av-social-link-whatsapp' ><a target=\"_blank\" aria-label=\"Compartir en Whatsapp\" href='https:\/\/api.whatsapp.com\/send?text=https:\/\/radiorevelacionfm.cl\/?p=48952' aria-hidden='false' data-av_icon='\uf232' data-av_iconfont='entypo-fontello' title='' data-avia-related-tooltip='Compartir en Whatsapp' rel=\"noopener\"><span class='avia_hidden_link_text'>Compartir en Whatsapp<\/span><\/a><\/li><li class='av-share-link av-social-link-linkedin' ><a target=\"_blank\" aria-label=\"Compartir en LinkedIn\" href='https:\/\/linkedin.com\/shareArticle?mini=true&#038;title=Comenz%C3%B3%20el%20pago%20de%20las%20compensaciones%20por%20colusi%C3%B3n%20de%20los%20pollos%20que%20beneficiar%C3%A1%20a%20956%20personas%20vulnerables%20en%20la%20Regi%C3%B3n%20de%20Ays%C3%A9n&#038;url=https:\/\/radiorevelacionfm.cl\/?p=48952' aria-hidden='false' data-av_icon='\ue8fc' data-av_iconfont='entypo-fontello' title='' data-avia-related-tooltip='Compartir en LinkedIn' rel=\"noopener\"><span class='avia_hidden_link_text'>Compartir en LinkedIn<\/span><\/a><\/li><li class='av-share-link av-social-link-mail' ><a  aria-label=\"Compartir por correo\" href='mailto:?subject=Comenz%C3%B3%20el%20pago%20de%20las%20compensaciones%20por%20colusi%C3%B3n%20de%20los%20pollos%20que%20beneficiar%C3%A1%20a%20956%20personas%20vulnerables%20en%20la%20Regi%C3%B3n%20de%20Ays%C3%A9n&#038;body=https:\/\/radiorevelacionfm.cl\/?p=48952' aria-hidden='false' data-av_icon='\ue805' data-av_iconfont='entypo-fontello' title='' data-avia-related-tooltip='Compartir por correo'><span class='avia_hidden_link_text'>Compartir por correo<\/span><\/a><\/li><\/ul><\/div><\/div>\n<div  style='height:50px' class='hr hr-invisible   avia-builder-el-8  el_after_av_social_share  el_before_av_comments_list '><span class='hr-inner ' ><span class='hr-inner-style'><\/span><\/span><\/div>\n<div  class='av-buildercomment  av-blog-meta-html-info-disabled av-blog-meta-tag-disabled  '><\/div>\n","protected":false},"excerpt":{"rendered":"","protected":false},"author":1,"featured_media":48953,"comment_status":"open","ping_status":"open","sticky":false,"template":"","format":"standard","meta":{"footnotes":""},"categories":[38],"tags":[],"class_list":["post-48952","post","type-post","status-publish","format-standard","has-post-thumbnail","hentry","category-regional"],"jetpack_featured_media_url":"https:\/\/radiorevelacionfm.cl\/wp-content\/uploads\/2024\/12\/sernac-ips-1_optimized-1.jpg","_links":{"self":[{"href":"https:\/\/radiorevelacionfm.cl\/index.php?rest_route=\/wp\/v2\/posts\/48952","targetHints":{"allow":["GET"]}}],"collection":[{"href":"https:\/\/radiorevelacionfm.cl\/index.php?rest_route=\/wp\/v2\/posts"}],"about":[{"href":"https:\/\/radiorevelacionfm.cl\/index.php?rest_route=\/wp\/v2\/types\/post"}],"author":[{"embeddable":true,"href":"https:\/\/radiorevelacionfm.cl\/index.php?rest_route=\/wp\/v2\/users\/1"}],"replies":[{"embeddable":true,"href":"https:\/\/radiorevelacionfm.cl\/index.php?rest_route=%2Fwp%2Fv2%2Fcomments&post=48952"}],"version-history":[{"count":1,"href":"https:\/\/radiorevelacionfm.cl\/index.php?rest_route=\/wp\/v2\/posts\/48952\/revisions"}],"predecessor-version":[{"id":48954,"href":"https:\/\/radiorevelacionfm.cl\/index.php?rest_route=\/wp\/v2\/posts\/48952\/revisions\/48954"}],"wp:featuredmedia":[{"embeddable":true,"href":"https:\/\/radiorevelacionfm.cl\/index.php?rest_route=\/wp\/v2\/media\/48953"}],"wp:attachment":[{"href":"https:\/\/radiorevelacionfm.cl\/index.php?rest_route=%2Fwp%2Fv2%2Fmedia&parent=48952"}],"wp:term":[{"taxonomy":"category","embeddable":true,"href":"https:\/\/radiorevelacionfm.cl\/index.php?rest_route=%2Fwp%2Fv2%2Fcategories&post=48952"},{"taxonomy":"post_tag","embeddable":true,"href":"https:\/\/radiorevelacionfm.cl\/index.php?rest_route=%2Fwp%2Fv2%2Ftags&post=48952"}],"curies":[{"name":"wp","href":"https:\/\/api.w.org\/{rel}","templated":true}]}}