{"id":4895,"date":"2021-06-04T12:50:42","date_gmt":"2021-06-04T15:50:42","guid":{"rendered":"https:\/\/radiorevelacionfm.cl\/?p=4895"},"modified":"2021-06-04T12:50:42","modified_gmt":"2021-06-04T15:50:42","slug":"cchc-y-camara-de-comercio-de-coyhaique-firman-convenio-para-impulsar-desarrollo-regional","status":"publish","type":"post","link":"https:\/\/radiorevelacionfm.cl\/?p=4895","title":{"rendered":"CChC y C\u00e1mara de Comercio de Coyhaique firman convenio para impulsar desarrollo regional"},"content":{"rendered":"<div class=\"flex_column av_one_full  flex_column_div av-zero-column-padding first  avia-builder-el-0  el_before_av_one_full  avia-builder-el-first  \" style='border-radius:0px; '><div  class='avia-image-container  av-styling-    avia-builder-el-1  avia-builder-el-no-sibling  avia-align-center '  itemprop=\"image\" itemscope=\"itemscope\" itemtype=\"https:\/\/schema.org\/ImageObject\"  ><div class='avia-image-container-inner'><div class='avia-image-overlay-wrap'><img decoding=\"async\" class='wp-image-4896 avia-img-lazy-loading-not-4896 avia_image' src=\"https:\/\/radiorevelacionfm.cl\/wp-content\/uploads\/2021\/06\/Fotografia-presidentes-CChC-y-Camara-de-Comercio-1-1.jpg\" alt='' title='Fotograf\u00eda presidentes CChC y C\u00e1mara de Comercio (1) (1)' height=\"600\" width=\"1655\"  itemprop=\"thumbnailUrl\" srcset=\"https:\/\/radiorevelacionfm.cl\/wp-content\/uploads\/2021\/06\/Fotografia-presidentes-CChC-y-Camara-de-Comercio-1-1.jpg 1655w, https:\/\/radiorevelacionfm.cl\/wp-content\/uploads\/2021\/06\/Fotografia-presidentes-CChC-y-Camara-de-Comercio-1-1-300x109.jpg 300w, https:\/\/radiorevelacionfm.cl\/wp-content\/uploads\/2021\/06\/Fotografia-presidentes-CChC-y-Camara-de-Comercio-1-1-1030x373.jpg 1030w, https:\/\/radiorevelacionfm.cl\/wp-content\/uploads\/2021\/06\/Fotografia-presidentes-CChC-y-Camara-de-Comercio-1-1-768x278.jpg 768w, https:\/\/radiorevelacionfm.cl\/wp-content\/uploads\/2021\/06\/Fotografia-presidentes-CChC-y-Camara-de-Comercio-1-1-1536x557.jpg 1536w, https:\/\/radiorevelacionfm.cl\/wp-content\/uploads\/2021\/06\/Fotografia-presidentes-CChC-y-Camara-de-Comercio-1-1-1500x544.jpg 1500w, https:\/\/radiorevelacionfm.cl\/wp-content\/uploads\/2021\/06\/Fotografia-presidentes-CChC-y-Camara-de-Comercio-1-1-705x256.jpg 705w, https:\/\/radiorevelacionfm.cl\/wp-content\/uploads\/2021\/06\/Fotografia-presidentes-CChC-y-Camara-de-Comercio-1-1-600x218.jpg 600w\" sizes=\"(max-width: 1655px) 100vw, 1655px\" \/><\/div><\/div><\/div><\/div><div class=\"flex_column av_one_full  flex_column_div av-zero-column-padding first  avia-builder-el-2  el_after_av_one_full  el_before_av_one_full  column-top-margin\" style='border-radius:0px; '><section class=\"av_textblock_section \"  itemscope=\"itemscope\" itemtype=\"https:\/\/schema.org\/BlogPosting\" itemprop=\"blogPost\" ><div class='avia_textblock  '   itemprop=\"text\" ><p style=\"text-align: center;\"><span style=\"font-size: 18pt;\"><strong>CChC y C\u00e1mara de Comercio de Coyhaique firman convenio para impulsar desarrollo regional<\/strong><\/span><\/p>\n<div id=\"gtx-trans\" style=\"position: absolute; left: -50px; top: 4.31534px;\">\n<div class=\"gtx-trans-icon\"><\/div>\n<\/div>\n<\/div><\/section><\/div><div class=\"flex_column av_one_full  flex_column_div av-zero-column-padding first  avia-builder-el-4  el_after_av_one_full  el_before_av_hr  column-top-margin\" style='border-radius:0px; '><section class=\"av_textblock_section \"  itemscope=\"itemscope\" itemtype=\"https:\/\/schema.org\/BlogPosting\" itemprop=\"blogPost\" ><div class='avia_textblock  '   itemprop=\"text\" ><p style=\"text-align: justify;\">El presidente regional de la C\u00e1mara Chilena de la Construcci\u00f3n (CChC), Manuel Suazo, junto a su par de la C\u00e1mara de Comercio, Servicios, Industria y Turismo de Coyhaique, Gerardo Guzm\u00e1n, firmaron un convenio de colaboraci\u00f3n que tiene por objetivo trabajar cinco propuestas estructurales para impulsar el desarrollo regional.<\/p>\n<p style=\"text-align: justify;\">Estas propuestas de trabajo est\u00e1n directamente relacionadas con materias como la diversificaci\u00f3n energ\u00e9tica, descontaminaci\u00f3n atmosf\u00e9rica, Conectividad, Zona Franca y Leyes de Excepci\u00f3n y, tambi\u00e9n, con revisar la situaci\u00f3n actual de las peque\u00f1as y medianas empresas que han sufrido las consecuencias financieras desde a principios del a\u00f1o pasado producto de la pandemia de coronavirus Covid-19.<\/p>\n<p style=\"text-align: justify;\">\u201cEstamos sumamente ocupados por el devenir de la regi\u00f3n de Ays\u00e9n. Por lo mismo, con esta alianza estrat\u00e9gica, que estamos materializando hoy en d\u00eda junto a la C\u00e1mara de Comercio de Coyhaique, buscamos precisamente unificar criterios y esfuerzos para encontrar las mejores soluciones en el futuro cercano en temas tan relevantes y atingentes como lo son la diversificaci\u00f3n energ\u00e9tica, descontaminaci\u00f3n, conectividad, la Zona Franca y las Leyes de Excepci\u00f3n, entre otras materias; ejes indispensables para dar el gran salto y lograr el ansiado desarrollo regional\u201d, sostuvo Manuel Suazo, timonel de la CChC Coyhaique.<\/p>\n<p style=\"text-align: justify;\">Asimismo, argument\u00f3 que \u201ceste gran paso es s\u00f3lo el principio de un trabajo colaborativo de largo aliento que pondr\u00e1 en el centro las necesidades imperiosas de la regi\u00f3n y sus habitantes\u201d.<\/p>\n<p style=\"text-align: justify;\">Sobre c\u00f3mo surgi\u00f3 esta alianza, Suazo respondi\u00f3 que \u201ca ra\u00edz de los tiempos dif\u00edciles que vivimos como sociedad el esp\u00edritu que debiese reinar es la capacidad de alcanzar acuerdos y buenos entendimientos en aras de mejorar la calidad de vida de las personas. De acuerdo a ese principio, es que decidimos actuar y concretar este convenio apuntando con fuerza en delinear una hoja de ruta en conjunto\u201d.<\/p>\n<p style=\"text-align: justify;\">Por su parte, Gerardo Guzm\u00e1n, presidente de la C\u00e1mara de Comercio, Servicios, Industria y Turismo de Coyhaique, se\u00f1al\u00f3 que \u201ccon esto buscamos una coordinaci\u00f3n entre actores relevantes de la econom\u00eda para trabajar en buscar las mejores soluciones en temas relevantes que nos competen como representantes del sector privado\u201d.<\/p>\n<p style=\"text-align: justify;\">En esa l\u00ednea, Guzm\u00e1n proyect\u00f3 que \u201cesta colaboraci\u00f3n entre la C\u00e1mara Chilena de la Construcci\u00f3n y la C\u00e1mara de Comercio de Coyhaique ser\u00e1 de gran relevancia para aunar esfuerzos y generar puntos de trabajo estrat\u00e9gicos en pro del desarrollo y crecimiento de nuestra regi\u00f3n y sus habitantes\u201d.<\/p>\n<\/div><\/section><\/div><div  style='height:50px' class='hr hr-invisible   avia-builder-el-6  el_after_av_one_full  el_before_av_social_share '><span class='hr-inner ' ><span class='hr-inner-style'><\/span><\/span><\/div><\/p>\n<div  class='av-social-sharing-box  avia-builder-el-7  el_after_av_hr  el_before_av_hr  '><div class='av-share-box'><h5 class='av-share-link-description av-no-toc '>Compartir esta noticia<\/h5><ul class='av-share-box-list noLightbox'><li class='av-share-link av-social-link-facebook' ><a target=\"_blank\" aria-label=\"Compartir en Facebook\" href='https:\/\/www.facebook.com\/sharer.php?u=https:\/\/radiorevelacionfm.cl\/?p=4895&#038;t=CChC%20y%20C%C3%A1mara%20de%20Comercio%20de%20Coyhaique%20firman%20convenio%20para%20impulsar%20desarrollo%20regional' aria-hidden='false' data-av_icon='\ue8f3' data-av_iconfont='entypo-fontello' title='' data-avia-related-tooltip='Compartir en Facebook' rel=\"noopener\"><span class='avia_hidden_link_text'>Compartir en Facebook<\/span><\/a><\/li><li class='av-share-link av-social-link-twitter' ><a target=\"_blank\" aria-label=\"Compartir en Twitter\" href='https:\/\/twitter.com\/share?text=CChC%20y%20C%C3%A1mara%20de%20Comercio%20de%20Coyhaique%20firman%20convenio%20para%20impulsar%20desarrollo%20regional&#038;url=https:\/\/radiorevelacionfm.cl\/?p=4895' aria-hidden='false' data-av_icon='\ue8f1' data-av_iconfont='entypo-fontello' title='' data-avia-related-tooltip='Compartir en Twitter' rel=\"noopener\"><span class='avia_hidden_link_text'>Compartir en Twitter<\/span><\/a><\/li><li class='av-share-link av-social-link-whatsapp' ><a target=\"_blank\" aria-label=\"Compartir en Whatsapp\" href='https:\/\/api.whatsapp.com\/send?text=https:\/\/radiorevelacionfm.cl\/?p=4895' aria-hidden='false' data-av_icon='\uf232' data-av_iconfont='entypo-fontello' title='' data-avia-related-tooltip='Compartir en Whatsapp' rel=\"noopener\"><span class='avia_hidden_link_text'>Compartir en Whatsapp<\/span><\/a><\/li><li class='av-share-link av-social-link-linkedin' ><a target=\"_blank\" aria-label=\"Compartir en LinkedIn\" href='https:\/\/linkedin.com\/shareArticle?mini=true&#038;title=CChC%20y%20C%C3%A1mara%20de%20Comercio%20de%20Coyhaique%20firman%20convenio%20para%20impulsar%20desarrollo%20regional&#038;url=https:\/\/radiorevelacionfm.cl\/?p=4895' aria-hidden='false' data-av_icon='\ue8fc' data-av_iconfont='entypo-fontello' title='' data-avia-related-tooltip='Compartir en LinkedIn' rel=\"noopener\"><span class='avia_hidden_link_text'>Compartir en LinkedIn<\/span><\/a><\/li><li class='av-share-link av-social-link-mail' ><a  aria-label=\"Compartir por correo\" href='mailto:?subject=CChC%20y%20C%C3%A1mara%20de%20Comercio%20de%20Coyhaique%20firman%20convenio%20para%20impulsar%20desarrollo%20regional&#038;body=https:\/\/radiorevelacionfm.cl\/?p=4895' aria-hidden='false' data-av_icon='\ue805' data-av_iconfont='entypo-fontello' title='' data-avia-related-tooltip='Compartir por correo'><span class='avia_hidden_link_text'>Compartir por correo<\/span><\/a><\/li><\/ul><\/div><\/div>\n<div  style='height:50px' class='hr hr-invisible   avia-builder-el-8  el_after_av_social_share  el_before_av_comments_list '><span class='hr-inner ' ><span class='hr-inner-style'><\/span><\/span><\/div>\n<div  class='av-buildercomment  av-blog-meta-html-info-disabled av-blog-meta-tag-disabled  '><\/div>\n","protected":false},"excerpt":{"rendered":"","protected":false},"author":1,"featured_media":4896,"comment_status":"open","ping_status":"open","sticky":false,"template":"","format":"standard","meta":{"footnotes":""},"categories":[38],"tags":[],"class_list":["post-4895","post","type-post","status-publish","format-standard","has-post-thumbnail","hentry","category-regional"],"jetpack_featured_media_url":"https:\/\/radiorevelacionfm.cl\/wp-content\/uploads\/2021\/06\/Fotografia-presidentes-CChC-y-Camara-de-Comercio-1-1.jpg","_links":{"self":[{"href":"https:\/\/radiorevelacionfm.cl\/index.php?rest_route=\/wp\/v2\/posts\/4895","targetHints":{"allow":["GET"]}}],"collection":[{"href":"https:\/\/radiorevelacionfm.cl\/index.php?rest_route=\/wp\/v2\/posts"}],"about":[{"href":"https:\/\/radiorevelacionfm.cl\/index.php?rest_route=\/wp\/v2\/types\/post"}],"author":[{"embeddable":true,"href":"https:\/\/radiorevelacionfm.cl\/index.php?rest_route=\/wp\/v2\/users\/1"}],"replies":[{"embeddable":true,"href":"https:\/\/radiorevelacionfm.cl\/index.php?rest_route=%2Fwp%2Fv2%2Fcomments&post=4895"}],"version-history":[{"count":1,"href":"https:\/\/radiorevelacionfm.cl\/index.php?rest_route=\/wp\/v2\/posts\/4895\/revisions"}],"predecessor-version":[{"id":4897,"href":"https:\/\/radiorevelacionfm.cl\/index.php?rest_route=\/wp\/v2\/posts\/4895\/revisions\/4897"}],"wp:featuredmedia":[{"embeddable":true,"href":"https:\/\/radiorevelacionfm.cl\/index.php?rest_route=\/wp\/v2\/media\/4896"}],"wp:attachment":[{"href":"https:\/\/radiorevelacionfm.cl\/index.php?rest_route=%2Fwp%2Fv2%2Fmedia&parent=4895"}],"wp:term":[{"taxonomy":"category","embeddable":true,"href":"https:\/\/radiorevelacionfm.cl\/index.php?rest_route=%2Fwp%2Fv2%2Fcategories&post=4895"},{"taxonomy":"post_tag","embeddable":true,"href":"https:\/\/radiorevelacionfm.cl\/index.php?rest_route=%2Fwp%2Fv2%2Ftags&post=4895"}],"curies":[{"name":"wp","href":"https:\/\/api.w.org\/{rel}","templated":true}]}}